{"id":16215,"date":"2023-05-07T21:47:01","date_gmt":"2023-05-08T00:47:01","guid":{"rendered":"https:\/\/noticiasnoface.com.br\/?p=16215"},"modified":"2023-05-07T21:47:02","modified_gmt":"2023-05-08T00:47:02","slug":"liderancas-comunitarias-recebem-comenda-porta-voz-do-povo-na-camara-de-natal","status":"publish","type":"post","link":"https:\/\/noticiasnoface.com.br\/index.php\/2023\/05\/07\/liderancas-comunitarias-recebem-comenda-porta-voz-do-povo-na-camara-de-natal\/","title":{"rendered":"Lideran\u00e7as comunit\u00e1rias recebem Comenda Porta Voz do Povo na C\u00e2mara de Natal"},"content":{"rendered":"\n<figure class=\"wp-block-image size-large\"><img data-opt-id=1903784215  fetchpriority=\"high\" decoding=\"async\" width=\"1024\" height=\"635\" src=\"https:\/\/mlbfrsat7ahr.i.optimole.com\/w:1024\/h:635\/q:mauto\/ig:avif\/https:\/\/noticiasnoface.com.br\/wp-content\/uploads\/2023\/05\/img_3608.jpg\" class=\"wp-image-16214\" srcset=\"https:\/\/mlbfrsat7ahr.i.optimole.com\/w:1024\/h:635\/q:mauto\/ig:avif\/https:\/\/noticiasnoface.com.br\/wp-content\/uploads\/2023\/05\/img_3608.jpg 1024w, https:\/\/mlbfrsat7ahr.i.optimole.com\/w:300\/h:186\/q:mauto\/ig:avif\/https:\/\/noticiasnoface.com.br\/wp-content\/uploads\/2023\/05\/img_3608.jpg 300w, https:\/\/mlbfrsat7ahr.i.optimole.com\/w:768\/h:476\/q:mauto\/ig:avif\/https:\/\/noticiasnoface.com.br\/wp-content\/uploads\/2023\/05\/img_3608.jpg 768w, https:\/\/mlbfrsat7ahr.i.optimole.com\/w:1536\/h:952\/q:mauto\/ig:avif\/https:\/\/noticiasnoface.com.br\/wp-content\/uploads\/2023\/05\/img_3608.jpg 1536w, https:\/\/mlbfrsat7ahr.i.optimole.com\/w:1600\/h:992\/q:mauto\/ig:avif\/https:\/\/noticiasnoface.com.br\/wp-content\/uploads\/2023\/05\/img_3608.jpg 1600w\" sizes=\"(max-width: 1000px) 100vw, 1000px\" \/><figcaption class=\"wp-element-caption\">Nesta quinta-feira (04), a C\u00e2mara Municipal de Natal entregou a Comenda Porta Voz do Povo, institu\u00edda na casa em 2021, por projeto de resolu\u00e7\u00e3o de autoria do vereador Milklei Leite (PV), para homenagear os l\u00edderes comunit\u00e1rios da capital.<br>\u201cFui presidente de associa\u00e7\u00e3o comunit\u00e1ria por 10 anos e participei de muitos outros \u00f3rg\u00e3os comunit\u00e1rios. Hoje estou vereador e continuo procurando aproximar o poder p\u00fablico das comunidades. Este ano, procurei homenagear l\u00edderes que foram mais atuantes na luta pela melhoria da oferta de transporte p\u00fablico em seus bairros, pois foi uma quest\u00e3o que mobilizou muito a popula\u00e7\u00e3o de Natal ultimamente\u201d, comentou o vereador propositor da sess\u00e3o solene.<br>A Comenda Porta Voz do Povo foi criada para ser outorgada em sess\u00e3o solene na CMN, sempre na primeira semana de maio, preferencialmente no dia 5, data institu\u00edda pela Lei 11.287 de 2006, para celebrar o Dia Nacional do L\u00edder Comunit\u00e1rio, personagem que representa as preocupa\u00e7\u00f5es e vontades da popula\u00e7\u00e3o perante os poderes Executivo, Legislativo e Judici\u00e1rio.<br>Para o propositor da solene na CMN, a Comenda proporciona aos vereadores de Natal a oportunidade de reconhecer, anualmente, as lideran\u00e7as comunit\u00e1rias pelos relevantes servi\u00e7os prestados, dando sustenta\u00e7\u00e3o \u00e0s atividades parlamentares e tornando poss\u00edvel uma atua\u00e7\u00e3o mais leg\u00edtima da casa. Este ano, oito vereadores indicaram 22 homenageados.<br>Entre os homenageados estava Rog\u00e9rio Teixeira, lideran\u00e7a comunit\u00e1ria no loteamento Jardim Progresso, em Nossa Senhora da Apresenta\u00e7\u00e3o, na zona Norte de Natal, h\u00e1 18 anos. Para ele, receber a Comenda \u00e9 uma forma de valoriza\u00e7\u00e3o pelas lutas di\u00e1rias. Rog\u00e9rio conta que aprendeu com o bisav\u00f4 a reivindicar os direitos de melhorias em educa\u00e7\u00e3o, sa\u00fade e infraestrutura para a comunidade. \u201c\u00c9 uma tarefa \u00e1rdua e muitas vezes incompreendida\u201d, resume. <br>Durante a solenidade, deputada estadual Eudiane Macedo representou a Assembleia Legislativa; o secret\u00e1rio adjunto do GAC, Ivanilson de Souza, o Governo do Estado, e o Jos\u00e9 Ant\u00f4nio, coordenador do Gabinete da Prefeitura de Natal, o prefeito \u00c1lvaro Dias. Completaram a mesa de autoridades, a presidente da Transcoop, Edileuza Queiroz, e Andrea Felix, representando todo movimento comunit\u00e1rio.<br><br>2\u00ba F\u00f3rum de Lideran\u00e7as Comunit\u00e1rias de Natal<br>No pr\u00f3ximo s\u00e1bado (06), o 2\u00ba F\u00f3rum de Lideran\u00e7as Comunit\u00e1rias de Natal vai abordar assuntos pertinentes \u00e0 atua\u00e7\u00e3o das associa\u00e7\u00f5es e conselhos de bairros, como seguran\u00e7a, sa\u00fade e empreendedorismo, a partir das 13h30, no Campus da Uern, na zona Norte da cidade. \u201cJ\u00e1 temos mais de 300 inscri\u00e7\u00f5es\u201d, revelou o vereador Milklei Leite.<br><br>Texto: Ilana Albuquerque<br>Fotos: Ver\u00f4nica Macedo<\/figcaption><\/figure>\n","protected":false},"excerpt":{"rendered":"","protected":false},"author":1,"featured_media":0,"comment_status":"open","ping_status":"open","sticky":false,"template":"","format":"standard","meta":{"site-sidebar-layout":"default","site-content-layout":"","ast-site-content-layout":"default","site-content-style":"default","site-sidebar-style":"default","ast-global-header-display":"","ast-banner-title-visibility":"","ast-main-header-display":"","ast-hfb-above-header-display":"","ast-hfb-below-header-display":"","ast-hfb-mobile-header-display":"","site-post-title":"","ast-breadcrumbs-content":"","ast-featured-img":"","footer-sml-layout":"","ast-disable-related-posts":"","theme-transparent-header-meta":"","adv-header-id-meta":"","stick-header-meta":"","header-above-stick-meta":"","header-main-stick-meta":"","header-below-stick-meta":"","astra-migrate-meta-layouts":"default","ast-page-background-enabled":"default","ast-page-background-meta":{"desktop":{"background-color":"var(--ast-global-color-4)","background-image":"","background-repeat":"repeat","background-position":"center center","background-size":"auto","background-attachment":"scroll","background-type":"","background-media":"","overlay-type":"","overlay-color":"","overlay-opacity":"","overlay-gradient":""},"tablet":{"background-color":"","background-image":"","background-repeat":"repeat","background-position":"center center","background-size":"auto","background-attachment":"scroll","background-type":"","background-media":"","overlay-type":"","overlay-color":"","overlay-opacity":"","overlay-gradient":""},"mobile":{"background-color":"","background-image":"","background-repeat":"repeat","background-position":"center center","background-size":"auto","background-attachment":"scroll","background-type":"","background-media":"","overlay-type":"","overlay-color":"","overlay-opacity":"","overlay-gradient":""}},"ast-content-background-meta":{"desktop":{"background-color":"var(--ast-global-color-5)","background-image":"","background-repeat":"repeat","background-position":"center center","background-size":"auto","background-attachment":"scroll","background-type":"","background-media":"","overlay-type":"","overlay-color":"","overlay-opacity":"","overlay-gradient":""},"tablet":{"background-color":"var(--ast-global-color-5)","background-image":"","background-repeat":"repeat","background-position":"center center","background-size":"auto","background-attachment":"scroll","background-type":"","background-media":"","overlay-type":"","overlay-color":"","overlay-opacity":"","overlay-gradient":""},"mobile":{"background-color":"var(--ast-global-color-5)","background-image":"","background-repeat":"repeat","background-position":"center center","background-size":"auto","background-attachment":"scroll","background-type":"","background-media":"","overlay-type":"","overlay-color":"","overlay-opacity":"","overlay-gradient":""}},"footnotes":""},"categories":[517],"tags":[],"class_list":["post-16215","post","type-post","status-publish","format-standard","hentry","category-aconteceu"],"_links":{"self":[{"href":"https:\/\/noticiasnoface.com.br\/index.php\/wp-json\/wp\/v2\/posts\/16215","targetHints":{"allow":["GET"]}}],"collection":[{"href":"https:\/\/noticiasnoface.com.br\/index.php\/wp-json\/wp\/v2\/posts"}],"about":[{"href":"https:\/\/noticiasnoface.com.br\/index.php\/wp-json\/wp\/v2\/types\/post"}],"author":[{"embeddable":true,"href":"https:\/\/noticiasnoface.com.br\/index.php\/wp-json\/wp\/v2\/users\/1"}],"replies":[{"embeddable":true,"href":"https:\/\/noticiasnoface.com.br\/index.php\/wp-json\/wp\/v2\/comments?post=16215"}],"version-history":[{"count":1,"href":"https:\/\/noticiasnoface.com.br\/index.php\/wp-json\/wp\/v2\/posts\/16215\/revisions"}],"predecessor-version":[{"id":16216,"href":"https:\/\/noticiasnoface.com.br\/index.php\/wp-json\/wp\/v2\/posts\/16215\/revisions\/16216"}],"wp:attachment":[{"href":"https:\/\/noticiasnoface.com.br\/index.php\/wp-json\/wp\/v2\/media?parent=16215"}],"wp:term":[{"taxonomy":"category","embeddable":true,"href":"https:\/\/noticiasnoface.com.br\/index.php\/wp-json\/wp\/v2\/categories?post=16215"},{"taxonomy":"post_tag","embeddable":true,"href":"https:\/\/noticiasnoface.com.br\/index.php\/wp-json\/wp\/v2\/tags?post=16215"}],"curies":[{"name":"wp","href":"https:\/\/api.w.org\/{rel}","templated":true}]}}