{"id":16218,"date":"2023-05-07T21:49:31","date_gmt":"2023-05-08T00:49:31","guid":{"rendered":"https:\/\/noticiasnoface.com.br\/?p=16218"},"modified":"2023-05-07T21:49:55","modified_gmt":"2023-05-08T00:49:55","slug":"semanacmp-confira-um-resumo-semanal-da-camara-de-parnamirim","status":"publish","type":"post","link":"https:\/\/noticiasnoface.com.br\/index.php\/2023\/05\/07\/semanacmp-confira-um-resumo-semanal-da-camara-de-parnamirim\/","title":{"rendered":"SemanaCMP: confira um resumo semanal da C\u00e2mara de Parnamirim"},"content":{"rendered":"\n<figure class=\"wp-block-image size-large\"><img data-opt-id=232102605  fetchpriority=\"high\" decoding=\"async\" width=\"1024\" height=\"549\" src=\"https:\/\/mlbfrsat7ahr.i.optimole.com\/w:1024\/h:549\/q:mauto\/ig:avif\/https:\/\/noticiasnoface.com.br\/wp-content\/uploads\/2023\/05\/img_3609.jpg\" class=\"wp-image-16217\" srcset=\"https:\/\/mlbfrsat7ahr.i.optimole.com\/w:1024\/h:549\/q:mauto\/ig:avif\/https:\/\/noticiasnoface.com.br\/wp-content\/uploads\/2023\/05\/img_3609.jpg 1024w, https:\/\/mlbfrsat7ahr.i.optimole.com\/w:300\/h:161\/q:mauto\/ig:avif\/https:\/\/noticiasnoface.com.br\/wp-content\/uploads\/2023\/05\/img_3609.jpg 300w, https:\/\/mlbfrsat7ahr.i.optimole.com\/w:768\/h:412\/q:mauto\/ig:avif\/https:\/\/noticiasnoface.com.br\/wp-content\/uploads\/2023\/05\/img_3609.jpg 768w, https:\/\/mlbfrsat7ahr.i.optimole.com\/w:1089\/h:584\/q:mauto\/ig:avif\/https:\/\/noticiasnoface.com.br\/wp-content\/uploads\/2023\/05\/img_3609.jpg 1089w\" sizes=\"(max-width: 1000px) 100vw, 1000px\" \/><figcaption class=\"wp-element-caption\">O Procon C\u00e2mara de Parnamirim encerrou o m\u00eas de abril com a marca de 263 atendimentos realizados de forma virtual, que resultaram na abertura de 76 processos no sistema Proconsumidor. O \u00f3rg\u00e3o realizou ainda 14 audi\u00eancias virtuais de concilia\u00e7\u00e3o. Para o presidente da Casa, vereador Wolney Fran\u00e7a, esses n\u00fameros mostram a import\u00e2ncia que o Procon tem para a popula\u00e7\u00e3o.<br>Por proposi\u00e7\u00e3o do mandato do vereador Gabriel C\u00e9sar e da vereadora Carol Pires, a Casa Legislativa realiza audi\u00eancia p\u00fablica, nesta sexta-feira (5), para debater a aten\u00e7\u00e3o \u00e0 educa\u00e7\u00e3o especial e pol\u00edticas p\u00fablicas para pessoas com autismo no \u00e2mbito do munic\u00edpio.<br>A C\u00e2mara de Parnamirim realizou tr\u00eas sess\u00f5es ordin\u00e1rias nesta semana, que discutiram temas de interesse da sociedade, como mobilidade urbana, valoriza\u00e7\u00e3o do servidor p\u00fablico, viol\u00eancia contra a mulher e a Marcha dos Vereadores realizada em Bras\u00edlia.<br><strong>Aprova\u00e7\u00f5es<\/strong><br>Projetos de Lei: 3<br>Reda\u00e7\u00f5es Finais: 1<br>Requerimentos Legislativos: 5<br>Mo\u00e7\u00f5es: 6 <\/figcaption><\/figure>\n","protected":false},"excerpt":{"rendered":"","protected":false},"author":1,"featured_media":0,"comment_status":"open","ping_status":"open","sticky":false,"template":"","format":"standard","meta":{"site-sidebar-layout":"default","site-content-layout":"","ast-site-content-layout":"default","site-content-style":"default","site-sidebar-style":"default","ast-global-header-display":"","ast-banner-title-visibility":"","ast-main-header-display":"","ast-hfb-above-header-display":"","ast-hfb-below-header-display":"","ast-hfb-mobile-header-display":"","site-post-title":"","ast-breadcrumbs-content":"","ast-featured-img":"","footer-sml-layout":"","ast-disable-related-posts":"","theme-transparent-header-meta":"","adv-header-id-meta":"","stick-header-meta":"","header-above-stick-meta":"","header-main-stick-meta":"","header-below-stick-meta":"","astra-migrate-meta-layouts":"default","ast-page-background-enabled":"default","ast-page-background-meta":{"desktop":{"background-color":"var(--ast-global-color-4)","background-image":"","background-repeat":"repeat","background-position":"center center","background-size":"auto","background-attachment":"scroll","background-type":"","background-media":"","overlay-type":"","overlay-color":"","overlay-opacity":"","overlay-gradient":""},"tablet":{"background-color":"","background-image":"","background-repeat":"repeat","background-position":"center center","background-size":"auto","background-attachment":"scroll","background-type":"","background-media":"","overlay-type":"","overlay-color":"","overlay-opacity":"","overlay-gradient":""},"mobile":{"background-color":"","background-image":"","background-repeat":"repeat","background-position":"center center","background-size":"auto","background-attachment":"scroll","background-type":"","background-media":"","overlay-type":"","overlay-color":"","overlay-opacity":"","overlay-gradient":""}},"ast-content-background-meta":{"desktop":{"background-color":"var(--ast-global-color-5)","background-image":"","background-repeat":"repeat","background-position":"center center","background-size":"auto","background-attachment":"scroll","background-type":"","background-media":"","overlay-type":"","overlay-color":"","overlay-opacity":"","overlay-gradient":""},"tablet":{"background-color":"var(--ast-global-color-5)","background-image":"","background-repeat":"repeat","background-position":"center center","background-size":"auto","background-attachment":"scroll","background-type":"","background-media":"","overlay-type":"","overlay-color":"","overlay-opacity":"","overlay-gradient":""},"mobile":{"background-color":"var(--ast-global-color-5)","background-image":"","background-repeat":"repeat","background-position":"center center","background-size":"auto","background-attachment":"scroll","background-type":"","background-media":"","overlay-type":"","overlay-color":"","overlay-opacity":"","overlay-gradient":""}},"footnotes":""},"categories":[517],"tags":[],"class_list":["post-16218","post","type-post","status-publish","format-standard","hentry","category-aconteceu"],"_links":{"self":[{"href":"https:\/\/noticiasnoface.com.br\/index.php\/wp-json\/wp\/v2\/posts\/16218","targetHints":{"allow":["GET"]}}],"collection":[{"href":"https:\/\/noticiasnoface.com.br\/index.php\/wp-json\/wp\/v2\/posts"}],"about":[{"href":"https:\/\/noticiasnoface.com.br\/index.php\/wp-json\/wp\/v2\/types\/post"}],"author":[{"embeddable":true,"href":"https:\/\/noticiasnoface.com.br\/index.php\/wp-json\/wp\/v2\/users\/1"}],"replies":[{"embeddable":true,"href":"https:\/\/noticiasnoface.com.br\/index.php\/wp-json\/wp\/v2\/comments?post=16218"}],"version-history":[{"count":1,"href":"https:\/\/noticiasnoface.com.br\/index.php\/wp-json\/wp\/v2\/posts\/16218\/revisions"}],"predecessor-version":[{"id":16219,"href":"https:\/\/noticiasnoface.com.br\/index.php\/wp-json\/wp\/v2\/posts\/16218\/revisions\/16219"}],"wp:attachment":[{"href":"https:\/\/noticiasnoface.com.br\/index.php\/wp-json\/wp\/v2\/media?parent=16218"}],"wp:term":[{"taxonomy":"category","embeddable":true,"href":"https:\/\/noticiasnoface.com.br\/index.php\/wp-json\/wp\/v2\/categories?post=16218"},{"taxonomy":"post_tag","embeddable":true,"href":"https:\/\/noticiasnoface.com.br\/index.php\/wp-json\/wp\/v2\/tags?post=16218"}],"curies":[{"name":"wp","href":"https:\/\/api.w.org\/{rel}","templated":true}]}}