{"id":16252,"date":"2023-05-08T23:25:48","date_gmt":"2023-05-09T02:25:48","guid":{"rendered":"https:\/\/noticiasnoface.com.br\/?p=16252"},"modified":"2023-05-08T23:25:48","modified_gmt":"2023-05-09T02:25:48","slug":"audiencia-publica-discute-atencao-a-educacao-especial-e-politicas-publicas-para-pessoas-do-espectro-autista","status":"publish","type":"post","link":"https:\/\/noticiasnoface.com.br\/index.php\/2023\/05\/08\/audiencia-publica-discute-atencao-a-educacao-especial-e-politicas-publicas-para-pessoas-do-espectro-autista\/","title":{"rendered":"Audi\u00eancia P\u00fablica discute aten\u00e7\u00e3o \u00e0 educa\u00e7\u00e3o especial e pol\u00edticas p\u00fablicas para pessoas do espectro autista"},"content":{"rendered":"\n<figure class=\"wp-block-image size-large\"><img data-opt-id=986319593  fetchpriority=\"high\" decoding=\"async\" width=\"1024\" height=\"544\" src=\"https:\/\/mlbfrsat7ahr.i.optimole.com\/w:1024\/h:544\/q:mauto\/ig:avif\/https:\/\/noticiasnoface.com.br\/wp-content\/uploads\/2023\/05\/img_3682.jpg\" class=\"wp-image-16251\" srcset=\"https:\/\/mlbfrsat7ahr.i.optimole.com\/w:1024\/h:544\/q:mauto\/ig:avif\/https:\/\/noticiasnoface.com.br\/wp-content\/uploads\/2023\/05\/img_3682.jpg 1024w, https:\/\/mlbfrsat7ahr.i.optimole.com\/w:300\/h:159\/q:mauto\/ig:avif\/https:\/\/noticiasnoface.com.br\/wp-content\/uploads\/2023\/05\/img_3682.jpg 300w, https:\/\/mlbfrsat7ahr.i.optimole.com\/w:768\/h:408\/q:mauto\/ig:avif\/https:\/\/noticiasnoface.com.br\/wp-content\/uploads\/2023\/05\/img_3682.jpg 768w, https:\/\/mlbfrsat7ahr.i.optimole.com\/w:1071\/h:569\/q:mauto\/ig:avif\/https:\/\/noticiasnoface.com.br\/wp-content\/uploads\/2023\/05\/img_3682.jpg 1071w\" sizes=\"(max-width: 1000px) 100vw, 1000px\" \/><figcaption class=\"wp-element-caption\">A C\u00e2mara Municipal de Parnamirim realizou uma audi\u00eancia p\u00fablica para debater a aten\u00e7\u00e3o \u00e0 educa\u00e7\u00e3o especial e pol\u00edticas p\u00fablicas para pessoas do espectro autista, que ouviu autoridades, especialistas na tem\u00e1tica e a popula\u00e7\u00e3o em geral. Proposta pelo vereador Gabriel C\u00e9sar e pela vereadora Carol Pires, a audi\u00eancia ocorreu na \u00faltima sexta-feira (5), no Plen\u00e1rio Dr. M\u00e1rio Medeiros.<br>Segundo a vereadora Carol Pires, o prop\u00f3sito da audi\u00eancia era \u201cencontrar alternativas, opini\u00f5es e solu\u00e7\u00f5es, e ouvir a popula\u00e7\u00e3o, os pais e os especialistas, para que a gente possa encontrar solu\u00e7\u00f5es para a presta\u00e7\u00e3o desses servi\u00e7os para a aten\u00e7\u00e3o com nossas crian\u00e7as&#8221;.<br>&#8220;Assumimos, eu e o vereador Gabriel C\u00e9sar, essa miss\u00e3o a fim de chamar a aten\u00e7\u00e3o do poder p\u00fablico em prol dos avan\u00e7os dessa causa\u201d, declarou. Ela afirmou que h\u00e1 falta de assist\u00eancia em muitos casos, que poderiam ter um diagn\u00f3stico precoce e um tratamento adequado.<br>O parlamentar Gabriel C\u00e9sar contou que o objetivo da audi\u00eancia foi  debater as pol\u00edticas necess\u00e1rias para garantir a inclus\u00e3o dos cidad\u00e3os, como o apoio de assistentes em sala de aula para as crian\u00e7as que t\u00eam essa necessidade. \u201cA educa\u00e7\u00e3o especial precisa dar aten\u00e7\u00e3o a toda crian\u00e7a e adolescente com algum tipo de defici\u00eancia\u201d, afirmou.<br>\u201cNossa audi\u00eancia \u00e9 muito importante para o munic\u00edpio, tendo em vista a car\u00eancia que h\u00e1 na presta\u00e7\u00e3o de servi\u00e7os p\u00fablicos voltados para pessoas com transtorno do espectro autista, principalmente na sa\u00fade e na educa\u00e7\u00e3o. Nosso objetivo \u00e9 fortalecer o debate e aprofundar cada vez mais as pol\u00edticas p\u00fablicas nessa dire\u00e7\u00e3o\u201d, disse o vereador.<br>Os especialistas convidados para o debate chamaram a aten\u00e7\u00e3o para a necessidade de inclus\u00e3o e acessibilidade de todos os alunos na rede municipal de Educa\u00e7\u00e3o, bem como pol\u00edticas para pessoas com transtorno de espectro autista. \u201cEssa \u00e9 uma tem\u00e1tica sens\u00edvel e de luta\u201d, definiu a int\u00e9rprete de Libras Alane Lobato. <br>Ana Cec\u00edlia Alves, m\u00e3e de uma crian\u00e7a autista de 8 anos, falou sobre sua realidade. Segundo ela contou, seu filho n\u00e3o frequenta a escola e n\u00e3o tem tratamento de sa\u00fade qualificado, o que traz um sentimento de invisibilidade.<br>A parnamirinense apontou para um cartaz em que estava escrito &#8220;Nossos filhos est\u00e3o invis\u00edveis pelo poder p\u00fablico municipal. Auxiliar pedag\u00f3gico nas escolas j\u00e1! Por cumprimento dos direitos&#8221; e disse que essa era sua realidade e o sentimento que ela tem.<br><strong>Mesa e extens\u00e3o da mesa<\/strong><br>A mesa foi composta pelo vice-presidente da C\u00e2mara, vereador Michael Borges, e pelos vereadores propositores da audi\u00eancia p\u00fablica, Gabriel C\u00e9sar e Carol Pires.<br>J\u00e1 na extens\u00e3o da mesa estavam as seguintes personalidades: a int\u00e9rprete de Libras do Instituto Federal de Educa\u00e7\u00e3o, Ci\u00eancia e Tecnologia do Rio Grande, Alane Lobato; a neuropsicopedagoga Larissa Freire; o advogado Gabriel Almeida; o presidente da Associa\u00e7\u00e3o de Pais e Amigos dos Autistas de Parnamirim (APAAP),  Jonata Nascimento; o vice-presidente da APAE Parnamirim, Matthaus; a presidente da Associa\u00e7\u00e3o de M\u00e3es Especiais do Rio Grande do Norte, Maria da Guia Santos; a ex-vereadora professora Nilda Cruz; e a presidente da Associa\u00e7\u00e3o Brasileira de Psicopedagogia &#8211; se\u00e7\u00e3o do RN, Maria Ferreira Melo de Azevedo.<br><small class=\"cmp-noticia-content-credit\">Fonte: Fernando Azev\u00eado &#8211; Ascom\/CMP<\/small> <\/figcaption><\/figure>\n","protected":false},"excerpt":{"rendered":"","protected":false},"author":1,"featured_media":0,"comment_status":"open","ping_status":"open","sticky":false,"template":"","format":"standard","meta":{"site-sidebar-layout":"default","site-content-layout":"","ast-site-content-layout":"default","site-content-style":"default","site-sidebar-style":"default","ast-global-header-display":"","ast-banner-title-visibility":"","ast-main-header-display":"","ast-hfb-above-header-display":"","ast-hfb-below-header-display":"","ast-hfb-mobile-header-display":"","site-post-title":"","ast-breadcrumbs-content":"","ast-featured-img":"","footer-sml-layout":"","ast-disable-related-posts":"","theme-transparent-header-meta":"","adv-header-id-meta":"","stick-header-meta":"","header-above-stick-meta":"","header-main-stick-meta":"","header-below-stick-meta":"","astra-migrate-meta-layouts":"default","ast-page-background-enabled":"default","ast-page-background-meta":{"desktop":{"background-color":"var(--ast-global-color-4)","background-image":"","background-repeat":"repeat","background-position":"center center","background-size":"auto","background-attachment":"scroll","background-type":"","background-media":"","overlay-type":"","overlay-color":"","overlay-opacity":"","overlay-gradient":""},"tablet":{"background-color":"","background-image":"","background-repeat":"repeat","background-position":"center center","background-size":"auto","background-attachment":"scroll","background-type":"","background-media":"","overlay-type":"","overlay-color":"","overlay-opacity":"","overlay-gradient":""},"mobile":{"background-color":"","background-image":"","background-repeat":"repeat","background-position":"center center","background-size":"auto","background-attachment":"scroll","background-type":"","background-media":"","overlay-type":"","overlay-color":"","overlay-opacity":"","overlay-gradient":""}},"ast-content-background-meta":{"desktop":{"background-color":"var(--ast-global-color-5)","background-image":"","background-repeat":"repeat","background-position":"center center","background-size":"auto","background-attachment":"scroll","background-type":"","background-media":"","overlay-type":"","overlay-color":"","overlay-opacity":"","overlay-gradient":""},"tablet":{"background-color":"var(--ast-global-color-5)","background-image":"","background-repeat":"repeat","background-position":"center center","background-size":"auto","background-attachment":"scroll","background-type":"","background-media":"","overlay-type":"","overlay-color":"","overlay-opacity":"","overlay-gradient":""},"mobile":{"background-color":"var(--ast-global-color-5)","background-image":"","background-repeat":"repeat","background-position":"center center","background-size":"auto","background-attachment":"scroll","background-type":"","background-media":"","overlay-type":"","overlay-color":"","overlay-opacity":"","overlay-gradient":""}},"footnotes":""},"categories":[517],"tags":[],"class_list":["post-16252","post","type-post","status-publish","format-standard","hentry","category-aconteceu"],"_links":{"self":[{"href":"https:\/\/noticiasnoface.com.br\/index.php\/wp-json\/wp\/v2\/posts\/16252","targetHints":{"allow":["GET"]}}],"collection":[{"href":"https:\/\/noticiasnoface.com.br\/index.php\/wp-json\/wp\/v2\/posts"}],"about":[{"href":"https:\/\/noticiasnoface.com.br\/index.php\/wp-json\/wp\/v2\/types\/post"}],"author":[{"embeddable":true,"href":"https:\/\/noticiasnoface.com.br\/index.php\/wp-json\/wp\/v2\/users\/1"}],"replies":[{"embeddable":true,"href":"https:\/\/noticiasnoface.com.br\/index.php\/wp-json\/wp\/v2\/comments?post=16252"}],"version-history":[{"count":1,"href":"https:\/\/noticiasnoface.com.br\/index.php\/wp-json\/wp\/v2\/posts\/16252\/revisions"}],"predecessor-version":[{"id":16253,"href":"https:\/\/noticiasnoface.com.br\/index.php\/wp-json\/wp\/v2\/posts\/16252\/revisions\/16253"}],"wp:attachment":[{"href":"https:\/\/noticiasnoface.com.br\/index.php\/wp-json\/wp\/v2\/media?parent=16252"}],"wp:term":[{"taxonomy":"category","embeddable":true,"href":"https:\/\/noticiasnoface.com.br\/index.php\/wp-json\/wp\/v2\/categories?post=16252"},{"taxonomy":"post_tag","embeddable":true,"href":"https:\/\/noticiasnoface.com.br\/index.php\/wp-json\/wp\/v2\/tags?post=16252"}],"curies":[{"name":"wp","href":"https:\/\/api.w.org\/{rel}","templated":true}]}}