{"id":16255,"date":"2023-05-09T00:14:40","date_gmt":"2023-05-09T03:14:40","guid":{"rendered":"https:\/\/noticiasnoface.com.br\/?p=16255"},"modified":"2023-05-09T00:14:40","modified_gmt":"2023-05-09T03:14:40","slug":"deputado-coronel-azevedo-comemora-o-dia-da-vitoria","status":"publish","type":"post","link":"https:\/\/noticiasnoface.com.br\/index.php\/2023\/05\/09\/deputado-coronel-azevedo-comemora-o-dia-da-vitoria\/","title":{"rendered":"Deputado Coronel Azevedo comemora o DIA DA VIT\u00d3RIA"},"content":{"rendered":"\n<figure class=\"wp-block-image size-large\"><img data-opt-id=1219544349  fetchpriority=\"high\" decoding=\"async\" width=\"1024\" height=\"768\" src=\"https:\/\/mlbfrsat7ahr.i.optimole.com\/w:1024\/h:768\/q:mauto\/ig:avif\/https:\/\/noticiasnoface.com.br\/wp-content\/uploads\/2023\/05\/img_3688.jpg\" class=\"wp-image-16254\" srcset=\"https:\/\/mlbfrsat7ahr.i.optimole.com\/w:1024\/h:768\/q:mauto\/ig:avif\/https:\/\/noticiasnoface.com.br\/wp-content\/uploads\/2023\/05\/img_3688.jpg 1024w, https:\/\/mlbfrsat7ahr.i.optimole.com\/w:300\/h:225\/q:mauto\/ig:avif\/https:\/\/noticiasnoface.com.br\/wp-content\/uploads\/2023\/05\/img_3688.jpg 300w, https:\/\/mlbfrsat7ahr.i.optimole.com\/w:768\/h:576\/q:mauto\/ig:avif\/https:\/\/noticiasnoface.com.br\/wp-content\/uploads\/2023\/05\/img_3688.jpg 768w, https:\/\/mlbfrsat7ahr.i.optimole.com\/w:1440\/h:1080\/q:mauto\/ig:avif\/https:\/\/noticiasnoface.com.br\/wp-content\/uploads\/2023\/05\/img_3688.jpg 1536w, https:\/\/mlbfrsat7ahr.i.optimole.com\/w:1440\/h:1080\/q:mauto\/ig:avif\/https:\/\/noticiasnoface.com.br\/wp-content\/uploads\/2023\/05\/img_3688.jpg 2048w\" sizes=\"(max-width: 1000px) 100vw, 1000px\" \/><figcaption class=\"wp-element-caption\">8 de Maio: Cerim\u00f4nia Alusiva ao Dia da Vit\u00f3ria, em comemora\u00e7\u00e3o aos 78 anos do triunfo dos pa\u00edses aliados sobre as for\u00e7as do nazifascismo na Europa, relembra o fim da Segunda Guerra Mundial.<br>\u201cAgrade\u00e7o ao Vice-almirante Alexander Reis Leite, Comandante do 3\u00ba Distrito Naval, pelo convite. Contem sempre com o nosso mandato\u201d, disse o Deputado!<\/figcaption><\/figure>\n","protected":false},"excerpt":{"rendered":"","protected":false},"author":1,"featured_media":0,"comment_status":"open","ping_status":"open","sticky":false,"template":"","format":"standard","meta":{"site-sidebar-layout":"default","site-content-layout":"","ast-site-content-layout":"default","site-content-style":"default","site-sidebar-style":"default","ast-global-header-display":"","ast-banner-title-visibility":"","ast-main-header-display":"","ast-hfb-above-header-display":"","ast-hfb-below-header-display":"","ast-hfb-mobile-header-display":"","site-post-title":"","ast-breadcrumbs-content":"","ast-featured-img":"","footer-sml-layout":"","ast-disable-related-posts":"","theme-transparent-header-meta":"","adv-header-id-meta":"","stick-header-meta":"","header-above-stick-meta":"","header-main-stick-meta":"","header-below-stick-meta":"","astra-migrate-meta-layouts":"default","ast-page-background-enabled":"default","ast-page-background-meta":{"desktop":{"background-color":"var(--ast-global-color-4)","background-image":"","background-repeat":"repeat","background-position":"center center","background-size":"auto","background-attachment":"scroll","background-type":"","background-media":"","overlay-type":"","overlay-color":"","overlay-opacity":"","overlay-gradient":""},"tablet":{"background-color":"","background-image":"","background-repeat":"repeat","background-position":"center center","background-size":"auto","background-attachment":"scroll","background-type":"","background-media":"","overlay-type":"","overlay-color":"","overlay-opacity":"","overlay-gradient":""},"mobile":{"background-color":"","background-image":"","background-repeat":"repeat","background-position":"center center","background-size":"auto","background-attachment":"scroll","background-type":"","background-media":"","overlay-type":"","overlay-color":"","overlay-opacity":"","overlay-gradient":""}},"ast-content-background-meta":{"desktop":{"background-color":"var(--ast-global-color-5)","background-image":"","background-repeat":"repeat","background-position":"center center","background-size":"auto","background-attachment":"scroll","background-type":"","background-media":"","overlay-type":"","overlay-color":"","overlay-opacity":"","overlay-gradient":""},"tablet":{"background-color":"var(--ast-global-color-5)","background-image":"","background-repeat":"repeat","background-position":"center center","background-size":"auto","background-attachment":"scroll","background-type":"","background-media":"","overlay-type":"","overlay-color":"","overlay-opacity":"","overlay-gradient":""},"mobile":{"background-color":"var(--ast-global-color-5)","background-image":"","background-repeat":"repeat","background-position":"center center","background-size":"auto","background-attachment":"scroll","background-type":"","background-media":"","overlay-type":"","overlay-color":"","overlay-opacity":"","overlay-gradient":""}},"footnotes":""},"categories":[517],"tags":[],"class_list":["post-16255","post","type-post","status-publish","format-standard","hentry","category-aconteceu"],"_links":{"self":[{"href":"https:\/\/noticiasnoface.com.br\/index.php\/wp-json\/wp\/v2\/posts\/16255","targetHints":{"allow":["GET"]}}],"collection":[{"href":"https:\/\/noticiasnoface.com.br\/index.php\/wp-json\/wp\/v2\/posts"}],"about":[{"href":"https:\/\/noticiasnoface.com.br\/index.php\/wp-json\/wp\/v2\/types\/post"}],"author":[{"embeddable":true,"href":"https:\/\/noticiasnoface.com.br\/index.php\/wp-json\/wp\/v2\/users\/1"}],"replies":[{"embeddable":true,"href":"https:\/\/noticiasnoface.com.br\/index.php\/wp-json\/wp\/v2\/comments?post=16255"}],"version-history":[{"count":1,"href":"https:\/\/noticiasnoface.com.br\/index.php\/wp-json\/wp\/v2\/posts\/16255\/revisions"}],"predecessor-version":[{"id":16256,"href":"https:\/\/noticiasnoface.com.br\/index.php\/wp-json\/wp\/v2\/posts\/16255\/revisions\/16256"}],"wp:attachment":[{"href":"https:\/\/noticiasnoface.com.br\/index.php\/wp-json\/wp\/v2\/media?parent=16255"}],"wp:term":[{"taxonomy":"category","embeddable":true,"href":"https:\/\/noticiasnoface.com.br\/index.php\/wp-json\/wp\/v2\/categories?post=16255"},{"taxonomy":"post_tag","embeddable":true,"href":"https:\/\/noticiasnoface.com.br\/index.php\/wp-json\/wp\/v2\/tags?post=16255"}],"curies":[{"name":"wp","href":"https:\/\/api.w.org\/{rel}","templated":true}]}}