{"id":16258,"date":"2023-05-09T09:17:12","date_gmt":"2023-05-09T12:17:12","guid":{"rendered":"https:\/\/noticiasnoface.com.br\/?p=16258"},"modified":"2023-05-09T09:28:34","modified_gmt":"2023-05-09T12:28:34","slug":"paulinho-freire-e-o-mais-forte-candidato-para-impedir-o-pt-de-vencer-em-natal","status":"publish","type":"post","link":"https:\/\/noticiasnoface.com.br\/index.php\/2023\/05\/09\/paulinho-freire-e-o-mais-forte-candidato-para-impedir-o-pt-de-vencer-em-natal\/","title":{"rendered":"Paulinho Freire \u00e9 o mais forte candidato para impedir o PT de vencer em NATAL diz pesquisa"},"content":{"rendered":"\n<figure class=\"wp-block-image size-large\"><img data-opt-id=1445586467  fetchpriority=\"high\" decoding=\"async\" width=\"1024\" height=\"736\" src=\"https:\/\/mlbfrsat7ahr.i.optimole.com\/w:1024\/h:736\/q:mauto\/ig:avif\/https:\/\/noticiasnoface.com.br\/wp-content\/uploads\/2023\/05\/photo-output-15.jpg\" alt=\"\" class=\"wp-image-16257\" srcset=\"https:\/\/mlbfrsat7ahr.i.optimole.com\/w:1024\/h:736\/q:mauto\/ig:avif\/https:\/\/noticiasnoface.com.br\/wp-content\/uploads\/2023\/05\/photo-output-15.jpg 1024w, https:\/\/mlbfrsat7ahr.i.optimole.com\/w:300\/h:216\/q:mauto\/ig:avif\/https:\/\/noticiasnoface.com.br\/wp-content\/uploads\/2023\/05\/photo-output-15.jpg 300w, https:\/\/mlbfrsat7ahr.i.optimole.com\/w:768\/h:552\/q:mauto\/ig:avif\/https:\/\/noticiasnoface.com.br\/wp-content\/uploads\/2023\/05\/photo-output-15.jpg 768w, https:\/\/mlbfrsat7ahr.i.optimole.com\/w:1502\/h:1080\/q:mauto\/ig:avif\/https:\/\/noticiasnoface.com.br\/wp-content\/uploads\/2023\/05\/photo-output-15.jpg 1536w, https:\/\/mlbfrsat7ahr.i.optimole.com\/w:1502\/h:1080\/q:mauto\/ig:avif\/https:\/\/noticiasnoface.com.br\/wp-content\/uploads\/2023\/05\/photo-output-15.jpg 2048w\" sizes=\"(max-width: 1000px) 100vw, 1000px\" \/><figcaption class=\"wp-element-caption\">O presidente do Brasil, o LULA \u00e9 do PT , a governadora do RN \u00e9 do PT, ou seja, a m\u00e1quina est\u00e1 a todo vapor para dominar por completo o RN. Precisamos urgentemente impedir que Nat\u00e1lia Bonavides, que apoia invas\u00e3o de propriedade privada seja prefeita de Natal, e para isso \u00e9 necess\u00e1rio apoiar quem tiver mais chances de impedir que a esquerda domine o nosso estado. Na \u00faltima pesquisa CONSULT ELE J\u00c1 EST\u00c1 EM 3 LUGAR, e atualmente o nome mais forte para isso se chama Paulinho Freire. A direita precisa entender que o processo \u00e9 lento e gradual. Ahhhhhh , mas n\u00e3o concordo com voc\u00ea, beleza, ent\u00e3o teremos NATAL &#8211; COMANDADO PELO PT\u2026..RN &#8211; COMANDANDO PELO PT e BRASIL- COMANDADO PELO PT. Recebaaaaaaaaa<\/figcaption><\/figure>\n","protected":false},"excerpt":{"rendered":"","protected":false},"author":1,"featured_media":0,"comment_status":"open","ping_status":"open","sticky":false,"template":"","format":"standard","meta":{"site-sidebar-layout":"default","site-content-layout":"","ast-site-content-layout":"default","site-content-style":"default","site-sidebar-style":"default","ast-global-header-display":"","ast-banner-title-visibility":"","ast-main-header-display":"","ast-hfb-above-header-display":"","ast-hfb-below-header-display":"","ast-hfb-mobile-header-display":"","site-post-title":"","ast-breadcrumbs-content":"","ast-featured-img":"","footer-sml-layout":"","ast-disable-related-posts":"","theme-transparent-header-meta":"","adv-header-id-meta":"","stick-header-meta":"","header-above-stick-meta":"","header-main-stick-meta":"","header-below-stick-meta":"","astra-migrate-meta-layouts":"default","ast-page-background-enabled":"default","ast-page-background-meta":{"desktop":{"background-color":"var(--ast-global-color-4)","background-image":"","background-repeat":"repeat","background-position":"center center","background-size":"auto","background-attachment":"scroll","background-type":"","background-media":"","overlay-type":"","overlay-color":"","overlay-opacity":"","overlay-gradient":""},"tablet":{"background-color":"","background-image":"","background-repeat":"repeat","background-position":"center center","background-size":"auto","background-attachment":"scroll","background-type":"","background-media":"","overlay-type":"","overlay-color":"","overlay-opacity":"","overlay-gradient":""},"mobile":{"background-color":"","background-image":"","background-repeat":"repeat","background-position":"center center","background-size":"auto","background-attachment":"scroll","background-type":"","background-media":"","overlay-type":"","overlay-color":"","overlay-opacity":"","overlay-gradient":""}},"ast-content-background-meta":{"desktop":{"background-color":"var(--ast-global-color-5)","background-image":"","background-repeat":"repeat","background-position":"center center","background-size":"auto","background-attachment":"scroll","background-type":"","background-media":"","overlay-type":"","overlay-color":"","overlay-opacity":"","overlay-gradient":""},"tablet":{"background-color":"var(--ast-global-color-5)","background-image":"","background-repeat":"repeat","background-position":"center center","background-size":"auto","background-attachment":"scroll","background-type":"","background-media":"","overlay-type":"","overlay-color":"","overlay-opacity":"","overlay-gradient":""},"mobile":{"background-color":"var(--ast-global-color-5)","background-image":"","background-repeat":"repeat","background-position":"center center","background-size":"auto","background-attachment":"scroll","background-type":"","background-media":"","overlay-type":"","overlay-color":"","overlay-opacity":"","overlay-gradient":""}},"footnotes":""},"categories":[517],"tags":[317,2229,22,199,1287,566],"class_list":["post-16258","post","type-post","status-publish","format-standard","hentry","category-aconteceu","tag-eleicoes","tag-noticas-do-face","tag-noticias-no-face","tag-noticiasnoface","tag-paulinho-freire","tag-prefeitura-de-natal"],"_links":{"self":[{"href":"https:\/\/noticiasnoface.com.br\/index.php\/wp-json\/wp\/v2\/posts\/16258","targetHints":{"allow":["GET"]}}],"collection":[{"href":"https:\/\/noticiasnoface.com.br\/index.php\/wp-json\/wp\/v2\/posts"}],"about":[{"href":"https:\/\/noticiasnoface.com.br\/index.php\/wp-json\/wp\/v2\/types\/post"}],"author":[{"embeddable":true,"href":"https:\/\/noticiasnoface.com.br\/index.php\/wp-json\/wp\/v2\/users\/1"}],"replies":[{"embeddable":true,"href":"https:\/\/noticiasnoface.com.br\/index.php\/wp-json\/wp\/v2\/comments?post=16258"}],"version-history":[{"count":3,"href":"https:\/\/noticiasnoface.com.br\/index.php\/wp-json\/wp\/v2\/posts\/16258\/revisions"}],"predecessor-version":[{"id":16261,"href":"https:\/\/noticiasnoface.com.br\/index.php\/wp-json\/wp\/v2\/posts\/16258\/revisions\/16261"}],"wp:attachment":[{"href":"https:\/\/noticiasnoface.com.br\/index.php\/wp-json\/wp\/v2\/media?parent=16258"}],"wp:term":[{"taxonomy":"category","embeddable":true,"href":"https:\/\/noticiasnoface.com.br\/index.php\/wp-json\/wp\/v2\/categories?post=16258"},{"taxonomy":"post_tag","embeddable":true,"href":"https:\/\/noticiasnoface.com.br\/index.php\/wp-json\/wp\/v2\/tags?post=16258"}],"curies":[{"name":"wp","href":"https:\/\/api.w.org\/{rel}","templated":true}]}}