{"id":16280,"date":"2023-05-10T07:57:39","date_gmt":"2023-05-10T10:57:39","guid":{"rendered":"https:\/\/noticiasnoface.com.br\/?p=16280"},"modified":"2023-05-10T08:04:04","modified_gmt":"2023-05-10T11:04:04","slug":"pesquisa-quest-86-avalia-governo-lula-num-rali-bosta","status":"publish","type":"post","link":"https:\/\/noticiasnoface.com.br\/index.php\/2023\/05\/10\/pesquisa-quest-86-avalia-governo-lula-num-rali-bosta\/","title":{"rendered":"Pesquisa QUEST: 86% avalia que governo Lula num r\u00e1li bosta"},"content":{"rendered":"\n<figure class=\"wp-block-image size-large\"><img data-opt-id=1848627517  fetchpriority=\"high\" decoding=\"async\" width=\"1024\" height=\"684\" src=\"https:\/\/mlbfrsat7ahr.i.optimole.com\/w:1024\/h:684\/q:mauto\/ig:avif\/https:\/\/noticiasnoface.com.br\/wp-content\/uploads\/2023\/05\/photo-output-20.jpg\" alt=\"\" class=\"wp-image-16279\" srcset=\"https:\/\/mlbfrsat7ahr.i.optimole.com\/w:1024\/h:684\/q:mauto\/ig:avif\/https:\/\/noticiasnoface.com.br\/wp-content\/uploads\/2023\/05\/photo-output-20.jpg 1024w, https:\/\/mlbfrsat7ahr.i.optimole.com\/w:300\/h:200\/q:mauto\/ig:avif\/https:\/\/noticiasnoface.com.br\/wp-content\/uploads\/2023\/05\/photo-output-20.jpg 300w, https:\/\/mlbfrsat7ahr.i.optimole.com\/w:768\/h:513\/q:mauto\/ig:avif\/https:\/\/noticiasnoface.com.br\/wp-content\/uploads\/2023\/05\/photo-output-20.jpg 768w, https:\/\/mlbfrsat7ahr.i.optimole.com\/w:1536\/h:1025\/q:mauto\/ig:avif\/https:\/\/noticiasnoface.com.br\/wp-content\/uploads\/2023\/05\/photo-output-20.jpg 1536w, https:\/\/mlbfrsat7ahr.i.optimole.com\/w:1618\/h:1080\/q:mauto\/ig:avif\/https:\/\/noticiasnoface.com.br\/wp-content\/uploads\/2023\/05\/photo-output-20.jpg 2048w\" sizes=\"(max-width: 1000px) 100vw, 1000px\" \/><figcaption class=\"wp-element-caption\">Quaest: 86% do mercado avalia governo Lula como negativo; 2% considera positivo<br \/>Avalia\u00e7\u00e3o negativa registrou uma leve queda com rela\u00e7\u00e3o ao levantamento feito pelo instituto em mar\u00e7o<br \/>Presidente Lula durante encontro empresarial, em Madri, Espanha 25\/04\/2023REUTERS\/Juan Medina <br \/>A terceira gest\u00e3o do presidente <a href=\"https:\/\/www.cnnbrasil.com.br\/tudo-sobre\/luiz-inacio-lula-da-silva-lula\/\" target=\"_blank\" rel=\"noopener\">Luiz In\u00e1cio Lula da Silva (PT)<\/a> n\u00e3o tem agradado ao mercado financeiro, uma vez que 86% avaliam o governo como negativo, enquanto 2% dizem que o mandato do petista tem sido positivo, e 12% consideram regular.<br \/>Os resultados s\u00e3o da <a href=\"https:\/\/www.cnnbrasil.com.br\/tudo-sobre\/pesquisa-quaest\/\" target=\"_blank\" rel=\"noopener\">pesquisa Genial\/Quaest<\/a>divulgada nesta quarta-feira (10). O instituto realizou 92 entrevistas com fundos de investimento com sede em S\u00e3o Paulo e no Rio de Janeiro entre os dias 04 a 08 de maio.<br \/>A avalia\u00e7\u00e3o negativa registrou uma leve queda com rela\u00e7\u00e3o ao levantamento feito pelo instituo em mar\u00e7o. Na ocasi\u00e3o, a avalia\u00e7\u00e3o negativa era de 90%, a regular de 10%, sem percentual positivo.<br \/>Questionados sobre como avaliam o trabalho do ministro da Fazenda, <a href=\"https:\/\/www.cnnbrasil.com.br\/tudo-sobre\/fernando-haddad\/\" target=\"_blank\" rel=\"noopener\">Fernando Haddad<\/a>, 37% consideram a atua\u00e7\u00e3o do ministro como negativa, mesmo percentual de quem afirma que a gest\u00e3o \u00e9 regular. J\u00e1 para 26%, Haddad tem feito um trabalho positivo.<br \/>Na compara\u00e7\u00e3o com a pesquisa anterior, a avalia\u00e7\u00e3o positiva de Haddad mais que dobrou (antes em 10%), enquanto a regular caiu de 52% para 37% e a negativa oscilou apenas 1 ponto percentual para baixo.<br \/>Com rela\u00e7\u00e3o \u00e0 capacidade do governo para aprovar sua agenda no Congresso Nacional, a maioria (51%) enxerga como regular (ante 47% em mar\u00e7o), seguido por 39% dos respondentes que avaliam como baixa, um aumento com rela\u00e7\u00e3o aos dados anteriores (estava em 20%).<br \/>Por fim, 10% dos agentes do mercado avaliam como alta a capacidade do governo em vota\u00e7\u00f5es nas duas Casas. Na pesquisa anterior, este n\u00famero era de 33%.<\/figcaption><\/figure>\n","protected":false},"excerpt":{"rendered":"","protected":false},"author":1,"featured_media":0,"comment_status":"open","ping_status":"open","sticky":false,"template":"","format":"standard","meta":{"site-sidebar-layout":"default","site-content-layout":"","ast-site-content-layout":"default","site-content-style":"default","site-sidebar-style":"default","ast-global-header-display":"","ast-banner-title-visibility":"","ast-main-header-display":"","ast-hfb-above-header-display":"","ast-hfb-below-header-display":"","ast-hfb-mobile-header-display":"","site-post-title":"","ast-breadcrumbs-content":"","ast-featured-img":"","footer-sml-layout":"","ast-disable-related-posts":"","theme-transparent-header-meta":"","adv-header-id-meta":"","stick-header-meta":"","header-above-stick-meta":"","header-main-stick-meta":"","header-below-stick-meta":"","astra-migrate-meta-layouts":"default","ast-page-background-enabled":"default","ast-page-background-meta":{"desktop":{"background-color":"var(--ast-global-color-4)","background-image":"","background-repeat":"repeat","background-position":"center center","background-size":"auto","background-attachment":"scroll","background-type":"","background-media":"","overlay-type":"","overlay-color":"","overlay-opacity":"","overlay-gradient":""},"tablet":{"background-color":"","background-image":"","background-repeat":"repeat","background-position":"center center","background-size":"auto","background-attachment":"scroll","background-type":"","background-media":"","overlay-type":"","overlay-color":"","overlay-opacity":"","overlay-gradient":""},"mobile":{"background-color":"","background-image":"","background-repeat":"repeat","background-position":"center center","background-size":"auto","background-attachment":"scroll","background-type":"","background-media":"","overlay-type":"","overlay-color":"","overlay-opacity":"","overlay-gradient":""}},"ast-content-background-meta":{"desktop":{"background-color":"var(--ast-global-color-5)","background-image":"","background-repeat":"repeat","background-position":"center center","background-size":"auto","background-attachment":"scroll","background-type":"","background-media":"","overlay-type":"","overlay-color":"","overlay-opacity":"","overlay-gradient":""},"tablet":{"background-color":"var(--ast-global-color-5)","background-image":"","background-repeat":"repeat","background-position":"center center","background-size":"auto","background-attachment":"scroll","background-type":"","background-media":"","overlay-type":"","overlay-color":"","overlay-opacity":"","overlay-gradient":""},"mobile":{"background-color":"var(--ast-global-color-5)","background-image":"","background-repeat":"repeat","background-position":"center center","background-size":"auto","background-attachment":"scroll","background-type":"","background-media":"","overlay-type":"","overlay-color":"","overlay-opacity":"","overlay-gradient":""}},"footnotes":""},"categories":[517],"tags":[215,2229,2236,199,528,2058,2911],"class_list":["post-16280","post","type-post","status-publish","format-standard","hentry","category-aconteceu","tag-lula","tag-noticas-do-face","tag-noticas-no-face","tag-noticiasnoface","tag-pesquisa","tag-presidente-lula","tag-quest"],"_links":{"self":[{"href":"https:\/\/noticiasnoface.com.br\/index.php\/wp-json\/wp\/v2\/posts\/16280","targetHints":{"allow":["GET"]}}],"collection":[{"href":"https:\/\/noticiasnoface.com.br\/index.php\/wp-json\/wp\/v2\/posts"}],"about":[{"href":"https:\/\/noticiasnoface.com.br\/index.php\/wp-json\/wp\/v2\/types\/post"}],"author":[{"embeddable":true,"href":"https:\/\/noticiasnoface.com.br\/index.php\/wp-json\/wp\/v2\/users\/1"}],"replies":[{"embeddable":true,"href":"https:\/\/noticiasnoface.com.br\/index.php\/wp-json\/wp\/v2\/comments?post=16280"}],"version-history":[{"count":2,"href":"https:\/\/noticiasnoface.com.br\/index.php\/wp-json\/wp\/v2\/posts\/16280\/revisions"}],"predecessor-version":[{"id":16282,"href":"https:\/\/noticiasnoface.com.br\/index.php\/wp-json\/wp\/v2\/posts\/16280\/revisions\/16282"}],"wp:attachment":[{"href":"https:\/\/noticiasnoface.com.br\/index.php\/wp-json\/wp\/v2\/media?parent=16280"}],"wp:term":[{"taxonomy":"category","embeddable":true,"href":"https:\/\/noticiasnoface.com.br\/index.php\/wp-json\/wp\/v2\/categories?post=16280"},{"taxonomy":"post_tag","embeddable":true,"href":"https:\/\/noticiasnoface.com.br\/index.php\/wp-json\/wp\/v2\/tags?post=16280"}],"curies":[{"name":"wp","href":"https:\/\/api.w.org\/{rel}","templated":true}]}}