{"id":16297,"date":"2023-05-10T16:28:36","date_gmt":"2023-05-10T19:28:36","guid":{"rendered":"https:\/\/noticiasnoface.com.br\/?p=16297"},"modified":"2023-05-10T16:28:36","modified_gmt":"2023-05-10T19:28:36","slug":"telegram-recua-e-diz-sim-senhor-para-alexandre-de-moraes","status":"publish","type":"post","link":"https:\/\/noticiasnoface.com.br\/index.php\/2023\/05\/10\/telegram-recua-e-diz-sim-senhor-para-alexandre-de-moraes\/","title":{"rendered":"TELEGRAM recua e diz \u201cSIM SENHOR\u201d para Alexandre de Moraes"},"content":{"rendered":"\n<figure class=\"wp-block-image size-large\"><img data-opt-id=1665918153  fetchpriority=\"high\" decoding=\"async\" width=\"1638\" height=\"2050\" src=\"https:\/\/mlbfrsat7ahr.i.optimole.com\/w:auto\/h:auto\/q:mauto\/ig:avif\/https:\/\/noticiasnoface.com.br\/wp-content\/uploads\/2023\/01\/D3BA4F23-F252-469D-AF06-75CF141D2BF8.jpeg\" alt=\"\" class=\"wp-image-14196\" srcset=\"https:\/\/mlbfrsat7ahr.i.optimole.com\/w:862\/h:1080\/q:mauto\/ig:avif\/https:\/\/noticiasnoface.com.br\/wp-content\/uploads\/2023\/01\/D3BA4F23-F252-469D-AF06-75CF141D2BF8.jpeg 1638w, https:\/\/mlbfrsat7ahr.i.optimole.com\/w:240\/h:300\/q:mauto\/ig:avif\/https:\/\/noticiasnoface.com.br\/wp-content\/uploads\/2023\/01\/D3BA4F23-F252-469D-AF06-75CF141D2BF8.jpeg 240w, https:\/\/mlbfrsat7ahr.i.optimole.com\/w:818\/h:1024\/q:mauto\/ig:avif\/https:\/\/noticiasnoface.com.br\/wp-content\/uploads\/2023\/01\/D3BA4F23-F252-469D-AF06-75CF141D2BF8.jpeg 818w, https:\/\/mlbfrsat7ahr.i.optimole.com\/w:768\/h:961\/q:mauto\/ig:avif\/https:\/\/noticiasnoface.com.br\/wp-content\/uploads\/2023\/01\/D3BA4F23-F252-469D-AF06-75CF141D2BF8.jpeg 768w, https:\/\/mlbfrsat7ahr.i.optimole.com\/w:862\/h:1080\/q:mauto\/ig:avif\/https:\/\/noticiasnoface.com.br\/wp-content\/uploads\/2023\/01\/D3BA4F23-F252-469D-AF06-75CF141D2BF8.jpeg 1227w, https:\/\/mlbfrsat7ahr.i.optimole.com\/w:862\/h:1080\/q:mauto\/ig:avif\/https:\/\/noticiasnoface.com.br\/wp-content\/uploads\/2023\/01\/D3BA4F23-F252-469D-AF06-75CF141D2BF8.jpeg 1636w\" sizes=\"(max-width: 1000px) 100vw, 1000px\" \/><figcaption class=\"wp-element-caption\">Telegram apaga publica\u00e7\u00e3o e obedece as ordens de Alexandre de Moraes. <\/figcaption><\/figure>\n\n\n\n<figure class=\"wp-block-image size-large\"><img data-opt-id=1684354460  fetchpriority=\"high\" decoding=\"async\" width=\"1024\" height=\"610\" src=\"https:\/\/mlbfrsat7ahr.i.optimole.com\/w:1024\/h:610\/q:mauto\/ig:avif\/https:\/\/noticiasnoface.com.br\/wp-content\/uploads\/2023\/05\/img_3813.jpg\" class=\"wp-image-16296\" srcset=\"https:\/\/mlbfrsat7ahr.i.optimole.com\/w:1024\/h:610\/q:mauto\/ig:avif\/https:\/\/noticiasnoface.com.br\/wp-content\/uploads\/2023\/05\/img_3813.jpg 1024w, https:\/\/mlbfrsat7ahr.i.optimole.com\/w:300\/h:179\/q:mauto\/ig:avif\/https:\/\/noticiasnoface.com.br\/wp-content\/uploads\/2023\/05\/img_3813.jpg 300w, https:\/\/mlbfrsat7ahr.i.optimole.com\/w:768\/h:457\/q:mauto\/ig:avif\/https:\/\/noticiasnoface.com.br\/wp-content\/uploads\/2023\/05\/img_3813.jpg 768w, https:\/\/mlbfrsat7ahr.i.optimole.com\/w:1290\/h:768\/q:mauto\/ig:avif\/https:\/\/noticiasnoface.com.br\/wp-content\/uploads\/2023\/05\/img_3813.jpg 1290w\" sizes=\"(max-width: 1000px) 100vw, 1000px\" \/><figcaption class=\"wp-element-caption\"><br>Segue a nota :<br><br>Recebemos uma ordem do Supremo Tribunal Federal (STF) do Brasil que obriga o Telegram a remover nossa mensagem anterior sobre o <a href=\"https:\/\/pt.wikipedia.org\/wiki\/PL_2630\/2020\" target=\"_blank\" rel=\"noopener\">PL 2630\/2020<\/a> e enviar uma nova mensagem aos usu\u00e1rios, que est\u00e1 inclu\u00edda abaixo.<br><br>\u201cPor determina\u00e7\u00e3o do SUPREMO TRIBUNAL FEDERAL, a empresa Telegram comunica: A mensagem anterior do Telegram caracterizou FLAGRANTE e IL\u00cdCITA DESINFORMA\u00c7\u00c3O atentat\u00f3ria ao Congresso Nacional, ao Poder Judici\u00e1rio, ao Estado de Direito e \u00e0 Democracia Brasileira, pois, fraudulentamente, distorceu a discuss\u00e3o e os debates sobre a regula\u00e7\u00e3o dos provedores de redes sociais e de servi\u00e7os de mensageria privada (PL 2630), na tentativa de induzir e instigar os usu\u00e1rios \u00e0 coagir os parlamentares.\u201d<\/figcaption><\/figure>\n\n\n\n<p><\/p>\n\n\n\n<p>M<\/p>\n\n\n\n<p><\/p>\n","protected":false},"excerpt":{"rendered":"<p>M<\/p>\n","protected":false},"author":1,"featured_media":0,"comment_status":"open","ping_status":"open","sticky":false,"template":"","format":"standard","meta":{"site-sidebar-layout":"default","site-content-layout":"","ast-site-content-layout":"default","site-content-style":"default","site-sidebar-style":"default","ast-global-header-display":"","ast-banner-title-visibility":"","ast-main-header-display":"","ast-hfb-above-header-display":"","ast-hfb-below-header-display":"","ast-hfb-mobile-header-display":"","site-post-title":"","ast-breadcrumbs-content":"","ast-featured-img":"","footer-sml-layout":"","ast-disable-related-posts":"","theme-transparent-header-meta":"","adv-header-id-meta":"","stick-header-meta":"","header-above-stick-meta":"","header-main-stick-meta":"","header-below-stick-meta":"","astra-migrate-meta-layouts":"default","ast-page-background-enabled":"default","ast-page-background-meta":{"desktop":{"background-color":"var(--ast-global-color-4)","background-image":"","background-repeat":"repeat","background-position":"center center","background-size":"auto","background-attachment":"scroll","background-type":"","background-media":"","overlay-type":"","overlay-color":"","overlay-opacity":"","overlay-gradient":""},"tablet":{"background-color":"","background-image":"","background-repeat":"repeat","background-position":"center center","background-size":"auto","background-attachment":"scroll","background-type":"","background-media":"","overlay-type":"","overlay-color":"","overlay-opacity":"","overlay-gradient":""},"mobile":{"background-color":"","background-image":"","background-repeat":"repeat","background-position":"center center","background-size":"auto","background-attachment":"scroll","background-type":"","background-media":"","overlay-type":"","overlay-color":"","overlay-opacity":"","overlay-gradient":""}},"ast-content-background-meta":{"desktop":{"background-color":"var(--ast-global-color-5)","background-image":"","background-repeat":"repeat","background-position":"center center","background-size":"auto","background-attachment":"scroll","background-type":"","background-media":"","overlay-type":"","overlay-color":"","overlay-opacity":"","overlay-gradient":""},"tablet":{"background-color":"var(--ast-global-color-5)","background-image":"","background-repeat":"repeat","background-position":"center center","background-size":"auto","background-attachment":"scroll","background-type":"","background-media":"","overlay-type":"","overlay-color":"","overlay-opacity":"","overlay-gradient":""},"mobile":{"background-color":"var(--ast-global-color-5)","background-image":"","background-repeat":"repeat","background-position":"center center","background-size":"auto","background-attachment":"scroll","background-type":"","background-media":"","overlay-type":"","overlay-color":"","overlay-opacity":"","overlay-gradient":""}},"footnotes":""},"categories":[517],"tags":[9,126,50,22,6,190],"class_list":["post-16297","post","type-post","status-publish","format-standard","hentry","category-aconteceu","tag-alexandre-de-moraes","tag-ministro-alexandre-de-moraes","tag-noticias-do-face","tag-noticias-no-face","tag-stf","tag-telegram"],"_links":{"self":[{"href":"https:\/\/noticiasnoface.com.br\/index.php\/wp-json\/wp\/v2\/posts\/16297","targetHints":{"allow":["GET"]}}],"collection":[{"href":"https:\/\/noticiasnoface.com.br\/index.php\/wp-json\/wp\/v2\/posts"}],"about":[{"href":"https:\/\/noticiasnoface.com.br\/index.php\/wp-json\/wp\/v2\/types\/post"}],"author":[{"embeddable":true,"href":"https:\/\/noticiasnoface.com.br\/index.php\/wp-json\/wp\/v2\/users\/1"}],"replies":[{"embeddable":true,"href":"https:\/\/noticiasnoface.com.br\/index.php\/wp-json\/wp\/v2\/comments?post=16297"}],"version-history":[{"count":1,"href":"https:\/\/noticiasnoface.com.br\/index.php\/wp-json\/wp\/v2\/posts\/16297\/revisions"}],"predecessor-version":[{"id":16298,"href":"https:\/\/noticiasnoface.com.br\/index.php\/wp-json\/wp\/v2\/posts\/16297\/revisions\/16298"}],"wp:attachment":[{"href":"https:\/\/noticiasnoface.com.br\/index.php\/wp-json\/wp\/v2\/media?parent=16297"}],"wp:term":[{"taxonomy":"category","embeddable":true,"href":"https:\/\/noticiasnoface.com.br\/index.php\/wp-json\/wp\/v2\/categories?post=16297"},{"taxonomy":"post_tag","embeddable":true,"href":"https:\/\/noticiasnoface.com.br\/index.php\/wp-json\/wp\/v2\/tags?post=16297"}],"curies":[{"name":"wp","href":"https:\/\/api.w.org\/{rel}","templated":true}]}}