{"id":16357,"date":"2023-05-13T13:49:54","date_gmt":"2023-05-13T16:49:54","guid":{"rendered":"https:\/\/noticiasnoface.com.br\/?p=16357"},"modified":"2023-05-13T13:51:21","modified_gmt":"2023-05-13T16:51:21","slug":"vazou-veja-os-ultimos-momentos-de-cantora-nayara-vilela-antes-de-morrer-veja-video","status":"publish","type":"post","link":"https:\/\/noticiasnoface.com.br\/index.php\/2023\/05\/13\/vazou-veja-os-ultimos-momentos-de-cantora-nayara-vilela-antes-de-morrer-veja-video\/","title":{"rendered":"VAZOU- veja os \u00faltimos momentos de cantora Nayara Vilela antes de morrer, VEJA V\u00cdDEO"},"content":{"rendered":"\n<figure class=\"wp-block-image size-large\"><img data-opt-id=893732764  fetchpriority=\"high\" decoding=\"async\" width=\"1024\" height=\"759\" src=\"https:\/\/mlbfrsat7ahr.i.optimole.com\/w:1024\/h:759\/q:mauto\/ig:avif\/https:\/\/noticiasnoface.com.br\/wp-content\/uploads\/2023\/05\/img_3990.jpg\" alt=\"\" class=\"wp-image-16355\" srcset=\"https:\/\/mlbfrsat7ahr.i.optimole.com\/w:1024\/h:759\/q:mauto\/ig:avif\/https:\/\/noticiasnoface.com.br\/wp-content\/uploads\/2023\/05\/img_3990.jpg 1024w, https:\/\/mlbfrsat7ahr.i.optimole.com\/w:300\/h:222\/q:mauto\/ig:avif\/https:\/\/noticiasnoface.com.br\/wp-content\/uploads\/2023\/05\/img_3990.jpg 300w, https:\/\/mlbfrsat7ahr.i.optimole.com\/w:768\/h:569\/q:mauto\/ig:avif\/https:\/\/noticiasnoface.com.br\/wp-content\/uploads\/2023\/05\/img_3990.jpg 768w, https:\/\/mlbfrsat7ahr.i.optimole.com\/w:1290\/h:956\/q:mauto\/ig:avif\/https:\/\/noticiasnoface.com.br\/wp-content\/uploads\/2023\/05\/img_3990.jpg 1290w\" sizes=\"(max-width: 1000px) 100vw, 1000px\" \/><figcaption class=\"wp-element-caption\">Ap\u00f3s quase 15 dias, pol\u00edcia d\u00e1 novas informa\u00e7\u00f5es sobre morte de Nayara Vilela<br \/><img data-opt-id=440333713  fetchpriority=\"high\" decoding=\"async\" src=\"https:\/\/contilnetnoticias.com.br\/wp-content\/uploads\/2023\/04\/nayara-vilela-768x512.jpg\" alt=\"Ap\u00f3s quase 15 dias, pol\u00edcia d\u00e1 novas informa\u00e7\u00f5es sobre morte de Nayara Vilela\" srcset=\"https:\/\/contilnetnoticias.com.br\/wp-content\/uploads\/2023\/04\/nayara-vilela-768x512.jpg\" class=\"extendsBeyondTextColumn\" \/><br \/>Nayara Vilela foi encontrada morta nesta segunda-feira (24) em sua resid\u00eancia\/Foto: Reprodu\u00e7\u00e3o <br \/><br \/>Nesta quarta-feira (8), 14 dias ap\u00f3s o <a rel=\"noreferrer noopener\" href=\"https:\/\/contilnetnoticias.com.br\/2023\/04\/urgente-cantora-nayara-vilela-morre-aos-32-anos\/\" target=\"_blank\">falecimento da cantora acreana Nayara Vilela<\/a>, a Delegacia Especializada de atendimento \u00e0 Mulher (DEAM) disse que aguarda os laudos periciais para dar andamento nas investiga\u00e7\u00f5es da morte da cantora, buscando apurar o que de fato ocorreu no dia 24 de abril.<br \/>De acordo com a delegada da DEAM, Elenice Frez, o laudo depende do trabalho de v\u00e1rias institui\u00e7\u00f5es para ser conclu\u00eddo, como por exemplo do Instituto M\u00e9dico Legal (IML). S\u00f3 a partir de todas as informa\u00e7\u00f5es reunidas \u00e9 poss\u00edvel encaminhar os materiais periciais para serem analisados pela pol\u00edcia.<br \/><img data-opt-id=1091011306  data-opt-src=\"https:\/\/contilnetnoticias.com.br\/wp-content\/uploads\/2023\/04\/nayara-vilela.jpg\"  decoding=\"async\" src=\"data:image/svg+xml,%3Csvg%20viewBox%3D%220%200%20100%%20100%%22%20width%3D%22100%%22%20height%3D%22100%%22%20xmlns%3D%22http%3A%2F%2Fwww.w3.org%2F2000%2Fsvg%22%3E%3Crect%20width%3D%22100%%22%20height%3D%22100%%22%20fill%3D%22transparent%22%2F%3E%3C%2Fsvg%3E\" alt=\"\" old-srcset=\"https:\/\/contilnetnoticias.com.br\/wp-content\/uploads\/2023\/04\/nayara-vilela.jpg 2000w, https:\/\/contilnetnoticias.com.br\/wp-content\/uploads\/2023\/04\/nayara-vilela-500x333.jpg 500w, https:\/\/contilnetnoticias.com.br\/wp-content\/uploads\/2023\/04\/nayara-vilela-1200x800.jpg 1200w, https:\/\/contilnetnoticias.com.br\/wp-content\/uploads\/2023\/04\/nayara-vilela-250x167.jpg 250w, https:\/\/contilnetnoticias.com.br\/wp-content\/uploads\/2023\/04\/nayara-vilela-768x512.jpg 768w, https:\/\/contilnetnoticias.com.br\/wp-content\/uploads\/2023\/04\/nayara-vilela-1536x1024.jpg 1536w, https:\/\/contilnetnoticias.com.br\/wp-content\/uploads\/2023\/04\/nayara-vilela-150x100.jpg 150w, https:\/\/contilnetnoticias.com.br\/wp-content\/uploads\/2023\/04\/nayara-vilela-300x200.jpg 300w, https:\/\/contilnetnoticias.com.br\/wp-content\/uploads\/2023\/04\/nayara-vilela-600x400.jpg 600w, https:\/\/contilnetnoticias.com.br\/wp-content\/uploads\/2023\/04\/nayara-vilela-696x464.jpg 696w, https:\/\/contilnetnoticias.com.br\/wp-content\/uploads\/2023\/04\/nayara-vilela-1392x928.jpg 1392w, https:\/\/contilnetnoticias.com.br\/wp-content\/uploads\/2023\/04\/nayara-vilela-1068x712.jpg 1068w, https:\/\/contilnetnoticias.com.br\/wp-content\/uploads\/2023\/04\/nayara-vilela-1920x1280.jpg 1920w, https:\/\/contilnetnoticias.com.br\/wp-content\/uploads\/2023\/04\/nayara-vilela-630x420.jpg 630w, https:\/\/contilnetnoticias.com.br\/wp-content\/uploads\/2023\/04\/nayara-vilela-1260x840.jpg 1260w\" \/><br \/>Nayara Vilela foi encontrada morta nesta segunda-feira (24) em sua resid\u00eancia\/Foto: Reprodu\u00e7\u00e3o<br \/>Com o laudo, v\u00e3o ser decididas as pr\u00f3ximas dilig\u00eancias com rela\u00e7\u00e3o ao caso de Nayara. Ap\u00f3s finalizadas as apura\u00e7\u00f5es, o inqu\u00e9rito \u00e9 apresentado ao Minist\u00e9rio P\u00fablico que a partir dele faz a proposi\u00e7\u00e3o de a\u00e7\u00e3o penal (den\u00fancia criminal), caso haja ind\u00edcios suficientes que apontem para atitude criminosa<strong>.<\/strong><br \/><strong>Caso Nayara <\/strong><br \/>A cantora e compositora Nayara Vilela, de 32 anos, foi encontrada morta com um tiro no peito, na noite da segunda-feira (24) de abril, em sua resid\u00eancia no bairro Placas, em Rio Branco, capital do Acre. Ela ficou conhecida pelo seu talento nos palcos das noites acreanas, em diversos eventos.<br \/>Vilela havia se casado recentemente com o empres\u00e1rio Tarc\u00edsio Ara\u00fajo, mais conhecido como Tarciso Som, no dia 25 de mar\u00e7o. Alguns v\u00eddeos de Naiara momentos antes de seu falecimento circularam nas redes sociais e causaram d\u00favidas no caso de repercuss\u00e3o nacional. Agora, a pol\u00edcia aguarda os laudos periciais para poder dar andamento nas investiga\u00e7\u00f5es.<\/figcaption><\/figure>\n\n\n\n<h2 class=\"wp-block-heading\">O v\u00eddeo <\/h2>\n\n\n\n<p>Segundo informa\u00e7\u00f5es esse v\u00eddeo foi momentos antes de ser encontrada morta .<\/p>\n\n\n\n<figure class=\"wp-block-video\"><video height=\"848\" style=\"aspect-ratio: 480 \/ 848;\" width=\"480\" controls src=\"https:\/\/noticiasnoface.com.br\/wp-content\/uploads\/2023\/05\/afbdbee3-2985-4269-ba99-2f53498948b0.mp4\"><\/video><figcaption class=\"wp-element-caption\">A cantora Nayara Vilela foi encontrada morta minutos depois desse v\u00eddeos. <\/figcaption><\/figure>\n","protected":false},"excerpt":{"rendered":"<p>O v\u00eddeo Segundo informa\u00e7\u00f5es esse v\u00eddeo foi momentos antes de ser encontrada morta .<\/p>\n","protected":false},"author":1,"featured_media":0,"comment_status":"open","ping_status":"open","sticky":false,"template":"","format":"standard","meta":{"site-sidebar-layout":"default","site-content-layout":"","ast-site-content-layout":"default","site-content-style":"default","site-sidebar-style":"default","ast-global-header-display":"","ast-banner-title-visibility":"","ast-main-header-display":"","ast-hfb-above-header-display":"","ast-hfb-below-header-display":"","ast-hfb-mobile-header-display":"","site-post-title":"","ast-breadcrumbs-content":"","ast-featured-img":"","footer-sml-layout":"","ast-disable-related-posts":"","theme-transparent-header-meta":"","adv-header-id-meta":"","stick-header-meta":"","header-above-stick-meta":"","header-main-stick-meta":"","header-below-stick-meta":"","astra-migrate-meta-layouts":"default","ast-page-background-enabled":"default","ast-page-background-meta":{"desktop":{"background-color":"var(--ast-global-color-4)","background-image":"","background-repeat":"repeat","background-position":"center center","background-size":"auto","background-attachment":"scroll","background-type":"","background-media":"","overlay-type":"","overlay-color":"","overlay-opacity":"","overlay-gradient":""},"tablet":{"background-color":"","background-image":"","background-repeat":"repeat","background-position":"center center","background-size":"auto","background-attachment":"scroll","background-type":"","background-media":"","overlay-type":"","overlay-color":"","overlay-opacity":"","overlay-gradient":""},"mobile":{"background-color":"","background-image":"","background-repeat":"repeat","background-position":"center center","background-size":"auto","background-attachment":"scroll","background-type":"","background-media":"","overlay-type":"","overlay-color":"","overlay-opacity":"","overlay-gradient":""}},"ast-content-background-meta":{"desktop":{"background-color":"var(--ast-global-color-5)","background-image":"","background-repeat":"repeat","background-position":"center center","background-size":"auto","background-attachment":"scroll","background-type":"","background-media":"","overlay-type":"","overlay-color":"","overlay-opacity":"","overlay-gradient":""},"tablet":{"background-color":"var(--ast-global-color-5)","background-image":"","background-repeat":"repeat","background-position":"center center","background-size":"auto","background-attachment":"scroll","background-type":"","background-media":"","overlay-type":"","overlay-color":"","overlay-opacity":"","overlay-gradient":""},"mobile":{"background-color":"var(--ast-global-color-5)","background-image":"","background-repeat":"repeat","background-position":"center center","background-size":"auto","background-attachment":"scroll","background-type":"","background-media":"","overlay-type":"","overlay-color":"","overlay-opacity":"","overlay-gradient":""}},"footnotes":""},"categories":[517],"tags":[483,416,2927,2229,22,199,333],"class_list":["post-16357","post","type-post","status-publish","format-standard","hentry","category-aconteceu","tag-cantora","tag-marido","tag-nayara-vilela","tag-noticas-do-face","tag-noticias-no-face","tag-noticiasnoface","tag-suicidio"],"_links":{"self":[{"href":"https:\/\/noticiasnoface.com.br\/index.php\/wp-json\/wp\/v2\/posts\/16357","targetHints":{"allow":["GET"]}}],"collection":[{"href":"https:\/\/noticiasnoface.com.br\/index.php\/wp-json\/wp\/v2\/posts"}],"about":[{"href":"https:\/\/noticiasnoface.com.br\/index.php\/wp-json\/wp\/v2\/types\/post"}],"author":[{"embeddable":true,"href":"https:\/\/noticiasnoface.com.br\/index.php\/wp-json\/wp\/v2\/users\/1"}],"replies":[{"embeddable":true,"href":"https:\/\/noticiasnoface.com.br\/index.php\/wp-json\/wp\/v2\/comments?post=16357"}],"version-history":[{"count":2,"href":"https:\/\/noticiasnoface.com.br\/index.php\/wp-json\/wp\/v2\/posts\/16357\/revisions"}],"predecessor-version":[{"id":16359,"href":"https:\/\/noticiasnoface.com.br\/index.php\/wp-json\/wp\/v2\/posts\/16357\/revisions\/16359"}],"wp:attachment":[{"href":"https:\/\/noticiasnoface.com.br\/index.php\/wp-json\/wp\/v2\/media?parent=16357"}],"wp:term":[{"taxonomy":"category","embeddable":true,"href":"https:\/\/noticiasnoface.com.br\/index.php\/wp-json\/wp\/v2\/categories?post=16357"},{"taxonomy":"post_tag","embeddable":true,"href":"https:\/\/noticiasnoface.com.br\/index.php\/wp-json\/wp\/v2\/tags?post=16357"}],"curies":[{"name":"wp","href":"https:\/\/api.w.org\/{rel}","templated":true}]}}