{"id":16371,"date":"2023-05-13T22:23:53","date_gmt":"2023-05-14T01:23:53","guid":{"rendered":"https:\/\/noticiasnoface.com.br\/?p=16371"},"modified":"2023-05-13T22:23:54","modified_gmt":"2023-05-14T01:23:54","slug":"audiencia-discute-atraso-na-obra-de-macrodrenagem-da-avenida-jeronimo-camara","status":"publish","type":"post","link":"https:\/\/noticiasnoface.com.br\/index.php\/2023\/05\/13\/audiencia-discute-atraso-na-obra-de-macrodrenagem-da-avenida-jeronimo-camara\/","title":{"rendered":"Audi\u00eancia discute atraso na obra de macrodrenagem da Avenida Jer\u00f4nimo C\u00e2mara"},"content":{"rendered":"\n<figure class=\"wp-block-image size-large\"><img data-opt-id=708589334  fetchpriority=\"high\" decoding=\"async\" width=\"1024\" height=\"682\" src=\"https:\/\/mlbfrsat7ahr.i.optimole.com\/w:1024\/h:682\/q:mauto\/ig:avif\/https:\/\/noticiasnoface.com.br\/wp-content\/uploads\/2023\/05\/img_4016.jpg\" class=\"wp-image-16370\" srcset=\"https:\/\/mlbfrsat7ahr.i.optimole.com\/w:1024\/h:682\/q:mauto\/ig:avif\/https:\/\/noticiasnoface.com.br\/wp-content\/uploads\/2023\/05\/img_4016.jpg 1024w, https:\/\/mlbfrsat7ahr.i.optimole.com\/w:300\/h:200\/q:mauto\/ig:avif\/https:\/\/noticiasnoface.com.br\/wp-content\/uploads\/2023\/05\/img_4016.jpg 300w, https:\/\/mlbfrsat7ahr.i.optimole.com\/w:768\/h:512\/q:mauto\/ig:avif\/https:\/\/noticiasnoface.com.br\/wp-content\/uploads\/2023\/05\/img_4016.jpg 768w, https:\/\/mlbfrsat7ahr.i.optimole.com\/w:1536\/h:1023\/q:mauto\/ig:avif\/https:\/\/noticiasnoface.com.br\/wp-content\/uploads\/2023\/05\/img_4016.jpg 1536w, https:\/\/mlbfrsat7ahr.i.optimole.com\/w:1600\/h:1066\/q:mauto\/ig:avif\/https:\/\/noticiasnoface.com.br\/wp-content\/uploads\/2023\/05\/img_4016.jpg 1600w\" sizes=\"(max-width: 1000px) 100vw, 1000px\" \/><figcaption class=\"wp-element-caption\">As obras do T\u00fanel de Macrodrenagem da Arena das Dunas e da recupera\u00e7\u00e3o da Avenida Jer\u00f4nimo C\u00e2mara foi o assunto discutido na audi\u00eancia p\u00fablica realizada nesta sexta-feira (12) na C\u00e2mara Municipal de Natal. A proposi\u00e7\u00e3o foi da vereadora Nina Souza (PDT) e contou ainda com a participa\u00e7\u00e3o dos vereadores Felipe Alves (Uni\u00e3o Brasil), Herberth Sena (PSDB) e da vereadora Camila Ara\u00fajo (Uni\u00e3o Brasil).<br>&#8220;Essa obra vai ajudar a resolver o problema de mobilidade e de alagamentos na \u00e1rea, mas era para a copa de 2014 e at\u00e9 hoje n\u00e3o foi conclu\u00edda. Precisamos de respostas. Uma \u00e1rea de grande relev\u00e2ncia com alto fluxo de atividades funcionando est\u00e1 sendo prejudicada, al\u00e9m de moradias. Quando n\u00e3o sabemos qual a situa\u00e7\u00e3o, causa afli\u00e7\u00e3o&#8221;, destacou a vereadora Nina Souza.<br>Representantes de moradores, da Justi\u00e7a Estadual e de outras entidades, como dos trabalhadores da Ceasa, relataram os problemas provocados pelo atraso. &#8220;A obra vem dificultando o transporte, principalmente dos caminh\u00f5es que passam pela via para ter acesso \u00e0 Ceasa. Essa obra precisa ser finalizada para garantir seguran\u00e7a ao fluxo de ve\u00edculos que abastecem a Ceasa, j\u00e1 que ocorrem acidentes e assaltos prejudicando os comerciantes&#8221;, explicou o representante do Sindicato de Permission\u00e1rios da Ceasa, Veridiano Leoc\u00e1dio.<br>Al\u00e9m da inseguran\u00e7a, h\u00e1 o transtorno com mobilidade e alagamentos. A \u00e1gua servida proveniente do Caic e da Ceasa \u00e9 outro problema. &#8220;Temos com\u00e9rcio fechado, poeira provocando problemas de sa\u00fade e n\u00e3o temos solu\u00e7\u00e3o at\u00e9 o momento. Os moradores est\u00e3o cansados&#8221;, reclamou a moradora Magda Xavier.<br>O secret\u00e1rio municipal de Infraestrutura, Carlson Gomes, explicou que v\u00e1rios elementos provocaram o atraso, como uma a\u00e7\u00e3o do Minist\u00e9rio P\u00fablico, que paralisou a obra, al\u00e9m da atualiza\u00e7\u00e3o de valores ao longo dos anos. Ele diz que, atualmente, h\u00e1 dois problemas travando o projeto. &#8220;Um \u00e9 no trecho da Avenida Castelo Branco, que j\u00e1 temos a solu\u00e7\u00e3o e dar\u00e1 funcionalidade a 60% da obra. O outro trecho \u00e9 por tr\u00e1s da Ceasa. O t\u00fanel nesse trecho, por ser \u00e1rea de duna, passa abaixo do len\u00e7ol fre\u00e1tico. Para esse, teremos uma solu\u00e7\u00e3o em 30 dias. A previs\u00e3o de conclus\u00e3o depende dos estudos de sondagem para resolver esses problemas&#8221;, disse.<br>A obra est\u00e1 or\u00e7ada atualmente em R$ 142 milh\u00f5es. Foram aplicados R$ 126 milh\u00f5es. Com a conclus\u00e3o dos servi\u00e7os, o t\u00fanel de macrodrenagem, que tem a extens\u00e3o de 4,7 quil\u00f4metros vai interligar o sistema de drenagem das \u00e1guas pluviais entre as zonas Sul e Oeste da capital, com objetivo de eliminar as enchentes dos bairros de Lagoa Nova, Nova Descoberta, Dix-Sept Rosado, Candel\u00e1ria, Bom Pastor, Cidade da Esperan\u00e7a e Nazar\u00e9.<br>Texto: Cl\u00e1udio Oliveira<br>Fotos: Lorena Ver\u00edssimo<\/figcaption><\/figure>\n","protected":false},"excerpt":{"rendered":"","protected":false},"author":1,"featured_media":0,"comment_status":"open","ping_status":"open","sticky":false,"template":"","format":"standard","meta":{"site-sidebar-layout":"default","site-content-layout":"","ast-site-content-layout":"default","site-content-style":"default","site-sidebar-style":"default","ast-global-header-display":"","ast-banner-title-visibility":"","ast-main-header-display":"","ast-hfb-above-header-display":"","ast-hfb-below-header-display":"","ast-hfb-mobile-header-display":"","site-post-title":"","ast-breadcrumbs-content":"","ast-featured-img":"","footer-sml-layout":"","ast-disable-related-posts":"","theme-transparent-header-meta":"","adv-header-id-meta":"","stick-header-meta":"","header-above-stick-meta":"","header-main-stick-meta":"","header-below-stick-meta":"","astra-migrate-meta-layouts":"default","ast-page-background-enabled":"default","ast-page-background-meta":{"desktop":{"background-color":"var(--ast-global-color-4)","background-image":"","background-repeat":"repeat","background-position":"center center","background-size":"auto","background-attachment":"scroll","background-type":"","background-media":"","overlay-type":"","overlay-color":"","overlay-opacity":"","overlay-gradient":""},"tablet":{"background-color":"","background-image":"","background-repeat":"repeat","background-position":"center center","background-size":"auto","background-attachment":"scroll","background-type":"","background-media":"","overlay-type":"","overlay-color":"","overlay-opacity":"","overlay-gradient":""},"mobile":{"background-color":"","background-image":"","background-repeat":"repeat","background-position":"center center","background-size":"auto","background-attachment":"scroll","background-type":"","background-media":"","overlay-type":"","overlay-color":"","overlay-opacity":"","overlay-gradient":""}},"ast-content-background-meta":{"desktop":{"background-color":"var(--ast-global-color-5)","background-image":"","background-repeat":"repeat","background-position":"center center","background-size":"auto","background-attachment":"scroll","background-type":"","background-media":"","overlay-type":"","overlay-color":"","overlay-opacity":"","overlay-gradient":""},"tablet":{"background-color":"var(--ast-global-color-5)","background-image":"","background-repeat":"repeat","background-position":"center center","background-size":"auto","background-attachment":"scroll","background-type":"","background-media":"","overlay-type":"","overlay-color":"","overlay-opacity":"","overlay-gradient":""},"mobile":{"background-color":"var(--ast-global-color-5)","background-image":"","background-repeat":"repeat","background-position":"center center","background-size":"auto","background-attachment":"scroll","background-type":"","background-media":"","overlay-type":"","overlay-color":"","overlay-opacity":"","overlay-gradient":""}},"footnotes":""},"categories":[517],"tags":[],"class_list":["post-16371","post","type-post","status-publish","format-standard","hentry","category-aconteceu"],"_links":{"self":[{"href":"https:\/\/noticiasnoface.com.br\/index.php\/wp-json\/wp\/v2\/posts\/16371","targetHints":{"allow":["GET"]}}],"collection":[{"href":"https:\/\/noticiasnoface.com.br\/index.php\/wp-json\/wp\/v2\/posts"}],"about":[{"href":"https:\/\/noticiasnoface.com.br\/index.php\/wp-json\/wp\/v2\/types\/post"}],"author":[{"embeddable":true,"href":"https:\/\/noticiasnoface.com.br\/index.php\/wp-json\/wp\/v2\/users\/1"}],"replies":[{"embeddable":true,"href":"https:\/\/noticiasnoface.com.br\/index.php\/wp-json\/wp\/v2\/comments?post=16371"}],"version-history":[{"count":1,"href":"https:\/\/noticiasnoface.com.br\/index.php\/wp-json\/wp\/v2\/posts\/16371\/revisions"}],"predecessor-version":[{"id":16372,"href":"https:\/\/noticiasnoface.com.br\/index.php\/wp-json\/wp\/v2\/posts\/16371\/revisions\/16372"}],"wp:attachment":[{"href":"https:\/\/noticiasnoface.com.br\/index.php\/wp-json\/wp\/v2\/media?parent=16371"}],"wp:term":[{"taxonomy":"category","embeddable":true,"href":"https:\/\/noticiasnoface.com.br\/index.php\/wp-json\/wp\/v2\/categories?post=16371"},{"taxonomy":"post_tag","embeddable":true,"href":"https:\/\/noticiasnoface.com.br\/index.php\/wp-json\/wp\/v2\/tags?post=16371"}],"curies":[{"name":"wp","href":"https:\/\/api.w.org\/{rel}","templated":true}]}}