{"id":16400,"date":"2023-05-15T14:32:27","date_gmt":"2023-05-15T17:32:27","guid":{"rendered":"https:\/\/noticiasnoface.com.br\/?p=16400"},"modified":"2023-05-15T14:32:28","modified_gmt":"2023-05-15T17:32:28","slug":"uber-e-99-entram-em-greve","status":"publish","type":"post","link":"https:\/\/noticiasnoface.com.br\/index.php\/2023\/05\/15\/uber-e-99-entram-em-greve\/","title":{"rendered":"UBER e 99 entram em GREVE"},"content":{"rendered":"\n<figure class=\"wp-block-image size-large\"><img data-opt-id=31810914  fetchpriority=\"high\" decoding=\"async\" width=\"1024\" height=\"577\" src=\"https:\/\/mlbfrsat7ahr.i.optimole.com\/w:1024\/h:577\/q:mauto\/ig:avif\/https:\/\/noticiasnoface.com.br\/wp-content\/uploads\/2023\/05\/photo-output-36.jpg\" class=\"wp-image-16399\" srcset=\"https:\/\/mlbfrsat7ahr.i.optimole.com\/w:1024\/h:577\/q:mauto\/ig:avif\/https:\/\/noticiasnoface.com.br\/wp-content\/uploads\/2023\/05\/photo-output-36.jpg 1024w, https:\/\/mlbfrsat7ahr.i.optimole.com\/w:300\/h:169\/q:mauto\/ig:avif\/https:\/\/noticiasnoface.com.br\/wp-content\/uploads\/2023\/05\/photo-output-36.jpg 300w, https:\/\/mlbfrsat7ahr.i.optimole.com\/w:768\/h:432\/q:mauto\/ig:avif\/https:\/\/noticiasnoface.com.br\/wp-content\/uploads\/2023\/05\/photo-output-36.jpg 768w, https:\/\/mlbfrsat7ahr.i.optimole.com\/w:1536\/h:865\/q:mauto\/ig:avif\/https:\/\/noticiasnoface.com.br\/wp-content\/uploads\/2023\/05\/photo-output-36.jpg 1536w, https:\/\/mlbfrsat7ahr.i.optimole.com\/w:800\/h:450\/q:mauto\/ig:avif\/https:\/\/noticiasnoface.com.br\/wp-content\/uploads\/2023\/05\/photo-output-36.jpg 800w, https:\/\/mlbfrsat7ahr.i.optimole.com\/w:1918\/h:1080\/q:mauto\/ig:avif\/https:\/\/noticiasnoface.com.br\/wp-content\/uploads\/2023\/05\/photo-output-36.jpg 2048w\" sizes=\"(max-width: 1000px) 100vw, 1000px\" \/><figcaption class=\"wp-element-caption\">Greve de Uber e 99 causa transtornos a passageiros em S\u00e3o Paulo<br>Greve de motoristas da Uber e da 99 provocou pre\u00e7os mais altos na capital paulista; categoria pede reajuste salarial e melhores condi\u00e7\u00f5es<br><img data-opt-id=919316222  fetchpriority=\"high\" decoding=\"async\" src=\"https:\/\/uploads.metropoles.com\/wp-content\/uploads\/2023\/05\/15132055\/Uber-greve-450x300.jpg\" alt=\"\" class=\"extendsBeyondTextColumn\"><br><strong>S\u00e3o Paulo \u2013<\/strong> A greve deflagrada nesta segunda-feira (15\/5) por motoristas de aplicativos de transporte, como Uber e 99, tem causado transtornos aos passageiros em S\u00e3o Paulo. Usu\u00e1rios reclamam nas redes sociais que as corridas est\u00e3o mais caras e mais demoradas. A categoria pede reajuste de pagamento e melhores condi\u00e7\u00f5es de trabalho.<br><br>Pela manh\u00e3, mensagens nos aplicativos informavam aos usu\u00e1rios sobre o tempo maior de espera e reflexos nos pre\u00e7os. Segundo Eduardo Lima de Souza, presidente da Associa\u00e7\u00e3o de Motoristas de Aplicativos de S\u00e3o Paulo (Amasp), a ades\u00e3o ao movimento chegou a 60% no in\u00edcio da manh\u00e3. Na hora do almo\u00e7o, a situa\u00e7\u00e3o estava normalizada.<br>\u201cEm alguns hor\u00e1rios da manh\u00e3, as plataformas ativaram a tarifa din\u00e2mica de R$ 30 (o maior valor da categoria), o que n\u00e3o \u00e9 comum para o per\u00edodo\u201d, disse Eduardo. Esse tipo de tarifa \u00e9 aplicado quando h\u00e1 muita demanda de passageiros, mas poucos carros para atender a regi\u00e3o. A plataforma aumenta o valor da corrida para atrair mais motoristas.<br>Reivindica\u00e7\u00f5es<br>S\u00e3o tr\u00eas as principais reivindica\u00e7\u00f5es dos motoristas de aplicativo: corridas com valor m\u00ednimo de R$ 10 (na capital, o m\u00ednimo \u00e9 R$ 5,62, mas em cidades do interior o valor pode ser de R$ 3,75); que o valor das demais corridas seja de R$ 2 por quil\u00f4metro rodado e R$ 0,30 por minuto; e que as taxas cobradas das empresas aos motoristas sejam reduzidas e fixas.<br>Um grupo de motoristas de aplicativos se reuniu no final da manh\u00e3 na Pra\u00e7a Charles Miller para avaliar os resultados do movimento. A inten\u00e7\u00e3o \u00e9 fazer uma carreata \u00e0s 13h em dire\u00e7\u00e3o ao Itaim Bibi, onde ficam associa\u00e7\u00f5es do setor, e depois para a Assembleia Legislativa de S\u00e3o Paulo (Alesp), ocasi\u00e3o em que pretendem entregar um documento aos deputados.<br>Procurada, a 99 informou que adotou solu\u00e7\u00f5es permanentes para aumentar os ganhos no app. \u201cFoi a primeira plataforma a oferecer a Taxa Garantida, que assegura aos condutores a taxa m\u00e1xima semanal de at\u00e9 19,99% \u201c, disse. \u201cTamb\u00e9m foi pioneira em iniciativas com o Adicional Vari\u00e1vel de Combust\u00edvel, um aux\u00edlio no ganho que aumenta sempre que o combust\u00edvel sobe.\u201d<br>A Associa\u00e7\u00e3o Brasileira de Mobilidade e Tecnologia (Amobitec), entidade que representa as empresas do setor, afirmou em nota que respeita o direito de manifesta\u00e7\u00e3o. Informou, ainda, que as \u201cempresas associadas mant\u00eam abertos seus canais de comunica\u00e7\u00e3o com os motoristas parceiros, reafirmando a disposi\u00e7\u00e3o para o di\u00e1logo cont\u00ednuo, de forma a aprimorar a experi\u00eancia de todos nas plataformas\u201d.<\/figcaption><\/figure>\n","protected":false},"excerpt":{"rendered":"","protected":false},"author":1,"featured_media":0,"comment_status":"open","ping_status":"open","sticky":false,"template":"","format":"standard","meta":{"site-sidebar-layout":"default","site-content-layout":"","ast-site-content-layout":"default","site-content-style":"default","site-sidebar-style":"default","ast-global-header-display":"","ast-banner-title-visibility":"","ast-main-header-display":"","ast-hfb-above-header-display":"","ast-hfb-below-header-display":"","ast-hfb-mobile-header-display":"","site-post-title":"","ast-breadcrumbs-content":"","ast-featured-img":"","footer-sml-layout":"","ast-disable-related-posts":"","theme-transparent-header-meta":"","adv-header-id-meta":"","stick-header-meta":"","header-above-stick-meta":"","header-main-stick-meta":"","header-below-stick-meta":"","astra-migrate-meta-layouts":"default","ast-page-background-enabled":"default","ast-page-background-meta":{"desktop":{"background-color":"var(--ast-global-color-4)","background-image":"","background-repeat":"repeat","background-position":"center center","background-size":"auto","background-attachment":"scroll","background-type":"","background-media":"","overlay-type":"","overlay-color":"","overlay-opacity":"","overlay-gradient":""},"tablet":{"background-color":"","background-image":"","background-repeat":"repeat","background-position":"center center","background-size":"auto","background-attachment":"scroll","background-type":"","background-media":"","overlay-type":"","overlay-color":"","overlay-opacity":"","overlay-gradient":""},"mobile":{"background-color":"","background-image":"","background-repeat":"repeat","background-position":"center center","background-size":"auto","background-attachment":"scroll","background-type":"","background-media":"","overlay-type":"","overlay-color":"","overlay-opacity":"","overlay-gradient":""}},"ast-content-background-meta":{"desktop":{"background-color":"var(--ast-global-color-5)","background-image":"","background-repeat":"repeat","background-position":"center center","background-size":"auto","background-attachment":"scroll","background-type":"","background-media":"","overlay-type":"","overlay-color":"","overlay-opacity":"","overlay-gradient":""},"tablet":{"background-color":"var(--ast-global-color-5)","background-image":"","background-repeat":"repeat","background-position":"center center","background-size":"auto","background-attachment":"scroll","background-type":"","background-media":"","overlay-type":"","overlay-color":"","overlay-opacity":"","overlay-gradient":""},"mobile":{"background-color":"var(--ast-global-color-5)","background-image":"","background-repeat":"repeat","background-position":"center center","background-size":"auto","background-attachment":"scroll","background-type":"","background-media":"","overlay-type":"","overlay-color":"","overlay-opacity":"","overlay-gradient":""}},"footnotes":""},"categories":[517],"tags":[2939,36,2229,2236,199,672],"class_list":["post-16400","post","type-post","status-publish","format-standard","hentry","category-aconteceu","tag-2939","tag-greve","tag-noticas-do-face","tag-noticas-no-face","tag-noticiasnoface","tag-uber"],"_links":{"self":[{"href":"https:\/\/noticiasnoface.com.br\/index.php\/wp-json\/wp\/v2\/posts\/16400","targetHints":{"allow":["GET"]}}],"collection":[{"href":"https:\/\/noticiasnoface.com.br\/index.php\/wp-json\/wp\/v2\/posts"}],"about":[{"href":"https:\/\/noticiasnoface.com.br\/index.php\/wp-json\/wp\/v2\/types\/post"}],"author":[{"embeddable":true,"href":"https:\/\/noticiasnoface.com.br\/index.php\/wp-json\/wp\/v2\/users\/1"}],"replies":[{"embeddable":true,"href":"https:\/\/noticiasnoface.com.br\/index.php\/wp-json\/wp\/v2\/comments?post=16400"}],"version-history":[{"count":1,"href":"https:\/\/noticiasnoface.com.br\/index.php\/wp-json\/wp\/v2\/posts\/16400\/revisions"}],"predecessor-version":[{"id":16401,"href":"https:\/\/noticiasnoface.com.br\/index.php\/wp-json\/wp\/v2\/posts\/16400\/revisions\/16401"}],"wp:attachment":[{"href":"https:\/\/noticiasnoface.com.br\/index.php\/wp-json\/wp\/v2\/media?parent=16400"}],"wp:term":[{"taxonomy":"category","embeddable":true,"href":"https:\/\/noticiasnoface.com.br\/index.php\/wp-json\/wp\/v2\/categories?post=16400"},{"taxonomy":"post_tag","embeddable":true,"href":"https:\/\/noticiasnoface.com.br\/index.php\/wp-json\/wp\/v2\/tags?post=16400"}],"curies":[{"name":"wp","href":"https:\/\/api.w.org\/{rel}","templated":true}]}}