{"id":16403,"date":"2023-05-15T23:21:20","date_gmt":"2023-05-16T02:21:20","guid":{"rendered":"https:\/\/noticiasnoface.com.br\/?p=16403"},"modified":"2023-05-15T23:21:20","modified_gmt":"2023-05-16T02:21:20","slug":"camara-recebe-sms-natal-em-apresentacao-do-relatorio-anual-de-gestao","status":"publish","type":"post","link":"https:\/\/noticiasnoface.com.br\/index.php\/2023\/05\/15\/camara-recebe-sms-natal-em-apresentacao-do-relatorio-anual-de-gestao\/","title":{"rendered":"C\u00e2mara recebe SMS\/Natal em apresenta\u00e7\u00e3o do Relat\u00f3rio Anual de Gest\u00e3o"},"content":{"rendered":"\n<figure class=\"wp-block-image size-large\"><img data-opt-id=618913916  fetchpriority=\"high\" decoding=\"async\" width=\"1024\" height=\"682\" src=\"https:\/\/mlbfrsat7ahr.i.optimole.com\/w:1024\/h:682\/q:mauto\/ig:avif\/https:\/\/noticiasnoface.com.br\/wp-content\/uploads\/2023\/05\/img_4144.jpg\" class=\"wp-image-16402\" srcset=\"https:\/\/mlbfrsat7ahr.i.optimole.com\/w:1024\/h:682\/q:mauto\/ig:avif\/https:\/\/noticiasnoface.com.br\/wp-content\/uploads\/2023\/05\/img_4144.jpg 1024w, https:\/\/mlbfrsat7ahr.i.optimole.com\/w:300\/h:200\/q:mauto\/ig:avif\/https:\/\/noticiasnoface.com.br\/wp-content\/uploads\/2023\/05\/img_4144.jpg 300w, https:\/\/mlbfrsat7ahr.i.optimole.com\/w:768\/h:512\/q:mauto\/ig:avif\/https:\/\/noticiasnoface.com.br\/wp-content\/uploads\/2023\/05\/img_4144.jpg 768w, https:\/\/mlbfrsat7ahr.i.optimole.com\/w:1536\/h:1023\/q:mauto\/ig:avif\/https:\/\/noticiasnoface.com.br\/wp-content\/uploads\/2023\/05\/img_4144.jpg 1536w, https:\/\/mlbfrsat7ahr.i.optimole.com\/w:1600\/h:1066\/q:mauto\/ig:avif\/https:\/\/noticiasnoface.com.br\/wp-content\/uploads\/2023\/05\/img_4144.jpg 1600w\" sizes=\"(max-width: 1000px) 100vw, 1000px\" \/><figcaption class=\"wp-element-caption\">Na Comiss\u00e3o de Sa\u00fade da C\u00e2mara Municipal de Natal desta segunda-feira (15), o plen\u00e1rio da Casa recebeu o corpo profissional e t\u00e9cnico da Secretaria Municipal de Sa\u00fade de Natal. Na ocasi\u00e3o, foi realizada a leitura do Relat\u00f3rio Anual de Gest\u00e3o no seu terceiro quadrimestre do ano de 2022.<br>De uma forma geral, a secretaria apresentou o relat\u00f3rio com dados relacionados a servi\u00e7os, n\u00famero de unidades de sa\u00fade, rede especializada, dados populacionais, obras, or\u00e7amentos entre outros t\u00f3picos.<br>Ao final da leitura, o texto foi aprovado pelos vereadores membros da comiss\u00e3o, com ressalvas do vereador Preto Aquino (PSD). &#8220;Vimos a apresenta\u00e7\u00e3o do relat\u00f3rio completo e para a gente da Comiss\u00e3o os servi\u00e7os apresentados s\u00e3o satisfat\u00f3rios. Estamos vendo avan\u00e7os, mas tamb\u00e9m sabemos das dificuldades e que algumas unidades precisam alcan\u00e7ar em alguns atendimentos. Continuamos cobrando para que no pr\u00f3ximo ano, no pr\u00f3ximo relat\u00f3rio, ele seja ainda mais satisfat\u00f3rio e um servi\u00e7o cada vez melhor garantido a popula\u00e7\u00e3o&#8221;, destacou o presidente da Comiss\u00e3o, vereador, Herberth Sena (PSDB)<br>J\u00e1 o secret\u00e1rio da SMS, dr. George Antunes, pontuou sobre as melhorias no atendimento e parabenizou a comiss\u00e3o pelo trabalho desenvolvido. &#8220;Tivemos crescimento na assist\u00eancia, na qualidade e aten\u00e7\u00e3o que estamos dando aos usu\u00e1rios do sistema de sa\u00fade. Respeito, ainda, a seriedade que esta Casa vem dando ao tratar as quest\u00f5es de sa\u00fade, seja nas fiscaliza\u00e7\u00f5es como nos debates tanto no meu gabinete como aqui mesmo. Isso engradece, constr\u00f3i i e ajudar fortalecer o SUS\u201d, disse o secret\u00e1rio.<br><strong>Relatoria e aprecia\u00e7\u00e3o de projetos<\/strong><br>Ainda na reuni\u00e3o, a Comiss\u00e3o designou relatoria de quatro projetos de lei, assim como deu parecer a mais doze PL\u2019s.<br>Entre eles o PL 110\/2022, da vereadora Ana Paula (Solidariedade), subscrito pela vereadora Nina Souza (PDT), que disp\u00f5e sobre a concess\u00e3o de aux\u00edlio aluguel \u00e0s mulheres v\u00edtimas de viol\u00eancia dom\u00e9stica, no Munic\u00edpio de Natal; al\u00e9m do PL 255\/2022, da vereadora Camila Ara\u00fajo (Uni\u00e3o Brasil), que institui a san\u00e7\u00e3o de multa para os im\u00f3veis abandonados ou ocupados que possuam recipientes\/reservat\u00f3rios de \u00e1gua sem a devida limpeza e manuten\u00e7\u00e3o, e que favore\u00e7am a prolifera\u00e7\u00e3o do mosquito Aedes Aegypti; entre as demais mat\u00e9rias com pareceres e vota\u00e7\u00f5es apresentados.<br>Texto: Salvina Miranda<br>Fotos: Elp\u00eddio J\u00fanior<\/figcaption><\/figure>\n\n\n\n<p><\/p>\n","protected":false},"excerpt":{"rendered":"","protected":false},"author":1,"featured_media":0,"comment_status":"open","ping_status":"open","sticky":false,"template":"","format":"standard","meta":{"site-sidebar-layout":"default","site-content-layout":"","ast-site-content-layout":"default","site-content-style":"default","site-sidebar-style":"default","ast-global-header-display":"","ast-banner-title-visibility":"","ast-main-header-display":"","ast-hfb-above-header-display":"","ast-hfb-below-header-display":"","ast-hfb-mobile-header-display":"","site-post-title":"","ast-breadcrumbs-content":"","ast-featured-img":"","footer-sml-layout":"","ast-disable-related-posts":"","theme-transparent-header-meta":"","adv-header-id-meta":"","stick-header-meta":"","header-above-stick-meta":"","header-main-stick-meta":"","header-below-stick-meta":"","astra-migrate-meta-layouts":"default","ast-page-background-enabled":"default","ast-page-background-meta":{"desktop":{"background-color":"var(--ast-global-color-4)","background-image":"","background-repeat":"repeat","background-position":"center center","background-size":"auto","background-attachment":"scroll","background-type":"","background-media":"","overlay-type":"","overlay-color":"","overlay-opacity":"","overlay-gradient":""},"tablet":{"background-color":"","background-image":"","background-repeat":"repeat","background-position":"center center","background-size":"auto","background-attachment":"scroll","background-type":"","background-media":"","overlay-type":"","overlay-color":"","overlay-opacity":"","overlay-gradient":""},"mobile":{"background-color":"","background-image":"","background-repeat":"repeat","background-position":"center center","background-size":"auto","background-attachment":"scroll","background-type":"","background-media":"","overlay-type":"","overlay-color":"","overlay-opacity":"","overlay-gradient":""}},"ast-content-background-meta":{"desktop":{"background-color":"var(--ast-global-color-5)","background-image":"","background-repeat":"repeat","background-position":"center center","background-size":"auto","background-attachment":"scroll","background-type":"","background-media":"","overlay-type":"","overlay-color":"","overlay-opacity":"","overlay-gradient":""},"tablet":{"background-color":"var(--ast-global-color-5)","background-image":"","background-repeat":"repeat","background-position":"center center","background-size":"auto","background-attachment":"scroll","background-type":"","background-media":"","overlay-type":"","overlay-color":"","overlay-opacity":"","overlay-gradient":""},"mobile":{"background-color":"var(--ast-global-color-5)","background-image":"","background-repeat":"repeat","background-position":"center center","background-size":"auto","background-attachment":"scroll","background-type":"","background-media":"","overlay-type":"","overlay-color":"","overlay-opacity":"","overlay-gradient":""}},"footnotes":""},"categories":[517],"tags":[],"class_list":["post-16403","post","type-post","status-publish","format-standard","hentry","category-aconteceu"],"_links":{"self":[{"href":"https:\/\/noticiasnoface.com.br\/index.php\/wp-json\/wp\/v2\/posts\/16403","targetHints":{"allow":["GET"]}}],"collection":[{"href":"https:\/\/noticiasnoface.com.br\/index.php\/wp-json\/wp\/v2\/posts"}],"about":[{"href":"https:\/\/noticiasnoface.com.br\/index.php\/wp-json\/wp\/v2\/types\/post"}],"author":[{"embeddable":true,"href":"https:\/\/noticiasnoface.com.br\/index.php\/wp-json\/wp\/v2\/users\/1"}],"replies":[{"embeddable":true,"href":"https:\/\/noticiasnoface.com.br\/index.php\/wp-json\/wp\/v2\/comments?post=16403"}],"version-history":[{"count":1,"href":"https:\/\/noticiasnoface.com.br\/index.php\/wp-json\/wp\/v2\/posts\/16403\/revisions"}],"predecessor-version":[{"id":16404,"href":"https:\/\/noticiasnoface.com.br\/index.php\/wp-json\/wp\/v2\/posts\/16403\/revisions\/16404"}],"wp:attachment":[{"href":"https:\/\/noticiasnoface.com.br\/index.php\/wp-json\/wp\/v2\/media?parent=16403"}],"wp:term":[{"taxonomy":"category","embeddable":true,"href":"https:\/\/noticiasnoface.com.br\/index.php\/wp-json\/wp\/v2\/categories?post=16403"},{"taxonomy":"post_tag","embeddable":true,"href":"https:\/\/noticiasnoface.com.br\/index.php\/wp-json\/wp\/v2\/tags?post=16403"}],"curies":[{"name":"wp","href":"https:\/\/api.w.org\/{rel}","templated":true}]}}