{"id":16568,"date":"2023-05-24T14:02:11","date_gmt":"2023-05-24T17:02:11","guid":{"rendered":"https:\/\/noticiasnoface.com.br\/?p=16568"},"modified":"2023-05-24T14:02:11","modified_gmt":"2023-05-24T17:02:11","slug":"prefeito-de-sao-paulo-do-potengi-cancela-sao-joao-deixando-comercio-local-desesperado","status":"publish","type":"post","link":"https:\/\/noticiasnoface.com.br\/index.php\/2023\/05\/24\/prefeito-de-sao-paulo-do-potengi-cancela-sao-joao-deixando-comercio-local-desesperado\/","title":{"rendered":"Prefeito de S\u00e3o Paulo do Potengi cancela S\u00e3o Jo\u00e3o, deixando com\u00e9rcio local desesperado"},"content":{"rendered":"\n<figure class=\"wp-block-image size-large\"><img data-opt-id=505009112  fetchpriority=\"high\" decoding=\"async\" width=\"1024\" height=\"1024\" src=\"https:\/\/mlbfrsat7ahr.i.optimole.com\/w:1024\/h:1024\/q:mauto\/ig:avif\/https:\/\/noticiasnoface.com.br\/wp-content\/uploads\/2023\/05\/photoroom_20230524_135924-1.jpg\" class=\"wp-image-16567\" srcset=\"https:\/\/mlbfrsat7ahr.i.optimole.com\/w:1024\/h:1024\/q:mauto\/ig:avif\/https:\/\/noticiasnoface.com.br\/wp-content\/uploads\/2023\/05\/photoroom_20230524_135924-1.jpg 1024w, https:\/\/mlbfrsat7ahr.i.optimole.com\/w:300\/h:300\/q:mauto\/ig:avif\/https:\/\/noticiasnoface.com.br\/wp-content\/uploads\/2023\/05\/photoroom_20230524_135924-1.jpg 300w, https:\/\/mlbfrsat7ahr.i.optimole.com\/w:150\/h:150\/q:mauto\/ig:avif\/https:\/\/noticiasnoface.com.br\/wp-content\/uploads\/2023\/05\/photoroom_20230524_135924-1.jpg 150w, https:\/\/mlbfrsat7ahr.i.optimole.com\/w:768\/h:768\/q:mauto\/ig:avif\/https:\/\/noticiasnoface.com.br\/wp-content\/uploads\/2023\/05\/photoroom_20230524_135924-1.jpg 768w, https:\/\/mlbfrsat7ahr.i.optimole.com\/w:1080\/h:1080\/q:mauto\/ig:avif\/https:\/\/noticiasnoface.com.br\/wp-content\/uploads\/2023\/05\/photoroom_20230524_135924-1.jpg 1536w, https:\/\/mlbfrsat7ahr.i.optimole.com\/w:600\/h:600\/q:mauto\/ig:avif\/https:\/\/noticiasnoface.com.br\/wp-content\/uploads\/2023\/05\/photoroom_20230524_135924-1.jpg 600w, https:\/\/mlbfrsat7ahr.i.optimole.com\/w:1080\/h:1080\/q:mauto\/ig:avif\/https:\/\/noticiasnoface.com.br\/wp-content\/uploads\/2023\/05\/photoroom_20230524_135924-1.jpg 1600w\" sizes=\"(max-width: 1000px) 100vw, 1000px\" \/><figcaption class=\"wp-element-caption\">Prefeito de S\u00e3o Paulo do Potengi usa mais da metade da receita para pagar folha.<br>O valor representa mais de 50% de toda a receita municipal arrecadada no mesmo per\u00edodo, que foi de aproximadamente R$ 70 milh\u00f5es em 2022.<br><a class=\"byline\" href=\"https:\/\/natalhoje.com.br\/author\/paulinho123\/?amp=1\" target=\"_blank\" rel=\"noopener\">Reda\u00e7\u00e3o<\/a>23 de maio de 2023<br><img data-opt-id=1709053086  fetchpriority=\"high\" decoding=\"async\" src=\"https:\/\/natalhoje.com.br\/wp-content\/uploads\/2023\/05\/Prefeito-de-Sao-Paulo-do-Potengi-usa-mais-da-metade-da-receita-para-pagar-folha-984x600.jpg\" class=\"extendsBeyondTextColumn\"><br><strong>Prefeito de S\u00e3o Paulo do Potengi usa mais da metade da receita para pagar folha. <\/strong>A folha salarial dos servidores p\u00fablicos efetivos, terceirizados e contratados temporariamente do munic\u00edpio de <a rel=\"noreferrer noopener\" href=\"https:\/\/pt.wikipedia.org\/wiki\/S%C3%A3o_Paulo_do_Potengi\" target=\"_blank\">S\u00e3o Paulo do Potengi<\/a>, Regi\u00e3o Potengi, custou aos cofres p\u00fablicos mais de R$ 37 milh\u00f5es, entre janeiro e dezembro de 2022. O valor representa mais de 50% de toda a receita municipal arrecadada no mesmo per\u00edodo, que foi de aproximadamente R$ 70 milh\u00f5es.<br>Conforme o Portal da Transpar\u00eancia de S\u00e3o Paulo do Potengi, o munic\u00edpio pagou R$ 37 milh\u00f5es a t\u00edtulo de vencimentos e vantagens fixas de pessoal civil entre janeiro e dezembro. A segunda maior despesa da Prefeitura Municipal com pagamento de folha salarial foi decorrente de contratos de terceiriza\u00e7\u00e3o.<br>No mesmo ano 2022, a receita municipal tamb\u00e9m recebeu incremento significativo. Nos 12 meses do corrente ano, o executivo de S\u00e3o Paulo do Potengi arrecadou o montante de aproximadamente R$ 70 milh\u00f5es. No ano anterior, o valor foi de apenas 56,4 milh\u00f5es.<\/figcaption><\/figure>\n","protected":false},"excerpt":{"rendered":"","protected":false},"author":1,"featured_media":0,"comment_status":"open","ping_status":"open","sticky":false,"template":"","format":"standard","meta":{"site-sidebar-layout":"default","site-content-layout":"","ast-site-content-layout":"default","site-content-style":"default","site-sidebar-style":"default","ast-global-header-display":"","ast-banner-title-visibility":"","ast-main-header-display":"","ast-hfb-above-header-display":"","ast-hfb-below-header-display":"","ast-hfb-mobile-header-display":"","site-post-title":"","ast-breadcrumbs-content":"","ast-featured-img":"","footer-sml-layout":"","ast-disable-related-posts":"","theme-transparent-header-meta":"","adv-header-id-meta":"","stick-header-meta":"","header-above-stick-meta":"","header-main-stick-meta":"","header-below-stick-meta":"","astra-migrate-meta-layouts":"default","ast-page-background-enabled":"default","ast-page-background-meta":{"desktop":{"background-color":"var(--ast-global-color-4)","background-image":"","background-repeat":"repeat","background-position":"center center","background-size":"auto","background-attachment":"scroll","background-type":"","background-media":"","overlay-type":"","overlay-color":"","overlay-opacity":"","overlay-gradient":""},"tablet":{"background-color":"","background-image":"","background-repeat":"repeat","background-position":"center center","background-size":"auto","background-attachment":"scroll","background-type":"","background-media":"","overlay-type":"","overlay-color":"","overlay-opacity":"","overlay-gradient":""},"mobile":{"background-color":"","background-image":"","background-repeat":"repeat","background-position":"center center","background-size":"auto","background-attachment":"scroll","background-type":"","background-media":"","overlay-type":"","overlay-color":"","overlay-opacity":"","overlay-gradient":""}},"ast-content-background-meta":{"desktop":{"background-color":"var(--ast-global-color-5)","background-image":"","background-repeat":"repeat","background-position":"center center","background-size":"auto","background-attachment":"scroll","background-type":"","background-media":"","overlay-type":"","overlay-color":"","overlay-opacity":"","overlay-gradient":""},"tablet":{"background-color":"var(--ast-global-color-5)","background-image":"","background-repeat":"repeat","background-position":"center center","background-size":"auto","background-attachment":"scroll","background-type":"","background-media":"","overlay-type":"","overlay-color":"","overlay-opacity":"","overlay-gradient":""},"mobile":{"background-color":"var(--ast-global-color-5)","background-image":"","background-repeat":"repeat","background-position":"center center","background-size":"auto","background-attachment":"scroll","background-type":"","background-media":"","overlay-type":"","overlay-color":"","overlay-opacity":"","overlay-gradient":""}},"footnotes":""},"categories":[517],"tags":[2229,937,1458,2975],"class_list":["post-16568","post","type-post","status-publish","format-standard","hentry","category-aconteceu","tag-noticas-do-face","tag-prefeito","tag-sao-joao","tag-sao-paulo-do-potengi"],"_links":{"self":[{"href":"https:\/\/noticiasnoface.com.br\/index.php\/wp-json\/wp\/v2\/posts\/16568","targetHints":{"allow":["GET"]}}],"collection":[{"href":"https:\/\/noticiasnoface.com.br\/index.php\/wp-json\/wp\/v2\/posts"}],"about":[{"href":"https:\/\/noticiasnoface.com.br\/index.php\/wp-json\/wp\/v2\/types\/post"}],"author":[{"embeddable":true,"href":"https:\/\/noticiasnoface.com.br\/index.php\/wp-json\/wp\/v2\/users\/1"}],"replies":[{"embeddable":true,"href":"https:\/\/noticiasnoface.com.br\/index.php\/wp-json\/wp\/v2\/comments?post=16568"}],"version-history":[{"count":1,"href":"https:\/\/noticiasnoface.com.br\/index.php\/wp-json\/wp\/v2\/posts\/16568\/revisions"}],"predecessor-version":[{"id":16569,"href":"https:\/\/noticiasnoface.com.br\/index.php\/wp-json\/wp\/v2\/posts\/16568\/revisions\/16569"}],"wp:attachment":[{"href":"https:\/\/noticiasnoface.com.br\/index.php\/wp-json\/wp\/v2\/media?parent=16568"}],"wp:term":[{"taxonomy":"category","embeddable":true,"href":"https:\/\/noticiasnoface.com.br\/index.php\/wp-json\/wp\/v2\/categories?post=16568"},{"taxonomy":"post_tag","embeddable":true,"href":"https:\/\/noticiasnoface.com.br\/index.php\/wp-json\/wp\/v2\/tags?post=16568"}],"curies":[{"name":"wp","href":"https:\/\/api.w.org\/{rel}","templated":true}]}}