{"id":16629,"date":"2023-05-28T08:53:16","date_gmt":"2023-05-28T11:53:16","guid":{"rendered":"https:\/\/noticiasnoface.com.br\/?p=16629"},"modified":"2023-05-28T08:53:17","modified_gmt":"2023-05-28T11:53:17","slug":"ex-socia-de-janja-ganha-cargo-de-13-mil-reais-privilegios","status":"publish","type":"post","link":"https:\/\/noticiasnoface.com.br\/index.php\/2023\/05\/28\/ex-socia-de-janja-ganha-cargo-de-13-mil-reais-privilegios\/","title":{"rendered":"Ex-s\u00f3cia de Janja ganha cargo de 13 mil reais+ privil\u00e9gios"},"content":{"rendered":"\n<figure class=\"wp-block-image size-large\"><img data-opt-id=145947478  fetchpriority=\"high\" decoding=\"async\" width=\"300\" height=\"185\" src=\"https:\/\/mlbfrsat7ahr.i.optimole.com\/w:300\/h:185\/q:mauto\/ig:avif\/https:\/\/noticiasnoface.com.br\/wp-content\/uploads\/2023\/05\/img_4880.jpg\" class=\"wp-image-16628\" srcset=\"https:\/\/mlbfrsat7ahr.i.optimole.com\/w:300\/h:185\/q:mauto\/ig:avif\/https:\/\/noticiasnoface.com.br\/wp-content\/uploads\/2023\/05\/img_4880.jpg 300w, https:\/\/mlbfrsat7ahr.i.optimole.com\/w:699\/h:430\/q:mauto\/ig:avif\/https:\/\/noticiasnoface.com.br\/wp-content\/uploads\/2023\/05\/img_4880.jpg 699w\" sizes=\"(max-width: 300px) 100vw, 300px\" \/><figcaption class=\"wp-element-caption\">Margarida Cristina de Quadros, uma ex-s\u00f3cia da primeira-dama Ros\u00e2ngela da Silva, a Janja, ganhou um cargo de assessora especial na Presid\u00eancia da Rep\u00fablica. O sal\u00e1rio bruto dela \u00e9 de R$ 13.623. Ela foi nomeada em 26 de janeiro deste ano.<br>A assessoria especial tem cargo de comiss\u00e3o. Trabalha no gabinete pessoal do presidente Luiz In\u00e1cio Lula da Silva (PT). Janja e Margarida foram s\u00f3cias da Principio Consultoria, Assessoria e Pesquisa Ltda e nome fantasia Princ\u00edpios \u2013empresa que foi aberta em 2002 e extinta em outubro de 2021\u2013, segundo informa\u00e7\u00f5es da revista <em>Veja<\/em> e confirmadas pelo Poder360.<br>A empresa tinha como principal fun\u00e7\u00e3o a atividades de consultoria em gest\u00e3o empresarial, exceto consultoria t\u00e9cnica espec\u00edfica. Atuava tamb\u00e9m com administra\u00e7\u00e3o de caixas escolares e atividades de apoio \u00e0 educa\u00e7\u00e3o. O ministro-chefe da Casa Civil, Rui Costa, <a href=\"https:\/\/www.in.gov.br\/web\/dou\/-\/portarias-de-26-de-janeiro-de-2023-460412069\" target=\"_blank\" rel=\"noopener\">assinou<\/a> a portaria com a nomea\u00e7\u00e3o de Margarida.<br><img data-opt-id=751979319  fetchpriority=\"high\" decoding=\"async\" src=\"https:\/\/static.poder360.com.br\/2023\/05\/nomeacao-margarida-cristina-de-quadros.png\" class=\"lazy medium-zoom-image lazy-loaded\"><br>Foto: Reprodu\u00e7\u00e3o\/Di\u00e1rio Oficial da Uni\u00e3o<br><br>Margarida Cristina de Quadros foi nomeada em 26 de janeiro de 2023 para ser assessora especial do gabinete pessoal do presidente da Rep\u00fablica<br>Em 2022, foi nomeada para participar do governo de transi\u00e7\u00e3o. Teve remunera\u00e7\u00e3o de R$ 10.420 em dezembro do ano passado.<br><strong>Viagem ao RJ<\/strong><br>Margarida acompanhou Janja durante viagem presidencial ao Rio de Janeiro, de 1\u00ba a 3 de mar\u00e7o \u2013dois dias depois do in\u00edcio do trabalho na Presid\u00eancia. O custo das passagens foi de R$ 2.576,27 na ida e R$ 2.584,19 na volta, totalizando R$ 5.160,46 nos 3 dias. Em 2 de mar\u00e7o, a primeira-dama participou da posse da presidente da Funarte (Funda\u00e7\u00e3o Nacional de Artes), Maria Marighella.<br><strong>Poder 360<\/strong><\/figcaption><\/figure>\n","protected":false},"excerpt":{"rendered":"","protected":false},"author":1,"featured_media":0,"comment_status":"open","ping_status":"open","sticky":false,"template":"","format":"standard","meta":{"site-sidebar-layout":"default","site-content-layout":"","ast-site-content-layout":"default","site-content-style":"default","site-sidebar-style":"default","ast-global-header-display":"","ast-banner-title-visibility":"","ast-main-header-display":"","ast-hfb-above-header-display":"","ast-hfb-below-header-display":"","ast-hfb-mobile-header-display":"","site-post-title":"","ast-breadcrumbs-content":"","ast-featured-img":"","footer-sml-layout":"","ast-disable-related-posts":"","theme-transparent-header-meta":"","adv-header-id-meta":"","stick-header-meta":"","header-above-stick-meta":"","header-main-stick-meta":"","header-below-stick-meta":"","astra-migrate-meta-layouts":"default","ast-page-background-enabled":"default","ast-page-background-meta":{"desktop":{"background-color":"var(--ast-global-color-4)","background-image":"","background-repeat":"repeat","background-position":"center center","background-size":"auto","background-attachment":"scroll","background-type":"","background-media":"","overlay-type":"","overlay-color":"","overlay-opacity":"","overlay-gradient":""},"tablet":{"background-color":"","background-image":"","background-repeat":"repeat","background-position":"center center","background-size":"auto","background-attachment":"scroll","background-type":"","background-media":"","overlay-type":"","overlay-color":"","overlay-opacity":"","overlay-gradient":""},"mobile":{"background-color":"","background-image":"","background-repeat":"repeat","background-position":"center center","background-size":"auto","background-attachment":"scroll","background-type":"","background-media":"","overlay-type":"","overlay-color":"","overlay-opacity":"","overlay-gradient":""}},"ast-content-background-meta":{"desktop":{"background-color":"var(--ast-global-color-5)","background-image":"","background-repeat":"repeat","background-position":"center center","background-size":"auto","background-attachment":"scroll","background-type":"","background-media":"","overlay-type":"","overlay-color":"","overlay-opacity":"","overlay-gradient":""},"tablet":{"background-color":"var(--ast-global-color-5)","background-image":"","background-repeat":"repeat","background-position":"center center","background-size":"auto","background-attachment":"scroll","background-type":"","background-media":"","overlay-type":"","overlay-color":"","overlay-opacity":"","overlay-gradient":""},"mobile":{"background-color":"var(--ast-global-color-5)","background-image":"","background-repeat":"repeat","background-position":"center center","background-size":"auto","background-attachment":"scroll","background-type":"","background-media":"","overlay-type":"","overlay-color":"","overlay-opacity":"","overlay-gradient":""}},"footnotes":""},"categories":[517],"tags":[903,711,2442,2229,22],"class_list":["post-16629","post","type-post","status-publish","format-standard","hentry","category-aconteceu","tag-janja","tag-lula-ladrao","tag-lula-presidente","tag-noticas-do-face","tag-noticias-no-face"],"_links":{"self":[{"href":"https:\/\/noticiasnoface.com.br\/index.php\/wp-json\/wp\/v2\/posts\/16629","targetHints":{"allow":["GET"]}}],"collection":[{"href":"https:\/\/noticiasnoface.com.br\/index.php\/wp-json\/wp\/v2\/posts"}],"about":[{"href":"https:\/\/noticiasnoface.com.br\/index.php\/wp-json\/wp\/v2\/types\/post"}],"author":[{"embeddable":true,"href":"https:\/\/noticiasnoface.com.br\/index.php\/wp-json\/wp\/v2\/users\/1"}],"replies":[{"embeddable":true,"href":"https:\/\/noticiasnoface.com.br\/index.php\/wp-json\/wp\/v2\/comments?post=16629"}],"version-history":[{"count":1,"href":"https:\/\/noticiasnoface.com.br\/index.php\/wp-json\/wp\/v2\/posts\/16629\/revisions"}],"predecessor-version":[{"id":16630,"href":"https:\/\/noticiasnoface.com.br\/index.php\/wp-json\/wp\/v2\/posts\/16629\/revisions\/16630"}],"wp:attachment":[{"href":"https:\/\/noticiasnoface.com.br\/index.php\/wp-json\/wp\/v2\/media?parent=16629"}],"wp:term":[{"taxonomy":"category","embeddable":true,"href":"https:\/\/noticiasnoface.com.br\/index.php\/wp-json\/wp\/v2\/categories?post=16629"},{"taxonomy":"post_tag","embeddable":true,"href":"https:\/\/noticiasnoface.com.br\/index.php\/wp-json\/wp\/v2\/tags?post=16629"}],"curies":[{"name":"wp","href":"https:\/\/api.w.org\/{rel}","templated":true}]}}