{"id":16647,"date":"2023-05-29T10:27:27","date_gmt":"2023-05-29T13:27:27","guid":{"rendered":"https:\/\/noticiasnoface.com.br\/?p=16647"},"modified":"2023-05-29T10:27:28","modified_gmt":"2023-05-29T13:27:28","slug":"estou-preparado-mas-a-decisao-e-do-lider-diz-wolney-franca-sobre-prefeitura-de-parnamirim","status":"publish","type":"post","link":"https:\/\/noticiasnoface.com.br\/index.php\/2023\/05\/29\/estou-preparado-mas-a-decisao-e-do-lider-diz-wolney-franca-sobre-prefeitura-de-parnamirim\/","title":{"rendered":"\u201cEstou preparado mas a decis\u00e3o \u00e8 do L\u00edder\u201d diz Wolney Fran\u00e7a sobre prefeitura de Parnamirim"},"content":{"rendered":"\n<figure class=\"wp-block-image size-large\"><img data-opt-id=570578921  fetchpriority=\"high\" decoding=\"async\" width=\"1024\" height=\"812\" src=\"https:\/\/mlbfrsat7ahr.i.optimole.com\/w:1024\/h:812\/q:mauto\/ig:avif\/https:\/\/noticiasnoface.com.br\/wp-content\/uploads\/2023\/05\/photo-output-69.jpg\" class=\"wp-image-16646\" srcset=\"https:\/\/mlbfrsat7ahr.i.optimole.com\/w:1024\/h:812\/q:mauto\/ig:avif\/https:\/\/noticiasnoface.com.br\/wp-content\/uploads\/2023\/05\/photo-output-69.jpg 1024w, https:\/\/mlbfrsat7ahr.i.optimole.com\/w:300\/h:238\/q:mauto\/ig:avif\/https:\/\/noticiasnoface.com.br\/wp-content\/uploads\/2023\/05\/photo-output-69.jpg 300w, https:\/\/mlbfrsat7ahr.i.optimole.com\/w:768\/h:609\/q:mauto\/ig:avif\/https:\/\/noticiasnoface.com.br\/wp-content\/uploads\/2023\/05\/photo-output-69.jpg 768w, https:\/\/mlbfrsat7ahr.i.optimole.com\/w:1361\/h:1080\/q:mauto\/ig:avif\/https:\/\/noticiasnoface.com.br\/wp-content\/uploads\/2023\/05\/photo-output-69.jpg 1536w, https:\/\/mlbfrsat7ahr.i.optimole.com\/w:1361\/h:1080\/q:mauto\/ig:avif\/https:\/\/noticiasnoface.com.br\/wp-content\/uploads\/2023\/05\/photo-output-69.jpg 2048w\" sizes=\"(max-width: 1000px) 100vw, 1000px\" \/><figcaption class=\"wp-element-caption\">O presidente da C\u00e2mara Municipal de Parnamirim, Wolney Fran\u00e7a (PSC), exerce o primeiro mandato legislativo. Eleito vereador mais votado em 2020, com 2.830 votos, \u00e9 advogado com especializa\u00e7\u00e3o em Gest\u00e3o P\u00fablica e Direito Constitucional, foi diretor do Procon e diretor-geral na CMP, al\u00e9m de ter sido secret\u00e1rio municipal de Administra\u00e7\u00e3o e chefe de Gabinete do prefeito Rosano Taveira.<br>Wolney tem 41 anos, s\u00f3 fez nascer em Natal, porque Parnamirim, na \u00e9poca (1982), n\u00e3o dispunha de bons servi\u00e7os de maternidade. Come\u00e7ou a carreira no servi\u00e7o p\u00fablico como assessor jur\u00eddico do munic\u00edpio em 2016.<br>Assumiu a presid\u00eancia da Federa\u00e7\u00e3o das C\u00e2maras Municipais do Estado do Rio Grande do Norte (Fecam-RN) em 19 de maio. Embora se coloque como postulante \u00e0 sucess\u00e3o do prefeito Rosano Taveira, diz aguardar uma decis\u00e3o pol\u00edtica do chefe do Executivo, defendendo a uni\u00e3o do seu  grupo politico para as elei\u00e7\u00f5es municipais de 2024.<br>Entrevista<br>O senhor sonha em ser candidato a prefeito de Parnamirim, at\u00e9 porque o prefeito agora n\u00e3o vai para a reelei\u00e7\u00e3o?<br>Todos n\u00f3s que estamos na carreira p\u00fablica sonhamos em um dia administrar a cidade, mas a gente entende que \u00e9 cedo a antecipa\u00e7\u00e3o do processo da elei\u00e7\u00e3o, porque acho que isso dificulta o tr\u00e2mite e projetos. A popula\u00e7\u00e3o hoje espera que a gente possa cumprir com nosso papel de vereador e presidente da C\u00e2mara. Logicamente que eu sou do grupo do prefeito e gente tem uma expectativa, mas eu prefiro que essa decis\u00e3o parta do nosso l\u00edder pol\u00edtico, que \u00e9 o prefeito Rosano Taveira.<br>O senhor defende, ent\u00e3o, que esse nome que for indicado por Taveira saia unido para campanha eleitoral?<br>Exatamente. Eu defendo a uni\u00e3o do grupo.  E me me sinto preparado por ter sido da  administra\u00e7\u00e3o. Fui diretor geral da C\u00e2mara de Parnamirim, presidente eleito e reeleito. Ent\u00e3o o nosso nome termina unindo o conceito, que \u00e9 advogado especialista em gest\u00e3o p\u00fablica, especialista em Direito Constitucional com a experi\u00eancia pelo fato de ter sido secret\u00e1rio municipal e presidente de C\u00e2mara, a gente une o Executivo e Legislativo, mas prefiro antes de dizer que sou pr\u00e9-candidato, esperar a decis\u00e3o do  prefeito de Parnamirim. VIA PARNAMIRIM EM FOCO<\/figcaption><\/figure>\n","protected":false},"excerpt":{"rendered":"","protected":false},"author":1,"featured_media":0,"comment_status":"open","ping_status":"open","sticky":false,"template":"","format":"standard","meta":{"site-sidebar-layout":"default","site-content-layout":"","ast-site-content-layout":"default","site-content-style":"default","site-sidebar-style":"default","ast-global-header-display":"","ast-banner-title-visibility":"","ast-main-header-display":"","ast-hfb-above-header-display":"","ast-hfb-below-header-display":"","ast-hfb-mobile-header-display":"","site-post-title":"","ast-breadcrumbs-content":"","ast-featured-img":"","footer-sml-layout":"","ast-disable-related-posts":"","theme-transparent-header-meta":"","adv-header-id-meta":"","stick-header-meta":"","header-above-stick-meta":"","header-main-stick-meta":"","header-below-stick-meta":"","astra-migrate-meta-layouts":"default","ast-page-background-enabled":"default","ast-page-background-meta":{"desktop":{"background-color":"var(--ast-global-color-4)","background-image":"","background-repeat":"repeat","background-position":"center center","background-size":"auto","background-attachment":"scroll","background-type":"","background-media":"","overlay-type":"","overlay-color":"","overlay-opacity":"","overlay-gradient":""},"tablet":{"background-color":"","background-image":"","background-repeat":"repeat","background-position":"center center","background-size":"auto","background-attachment":"scroll","background-type":"","background-media":"","overlay-type":"","overlay-color":"","overlay-opacity":"","overlay-gradient":""},"mobile":{"background-color":"","background-image":"","background-repeat":"repeat","background-position":"center center","background-size":"auto","background-attachment":"scroll","background-type":"","background-media":"","overlay-type":"","overlay-color":"","overlay-opacity":"","overlay-gradient":""}},"ast-content-background-meta":{"desktop":{"background-color":"var(--ast-global-color-5)","background-image":"","background-repeat":"repeat","background-position":"center center","background-size":"auto","background-attachment":"scroll","background-type":"","background-media":"","overlay-type":"","overlay-color":"","overlay-opacity":"","overlay-gradient":""},"tablet":{"background-color":"var(--ast-global-color-5)","background-image":"","background-repeat":"repeat","background-position":"center center","background-size":"auto","background-attachment":"scroll","background-type":"","background-media":"","overlay-type":"","overlay-color":"","overlay-opacity":"","overlay-gradient":""},"mobile":{"background-color":"var(--ast-global-color-5)","background-image":"","background-repeat":"repeat","background-position":"center center","background-size":"auto","background-attachment":"scroll","background-type":"","background-media":"","overlay-type":"","overlay-color":"","overlay-opacity":"","overlay-gradient":""}},"footnotes":""},"categories":[517],"tags":[317,2236,50,1644,937],"class_list":["post-16647","post","type-post","status-publish","format-standard","hentry","category-aconteceu","tag-eleicoes","tag-noticas-no-face","tag-noticias-do-face","tag-parnamirim","tag-prefeito"],"_links":{"self":[{"href":"https:\/\/noticiasnoface.com.br\/index.php\/wp-json\/wp\/v2\/posts\/16647","targetHints":{"allow":["GET"]}}],"collection":[{"href":"https:\/\/noticiasnoface.com.br\/index.php\/wp-json\/wp\/v2\/posts"}],"about":[{"href":"https:\/\/noticiasnoface.com.br\/index.php\/wp-json\/wp\/v2\/types\/post"}],"author":[{"embeddable":true,"href":"https:\/\/noticiasnoface.com.br\/index.php\/wp-json\/wp\/v2\/users\/1"}],"replies":[{"embeddable":true,"href":"https:\/\/noticiasnoface.com.br\/index.php\/wp-json\/wp\/v2\/comments?post=16647"}],"version-history":[{"count":1,"href":"https:\/\/noticiasnoface.com.br\/index.php\/wp-json\/wp\/v2\/posts\/16647\/revisions"}],"predecessor-version":[{"id":16648,"href":"https:\/\/noticiasnoface.com.br\/index.php\/wp-json\/wp\/v2\/posts\/16647\/revisions\/16648"}],"wp:attachment":[{"href":"https:\/\/noticiasnoface.com.br\/index.php\/wp-json\/wp\/v2\/media?parent=16647"}],"wp:term":[{"taxonomy":"category","embeddable":true,"href":"https:\/\/noticiasnoface.com.br\/index.php\/wp-json\/wp\/v2\/categories?post=16647"},{"taxonomy":"post_tag","embeddable":true,"href":"https:\/\/noticiasnoface.com.br\/index.php\/wp-json\/wp\/v2\/tags?post=16647"}],"curies":[{"name":"wp","href":"https:\/\/api.w.org\/{rel}","templated":true}]}}