{"id":16654,"date":"2023-05-29T21:53:50","date_gmt":"2023-05-30T00:53:50","guid":{"rendered":"https:\/\/noticiasnoface.com.br\/?p=16654"},"modified":"2023-05-29T21:53:53","modified_gmt":"2023-05-30T00:53:53","slug":"coronel-azevedo-homenageia-105-anos-da-assembleia-de-deus-em-sessao-solene-na-alrn","status":"publish","type":"post","link":"https:\/\/noticiasnoface.com.br\/index.php\/2023\/05\/29\/coronel-azevedo-homenageia-105-anos-da-assembleia-de-deus-em-sessao-solene-na-alrn\/","title":{"rendered":"<em>Coronel Azevedo homenageia 105 anos da Assembleia de Deus em Sess\u00e3o Solene na ALRN<\/em>"},"content":{"rendered":"\n<figure class=\"wp-block-image size-large\"><img data-opt-id=198582512  fetchpriority=\"high\" decoding=\"async\" width=\"1024\" height=\"681\" src=\"https:\/\/mlbfrsat7ahr.i.optimole.com\/w:1024\/h:681\/q:mauto\/ig:avif\/https:\/\/noticiasnoface.com.br\/wp-content\/uploads\/2023\/05\/fe2fcf54-91d0-4414-9ba6-e657b1c47fb7.jpg\" class=\"wp-image-16653\" srcset=\"https:\/\/mlbfrsat7ahr.i.optimole.com\/w:1024\/h:681\/q:mauto\/ig:avif\/https:\/\/noticiasnoface.com.br\/wp-content\/uploads\/2023\/05\/fe2fcf54-91d0-4414-9ba6-e657b1c47fb7.jpg 1024w, https:\/\/mlbfrsat7ahr.i.optimole.com\/w:300\/h:200\/q:mauto\/ig:avif\/https:\/\/noticiasnoface.com.br\/wp-content\/uploads\/2023\/05\/fe2fcf54-91d0-4414-9ba6-e657b1c47fb7.jpg 300w, https:\/\/mlbfrsat7ahr.i.optimole.com\/w:768\/h:511\/q:mauto\/ig:avif\/https:\/\/noticiasnoface.com.br\/wp-content\/uploads\/2023\/05\/fe2fcf54-91d0-4414-9ba6-e657b1c47fb7.jpg 768w, https:\/\/mlbfrsat7ahr.i.optimole.com\/w:1536\/h:1021\/q:mauto\/ig:avif\/https:\/\/noticiasnoface.com.br\/wp-content\/uploads\/2023\/05\/fe2fcf54-91d0-4414-9ba6-e657b1c47fb7.jpg 1536w, https:\/\/mlbfrsat7ahr.i.optimole.com\/w:1600\/h:1064\/q:mauto\/ig:avif\/https:\/\/noticiasnoface.com.br\/wp-content\/uploads\/2023\/05\/fe2fcf54-91d0-4414-9ba6-e657b1c47fb7.jpg 1600w\" sizes=\"(max-width: 1000px) 100vw, 1000px\" \/><figcaption class=\"wp-element-caption\"><em>Coronel Azevedo homenageia 105 anos da Assembleia de Deus em Sess\u00e3o Solene na ALRN<\/em><br>Em alus\u00e3o aos 105 da Igreja Evang\u00e9lica Assembleia de Deus no Rio Grande do Norte (IEADERN), o Legislativo potiguar realizou nesta segunda-feira (29) uma sess\u00e3o solene para prestar homenagem ao anivers\u00e1rio de funda\u00e7\u00e3o da institui\u00e7\u00e3o, celebrado no \u00faltimo dia 24. De iniciativa do deputado Coronel Azevedo (PL), a solenidade reuniu parlamentares e evang\u00e9licos no plen\u00e1rio da Assembleia Legislativa.<br>Relembrando o in\u00edcio de sua trajet\u00f3ria na Assembleia de Deus, o deputado Coronel Azevedo ressaltou o papel da institui\u00e7\u00e3o na sociedade e enalteceu a presid\u00eancia do pastor Martim Alves Silva \u00e0 frente da IEADERN. \u201cPromovemos hoje aqui uma justa e merecida homenagem. A igreja \u00e9 a \u00fanica institui\u00e7\u00e3o que o nosso Senhor prometeu edificar e aben\u00e7oar. \u00c9 a express\u00e3o terrena da realidade celestial. \u00c9 quem protege e proclama a verdade divina\u201d, disse Azevedo citando vers\u00edculos da b\u00edblia.<br>Em agradecimento \u00e0 homenagem recebida, o pastor-presidente Martim Alves Silva destacou as a\u00e7\u00f5es e o crescimento da Igreja Evang\u00e9lica Assembleia de Deus ao longo de sua cria\u00e7\u00e3o. \u201cNestes 105 anos, a nossa igreja tem avan\u00e7ado sempre mais, tornando-se uma \u00e1rvore frondosa e frut\u00edfera cujo os ramos j\u00e1 alcan\u00e7am todos os continentes da Terra. Jesus Cristo salva, cura e batiza com o Esp\u00edrito Santo\u201d, falou o pastor, que preside a IEADERN desde 2012.<br>Presente na sess\u00e3o, o deputado federal General Gir\u00e3o tamb\u00e9m enalteceu a Assembleia de Deus e destacou a necessidade do di\u00e1logo no ceio familiar. \u201cSeria muito bom se em nossas casas, as crian\u00e7as e jovens, que s\u00e3o o futuro da sociedade, pudessem ouvir e aprender com os mais velhos, se aconselhando com os mais experientes. Vamos exercitar o di\u00e1logo entre todos para que a conversa possa acontecer e as hist\u00f3rias possam ser aprendidas e repassadas. Espero poder continuar ajudando os trabalhos t\u00e3o prof\u00edcuos daqueles que fazem a Assembleia de Deus aqui no RN\u201d, afirmou o parlamentar.<br>Al\u00e9m das homenagens \u00e0 Igreja Evang\u00e9lica Assembleia de Deus e ao seu presidente, pastor Martim Alves, a solenidade homenageou ainda os pastores da IEADERN, Abinoan Praxedes Marques, Alb\u00e9rico Marques, Edmar Rosa Gomes, Joacy Marcos de Castro Varela, Jonas de Paiva J\u00fanior, Reinaldo Odilo Martins Soares, Rubem Varela de Oliveira e o reverendo Erijan Tony da Costa.<br>Participaram ainda da solenidade a vereadora de Natal, Camila Ara\u00fajo, o capit\u00e3o de corveta Padre Ant\u00f4nio Jailson e o ex-vereador da capital, pastor Aden\u00fabio Melo.<\/figcaption><\/figure>\n","protected":false},"excerpt":{"rendered":"","protected":false},"author":1,"featured_media":0,"comment_status":"open","ping_status":"open","sticky":false,"template":"","format":"standard","meta":{"site-sidebar-layout":"default","site-content-layout":"","ast-site-content-layout":"default","site-content-style":"default","site-sidebar-style":"default","ast-global-header-display":"","ast-banner-title-visibility":"","ast-main-header-display":"","ast-hfb-above-header-display":"","ast-hfb-below-header-display":"","ast-hfb-mobile-header-display":"","site-post-title":"","ast-breadcrumbs-content":"","ast-featured-img":"","footer-sml-layout":"","ast-disable-related-posts":"","theme-transparent-header-meta":"","adv-header-id-meta":"","stick-header-meta":"","header-above-stick-meta":"","header-main-stick-meta":"","header-below-stick-meta":"","astra-migrate-meta-layouts":"default","ast-page-background-enabled":"default","ast-page-background-meta":{"desktop":{"background-color":"var(--ast-global-color-4)","background-image":"","background-repeat":"repeat","background-position":"center center","background-size":"auto","background-attachment":"scroll","background-type":"","background-media":"","overlay-type":"","overlay-color":"","overlay-opacity":"","overlay-gradient":""},"tablet":{"background-color":"","background-image":"","background-repeat":"repeat","background-position":"center center","background-size":"auto","background-attachment":"scroll","background-type":"","background-media":"","overlay-type":"","overlay-color":"","overlay-opacity":"","overlay-gradient":""},"mobile":{"background-color":"","background-image":"","background-repeat":"repeat","background-position":"center center","background-size":"auto","background-attachment":"scroll","background-type":"","background-media":"","overlay-type":"","overlay-color":"","overlay-opacity":"","overlay-gradient":""}},"ast-content-background-meta":{"desktop":{"background-color":"var(--ast-global-color-5)","background-image":"","background-repeat":"repeat","background-position":"center center","background-size":"auto","background-attachment":"scroll","background-type":"","background-media":"","overlay-type":"","overlay-color":"","overlay-opacity":"","overlay-gradient":""},"tablet":{"background-color":"var(--ast-global-color-5)","background-image":"","background-repeat":"repeat","background-position":"center center","background-size":"auto","background-attachment":"scroll","background-type":"","background-media":"","overlay-type":"","overlay-color":"","overlay-opacity":"","overlay-gradient":""},"mobile":{"background-color":"var(--ast-global-color-5)","background-image":"","background-repeat":"repeat","background-position":"center center","background-size":"auto","background-attachment":"scroll","background-type":"","background-media":"","overlay-type":"","overlay-color":"","overlay-opacity":"","overlay-gradient":""}},"footnotes":""},"categories":[517],"tags":[],"class_list":["post-16654","post","type-post","status-publish","format-standard","hentry","category-aconteceu"],"_links":{"self":[{"href":"https:\/\/noticiasnoface.com.br\/index.php\/wp-json\/wp\/v2\/posts\/16654","targetHints":{"allow":["GET"]}}],"collection":[{"href":"https:\/\/noticiasnoface.com.br\/index.php\/wp-json\/wp\/v2\/posts"}],"about":[{"href":"https:\/\/noticiasnoface.com.br\/index.php\/wp-json\/wp\/v2\/types\/post"}],"author":[{"embeddable":true,"href":"https:\/\/noticiasnoface.com.br\/index.php\/wp-json\/wp\/v2\/users\/1"}],"replies":[{"embeddable":true,"href":"https:\/\/noticiasnoface.com.br\/index.php\/wp-json\/wp\/v2\/comments?post=16654"}],"version-history":[{"count":1,"href":"https:\/\/noticiasnoface.com.br\/index.php\/wp-json\/wp\/v2\/posts\/16654\/revisions"}],"predecessor-version":[{"id":16655,"href":"https:\/\/noticiasnoface.com.br\/index.php\/wp-json\/wp\/v2\/posts\/16654\/revisions\/16655"}],"wp:attachment":[{"href":"https:\/\/noticiasnoface.com.br\/index.php\/wp-json\/wp\/v2\/media?parent=16654"}],"wp:term":[{"taxonomy":"category","embeddable":true,"href":"https:\/\/noticiasnoface.com.br\/index.php\/wp-json\/wp\/v2\/categories?post=16654"},{"taxonomy":"post_tag","embeddable":true,"href":"https:\/\/noticiasnoface.com.br\/index.php\/wp-json\/wp\/v2\/tags?post=16654"}],"curies":[{"name":"wp","href":"https:\/\/api.w.org\/{rel}","templated":true}]}}