{"id":16665,"date":"2023-05-29T22:27:36","date_gmt":"2023-05-30T01:27:36","guid":{"rendered":"https:\/\/noticiasnoface.com.br\/?p=16665"},"modified":"2023-05-29T22:27:36","modified_gmt":"2023-05-30T01:27:36","slug":"audiencia-discute-mudanca-de-agencia-da-previdencia-social-da-zona-norte","status":"publish","type":"post","link":"https:\/\/noticiasnoface.com.br\/index.php\/2023\/05\/29\/audiencia-discute-mudanca-de-agencia-da-previdencia-social-da-zona-norte\/","title":{"rendered":"Audi\u00eancia discute mudan\u00e7a de Ag\u00eancia da Previd\u00eancia Social da zona Norte"},"content":{"rendered":"\n<figure class=\"wp-block-image size-large\"><img data-opt-id=1875968008  fetchpriority=\"high\" decoding=\"async\" width=\"1024\" height=\"682\" src=\"https:\/\/mlbfrsat7ahr.i.optimole.com\/w:1024\/h:682\/q:mauto\/ig:avif\/https:\/\/noticiasnoface.com.br\/wp-content\/uploads\/2023\/05\/img_4994.jpg\" class=\"wp-image-16664\" srcset=\"https:\/\/mlbfrsat7ahr.i.optimole.com\/w:1024\/h:682\/q:mauto\/ig:avif\/https:\/\/noticiasnoface.com.br\/wp-content\/uploads\/2023\/05\/img_4994.jpg 1024w, https:\/\/mlbfrsat7ahr.i.optimole.com\/w:300\/h:200\/q:mauto\/ig:avif\/https:\/\/noticiasnoface.com.br\/wp-content\/uploads\/2023\/05\/img_4994.jpg 300w, https:\/\/mlbfrsat7ahr.i.optimole.com\/w:768\/h:512\/q:mauto\/ig:avif\/https:\/\/noticiasnoface.com.br\/wp-content\/uploads\/2023\/05\/img_4994.jpg 768w, https:\/\/mlbfrsat7ahr.i.optimole.com\/w:1536\/h:1023\/q:mauto\/ig:avif\/https:\/\/noticiasnoface.com.br\/wp-content\/uploads\/2023\/05\/img_4994.jpg 1536w, https:\/\/mlbfrsat7ahr.i.optimole.com\/w:1600\/h:1066\/q:mauto\/ig:avif\/https:\/\/noticiasnoface.com.br\/wp-content\/uploads\/2023\/05\/img_4994.jpg 1600w\" sizes=\"(max-width: 1000px) 100vw, 1000px\" \/><figcaption class=\"wp-element-caption\"><br>A C\u00e2mara Municipal de Natal realizou nesta segunda-feira (29) uma audi\u00eancia p\u00fablica para tratar sobre a mudan\u00e7a da Ag\u00eancia da Previd\u00eancia Social (APS) do Igap\u00f3, na zona Norte da capital, para a Central do Cidad\u00e3o, na mesma localidade. O problema apontado \u00e9 que a mudan\u00e7a dificulta o atendimento e a locomo\u00e7\u00e3o dos segurados, visto que o servi\u00e7o de per\u00edcia m\u00e9dica da ag\u00eancia passar\u00e1 a ser realizado para a APS do bairro Nazar\u00e9, na zona Oeste da cidade.<br>A vereadora Nina Souza (PDT), que coordenou a audi\u00eancia, explicou que a inten\u00e7\u00e3o \u00e9 divulgar o que considera um grave problema para a popula\u00e7\u00e3o da zona Norte. &#8220;Gera uma dificuldade imensa para quem precisa dos servi\u00e7os e que ter\u00e1 que se deslocar para mais longe e ainda mais com o problema do transporte coletivo que temos. Queremos tamb\u00e9m abrir um canal de discuss\u00e3o para que se construa uma ag\u00eancia pr\u00f3pria do INSS na zona Norte&#8221;, disse ela.<br>Os vereadores Nivaldo Bacurau (PSB), Anderson Lopes (SD), Kleber Fernandes (PSDB) e Raniere Barbosa (Avante) participaram das discuss\u00f5es cobrando uma solu\u00e7\u00e3o para o impasse. &#8220;O impacto \u00e9 negativo para a popula\u00e7\u00e3o porque \u00e9 mais um servi\u00e7o relevante que \u00e9 retirado da regi\u00e3o, comprometendo principalmente os que mais precisam&#8221;, destacou o vereador Anderson Lopes.<br>Segurados, advogados e lideran\u00e7as comunit\u00e1rias estiveram na audi\u00eancia apresentando seus relatos. De acordo com a l\u00edder comunit\u00e1ria, Catarina Moreira, o problema maior est\u00e1 na transfer\u00eancia do servi\u00e7o de per\u00edcia m\u00e9dica. &#8220;O INSS sem per\u00edcia m\u00e9dica na zona Norte perde seu objeto porque a atividade principal l\u00e1 \u00e9 de per\u00edcia m\u00e9dica. Com isso, a unidade do bairro de Nazar\u00e9 vai sobrecarregar o servi\u00e7o&#8221;, alertou.<br>De acordo com o gerente executivo do INSS\/Natal, Emanuel Dantas, o pr\u00e9dio atual n\u00e3o atende mais \u00e0s normas para o funcionamento de APS&#8217;s. Al\u00e9m disso, ele ressaltou que a Central do Cidad\u00e3o est\u00e1 numa via de f\u00e1cil acesso, com estacionamento dispon\u00edvel e onde passa o transporte p\u00fablico.<br>Al\u00e9m disso, apontou que boa parte dos servi\u00e7os n\u00e3o s\u00e3o mais realizados de forma presencial, mas pelo sistema virtual. &#8220;O que precisamos \u00e9 levar informa\u00e7\u00e3o ao segurado. Fizemos estudos que mostram que os segurados j\u00e1 utilizam a APS Nazar\u00e9 e a APS Natal\/Centro, por concentrarem maior n\u00famero de m\u00e9dicos e a espera ser menor para per\u00edcia m\u00e9dica. J\u00e1 h\u00e1 uma conversa preliminar onde foi ventilada a doa\u00e7\u00e3o de um terreno da prefeitura para a constru\u00e7\u00e3o de uma APS pr\u00f3pria na zona Norte. Queremos tamb\u00e9m avan\u00e7ar nessa possibilidade&#8221;, declarou o gerente do INSS.<br>Na pr\u00f3xima sexta-feira (2), \u00e0s 9h, os vereadores e moradores estar\u00e3o na APS zona Norte para realizar um abra\u00e7o simb\u00f3lico \u00e0 ag\u00eancia em protesto contra a mudan\u00e7a.<br>Texto: Cl\u00e1udio Oliveira<br>Fotos: Lorena Ver\u00edssimo<\/figcaption><\/figure>\n","protected":false},"excerpt":{"rendered":"","protected":false},"author":1,"featured_media":0,"comment_status":"open","ping_status":"open","sticky":false,"template":"","format":"standard","meta":{"site-sidebar-layout":"default","site-content-layout":"","ast-site-content-layout":"default","site-content-style":"default","site-sidebar-style":"default","ast-global-header-display":"","ast-banner-title-visibility":"","ast-main-header-display":"","ast-hfb-above-header-display":"","ast-hfb-below-header-display":"","ast-hfb-mobile-header-display":"","site-post-title":"","ast-breadcrumbs-content":"","ast-featured-img":"","footer-sml-layout":"","ast-disable-related-posts":"","theme-transparent-header-meta":"","adv-header-id-meta":"","stick-header-meta":"","header-above-stick-meta":"","header-main-stick-meta":"","header-below-stick-meta":"","astra-migrate-meta-layouts":"default","ast-page-background-enabled":"default","ast-page-background-meta":{"desktop":{"background-color":"var(--ast-global-color-4)","background-image":"","background-repeat":"repeat","background-position":"center center","background-size":"auto","background-attachment":"scroll","background-type":"","background-media":"","overlay-type":"","overlay-color":"","overlay-opacity":"","overlay-gradient":""},"tablet":{"background-color":"","background-image":"","background-repeat":"repeat","background-position":"center center","background-size":"auto","background-attachment":"scroll","background-type":"","background-media":"","overlay-type":"","overlay-color":"","overlay-opacity":"","overlay-gradient":""},"mobile":{"background-color":"","background-image":"","background-repeat":"repeat","background-position":"center center","background-size":"auto","background-attachment":"scroll","background-type":"","background-media":"","overlay-type":"","overlay-color":"","overlay-opacity":"","overlay-gradient":""}},"ast-content-background-meta":{"desktop":{"background-color":"var(--ast-global-color-5)","background-image":"","background-repeat":"repeat","background-position":"center center","background-size":"auto","background-attachment":"scroll","background-type":"","background-media":"","overlay-type":"","overlay-color":"","overlay-opacity":"","overlay-gradient":""},"tablet":{"background-color":"var(--ast-global-color-5)","background-image":"","background-repeat":"repeat","background-position":"center center","background-size":"auto","background-attachment":"scroll","background-type":"","background-media":"","overlay-type":"","overlay-color":"","overlay-opacity":"","overlay-gradient":""},"mobile":{"background-color":"var(--ast-global-color-5)","background-image":"","background-repeat":"repeat","background-position":"center center","background-size":"auto","background-attachment":"scroll","background-type":"","background-media":"","overlay-type":"","overlay-color":"","overlay-opacity":"","overlay-gradient":""}},"footnotes":""},"categories":[517],"tags":[],"class_list":["post-16665","post","type-post","status-publish","format-standard","hentry","category-aconteceu"],"_links":{"self":[{"href":"https:\/\/noticiasnoface.com.br\/index.php\/wp-json\/wp\/v2\/posts\/16665","targetHints":{"allow":["GET"]}}],"collection":[{"href":"https:\/\/noticiasnoface.com.br\/index.php\/wp-json\/wp\/v2\/posts"}],"about":[{"href":"https:\/\/noticiasnoface.com.br\/index.php\/wp-json\/wp\/v2\/types\/post"}],"author":[{"embeddable":true,"href":"https:\/\/noticiasnoface.com.br\/index.php\/wp-json\/wp\/v2\/users\/1"}],"replies":[{"embeddable":true,"href":"https:\/\/noticiasnoface.com.br\/index.php\/wp-json\/wp\/v2\/comments?post=16665"}],"version-history":[{"count":1,"href":"https:\/\/noticiasnoface.com.br\/index.php\/wp-json\/wp\/v2\/posts\/16665\/revisions"}],"predecessor-version":[{"id":16666,"href":"https:\/\/noticiasnoface.com.br\/index.php\/wp-json\/wp\/v2\/posts\/16665\/revisions\/16666"}],"wp:attachment":[{"href":"https:\/\/noticiasnoface.com.br\/index.php\/wp-json\/wp\/v2\/media?parent=16665"}],"wp:term":[{"taxonomy":"category","embeddable":true,"href":"https:\/\/noticiasnoface.com.br\/index.php\/wp-json\/wp\/v2\/categories?post=16665"},{"taxonomy":"post_tag","embeddable":true,"href":"https:\/\/noticiasnoface.com.br\/index.php\/wp-json\/wp\/v2\/tags?post=16665"}],"curies":[{"name":"wp","href":"https:\/\/api.w.org\/{rel}","templated":true}]}}