{"id":16689,"date":"2023-05-30T23:30:59","date_gmt":"2023-05-31T02:30:59","guid":{"rendered":"https:\/\/noticiasnoface.com.br\/?p=16689"},"modified":"2023-05-30T23:31:00","modified_gmt":"2023-05-31T02:31:00","slug":"camara-municipal-aprova-criacao-de-projeto-para-valorizacao-de-centro-historico","status":"publish","type":"post","link":"https:\/\/noticiasnoface.com.br\/index.php\/2023\/05\/30\/camara-municipal-aprova-criacao-de-projeto-para-valorizacao-de-centro-historico\/","title":{"rendered":"C\u00e2mara Municipal aprova cria\u00e7\u00e3o de projeto para valoriza\u00e7\u00e3o de centro hist\u00f3rico"},"content":{"rendered":"\n<figure class=\"wp-block-image size-large\"><img data-opt-id=631154346  fetchpriority=\"high\" decoding=\"async\" width=\"1024\" height=\"708\" src=\"https:\/\/mlbfrsat7ahr.i.optimole.com\/w:1024\/h:708\/q:mauto\/ig:avif\/https:\/\/noticiasnoface.com.br\/wp-content\/uploads\/2023\/05\/img_5067.jpg\" class=\"wp-image-16688\" srcset=\"https:\/\/mlbfrsat7ahr.i.optimole.com\/w:1024\/h:708\/q:mauto\/ig:avif\/https:\/\/noticiasnoface.com.br\/wp-content\/uploads\/2023\/05\/img_5067.jpg 1024w, https:\/\/mlbfrsat7ahr.i.optimole.com\/w:300\/h:207\/q:mauto\/ig:avif\/https:\/\/noticiasnoface.com.br\/wp-content\/uploads\/2023\/05\/img_5067.jpg 300w, https:\/\/mlbfrsat7ahr.i.optimole.com\/w:768\/h:531\/q:mauto\/ig:avif\/https:\/\/noticiasnoface.com.br\/wp-content\/uploads\/2023\/05\/img_5067.jpg 768w, https:\/\/mlbfrsat7ahr.i.optimole.com\/w:1536\/h:1062\/q:mauto\/ig:avif\/https:\/\/noticiasnoface.com.br\/wp-content\/uploads\/2023\/05\/img_5067.jpg 1536w, https:\/\/mlbfrsat7ahr.i.optimole.com\/w:1562\/h:1080\/q:mauto\/ig:avif\/https:\/\/noticiasnoface.com.br\/wp-content\/uploads\/2023\/05\/img_5067.jpg 1600w\" sizes=\"(max-width: 1000px) 100vw, 1000px\" \/><figcaption class=\"wp-element-caption\"><em>Nesta ter\u00e7a-feira (30), em sess\u00e3o ordin\u00e1ria na C\u00e2mara Municipal, foi aprovado o projeto de lei de 404\/2022, de autoria da vereadora Brisa Bracchi (PT), que cria o projeto \u201cRedescobrindo o Centro Hist\u00f3rico\u201d, para a preserva\u00e7\u00e3o patrimonial da identidade sociocultural de Natal.<br>O centro hist\u00f3rico do qual trata o projeto abrange os bairros da Cidade Alta, Ribeira e Rocas, o PL delega \u00e0 administra\u00e7\u00e3o p\u00fablica municipal a condu\u00e7\u00e3o e realiza\u00e7\u00e3o de a\u00e7\u00f5es de conscientiza\u00e7\u00e3o acerca da preserva\u00e7\u00e3o do patrim\u00f4nio hist\u00f3rico material e imaterial, e pr\u00e1ticas que visem a valoriza\u00e7\u00e3o da cultura da pr\u00f3pria regi\u00e3o em busca pelo conhecimento de povos origin\u00e1rios do territ\u00f3rio, l\u00ednguas nativas e costumes locais, al\u00e9m  da intera\u00e7\u00e3o social entre indiv\u00edduos.<br>\u201cChega de a\u00e7\u00f5es isoladas\u201d, criticou a vereadora. De acordo com o projeto, a administra\u00e7\u00e3o p\u00fablica municipal deve realizar anualmente um calend\u00e1rio de atividades, visando a promo\u00e7\u00e3o da conscientiza\u00e7\u00e3o acerca da preserva\u00e7\u00e3o patrimonial, da cultura e da hist\u00f3ria da cidade, e poder\u00e1 produzir modelos de atividades extracurriculares, para estudantes e professores da rede municipal de ensino quanto \u00e0 import\u00e2ncia da \u00e1rea. <br>Outro projeto aprovado na sess\u00e3o de hoje (30) foi do vereador Robson carvalho (Uni\u00e3o Brasil). O PL 60\/2021 institui a pol\u00edtica municipal de est\u00edmulo ao empreendedorismo, para a capacita\u00e7\u00e3o e a forma\u00e7\u00e3o do jovem empreendedor, atrav\u00e9s da difus\u00e3o do conhecimento tecnol\u00f3gico, das inova\u00e7\u00f5es cient\u00edficas e do desenvolvimento sustent\u00e1vel.<br>\u201cA pol\u00edtica municipal de est\u00edmulo ao empreendedorismo tem como objetivos desenvolver capacidades de jovens a l\u00edderes empreendedores, sensibilizando-os quanto \u00e0s oportunidades de neg\u00f3cio e de mercado; cria\u00e7\u00e3o de projetos produtivos e que agreguem valor a produtos e servi\u00e7os; potencializar as ideias de neg\u00f3cio\u201d, justificou o vereador. \u201cA educa\u00e7\u00e3o empreendedora ter\u00e1 papel de fomentar a qualifica\u00e7\u00e3o t\u00e9cnica e evitar a evas\u00e3o escolar\u201d, acredita ele.<br>Texto: Ilana Albuquerque<br>Fotos: Elp\u00eddio J\u00fanior<\/em><\/figcaption><\/figure>\n","protected":false},"excerpt":{"rendered":"","protected":false},"author":1,"featured_media":0,"comment_status":"open","ping_status":"open","sticky":false,"template":"","format":"standard","meta":{"site-sidebar-layout":"default","site-content-layout":"","ast-site-content-layout":"default","site-content-style":"default","site-sidebar-style":"default","ast-global-header-display":"","ast-banner-title-visibility":"","ast-main-header-display":"","ast-hfb-above-header-display":"","ast-hfb-below-header-display":"","ast-hfb-mobile-header-display":"","site-post-title":"","ast-breadcrumbs-content":"","ast-featured-img":"","footer-sml-layout":"","ast-disable-related-posts":"","theme-transparent-header-meta":"","adv-header-id-meta":"","stick-header-meta":"","header-above-stick-meta":"","header-main-stick-meta":"","header-below-stick-meta":"","astra-migrate-meta-layouts":"default","ast-page-background-enabled":"default","ast-page-background-meta":{"desktop":{"background-color":"var(--ast-global-color-4)","background-image":"","background-repeat":"repeat","background-position":"center center","background-size":"auto","background-attachment":"scroll","background-type":"","background-media":"","overlay-type":"","overlay-color":"","overlay-opacity":"","overlay-gradient":""},"tablet":{"background-color":"","background-image":"","background-repeat":"repeat","background-position":"center center","background-size":"auto","background-attachment":"scroll","background-type":"","background-media":"","overlay-type":"","overlay-color":"","overlay-opacity":"","overlay-gradient":""},"mobile":{"background-color":"","background-image":"","background-repeat":"repeat","background-position":"center center","background-size":"auto","background-attachment":"scroll","background-type":"","background-media":"","overlay-type":"","overlay-color":"","overlay-opacity":"","overlay-gradient":""}},"ast-content-background-meta":{"desktop":{"background-color":"var(--ast-global-color-5)","background-image":"","background-repeat":"repeat","background-position":"center center","background-size":"auto","background-attachment":"scroll","background-type":"","background-media":"","overlay-type":"","overlay-color":"","overlay-opacity":"","overlay-gradient":""},"tablet":{"background-color":"var(--ast-global-color-5)","background-image":"","background-repeat":"repeat","background-position":"center center","background-size":"auto","background-attachment":"scroll","background-type":"","background-media":"","overlay-type":"","overlay-color":"","overlay-opacity":"","overlay-gradient":""},"mobile":{"background-color":"var(--ast-global-color-5)","background-image":"","background-repeat":"repeat","background-position":"center center","background-size":"auto","background-attachment":"scroll","background-type":"","background-media":"","overlay-type":"","overlay-color":"","overlay-opacity":"","overlay-gradient":""}},"footnotes":""},"categories":[517],"tags":[],"class_list":["post-16689","post","type-post","status-publish","format-standard","hentry","category-aconteceu"],"_links":{"self":[{"href":"https:\/\/noticiasnoface.com.br\/index.php\/wp-json\/wp\/v2\/posts\/16689","targetHints":{"allow":["GET"]}}],"collection":[{"href":"https:\/\/noticiasnoface.com.br\/index.php\/wp-json\/wp\/v2\/posts"}],"about":[{"href":"https:\/\/noticiasnoface.com.br\/index.php\/wp-json\/wp\/v2\/types\/post"}],"author":[{"embeddable":true,"href":"https:\/\/noticiasnoface.com.br\/index.php\/wp-json\/wp\/v2\/users\/1"}],"replies":[{"embeddable":true,"href":"https:\/\/noticiasnoface.com.br\/index.php\/wp-json\/wp\/v2\/comments?post=16689"}],"version-history":[{"count":1,"href":"https:\/\/noticiasnoface.com.br\/index.php\/wp-json\/wp\/v2\/posts\/16689\/revisions"}],"predecessor-version":[{"id":16690,"href":"https:\/\/noticiasnoface.com.br\/index.php\/wp-json\/wp\/v2\/posts\/16689\/revisions\/16690"}],"wp:attachment":[{"href":"https:\/\/noticiasnoface.com.br\/index.php\/wp-json\/wp\/v2\/media?parent=16689"}],"wp:term":[{"taxonomy":"category","embeddable":true,"href":"https:\/\/noticiasnoface.com.br\/index.php\/wp-json\/wp\/v2\/categories?post=16689"},{"taxonomy":"post_tag","embeddable":true,"href":"https:\/\/noticiasnoface.com.br\/index.php\/wp-json\/wp\/v2\/tags?post=16689"}],"curies":[{"name":"wp","href":"https:\/\/api.w.org\/{rel}","templated":true}]}}