{"id":16697,"date":"2023-05-31T16:48:41","date_gmt":"2023-05-31T19:48:41","guid":{"rendered":"https:\/\/noticiasnoface.com.br\/?p=16697"},"modified":"2023-05-31T16:49:25","modified_gmt":"2023-05-31T19:49:25","slug":"lula-libera-17-bilhoes-cargos-e-o-toba-para-arthur-lira-para-evitar-derrota-no-congresso","status":"publish","type":"post","link":"https:\/\/noticiasnoface.com.br\/index.php\/2023\/05\/31\/lula-libera-17-bilhoes-cargos-e-o-toba-para-arthur-lira-para-evitar-derrota-no-congresso\/","title":{"rendered":"Lula libera 1,7 bilh\u00f5es, cargos e o toba para Arthur lira tentando evitar derrota no congresso"},"content":{"rendered":"\n<figure class=\"wp-block-image size-large\"><img data-opt-id=1639369494  fetchpriority=\"high\" decoding=\"async\" width=\"1290\" height=\"925\" src=\"https:\/\/mlbfrsat7ahr.i.optimole.com\/w:auto\/h:auto\/q:mauto\/ig:avif\/https:\/\/noticiasnoface.com.br\/wp-content\/uploads\/2023\/04\/img_1755.jpg\" alt=\"\" class=\"wp-image-15562\" srcset=\"https:\/\/mlbfrsat7ahr.i.optimole.com\/w:1290\/h:925\/q:mauto\/ig:avif\/https:\/\/noticiasnoface.com.br\/wp-content\/uploads\/2023\/04\/img_1755.jpg 1290w, https:\/\/mlbfrsat7ahr.i.optimole.com\/w:300\/h:215\/q:mauto\/ig:avif\/https:\/\/noticiasnoface.com.br\/wp-content\/uploads\/2023\/04\/img_1755.jpg 300w, https:\/\/mlbfrsat7ahr.i.optimole.com\/w:1024\/h:734\/q:mauto\/ig:avif\/https:\/\/noticiasnoface.com.br\/wp-content\/uploads\/2023\/04\/img_1755.jpg 1024w, https:\/\/mlbfrsat7ahr.i.optimole.com\/w:768\/h:551\/q:mauto\/ig:avif\/https:\/\/noticiasnoface.com.br\/wp-content\/uploads\/2023\/04\/img_1755.jpg 768w\" sizes=\"(max-width: 1000px) 100vw, 1000px\" \/><figcaption class=\"wp-element-caption\">Lula bate recorde e libera R$ 1,7 bi em emendas sob risco de maior derrota no Congresso<br \/>\u00c9 a maior quantia liberada pelo governo em um \u00fanico dia; Presidente corre risco de ver MP dos minist\u00e9rios perder a validade<br \/>31.mai.2023 \u00e0s 13h45<br \/>O governo liberou R$ 1,7 bilh\u00e3o em <a href=\"https:\/\/www1.folha.uol.com.br\/folha-topicos\/emenda-parlamentar\/\" target=\"_blank\" rel=\"noopener\">emendas parlamentares<\/a> em meio ao risco de o presidente <a href=\"https:\/\/www1.folha.uol.com.br\/folha-topicos\/lula\/\" target=\"_blank\" rel=\"noopener\">Lula<\/a> (PT) sofrer a <a href=\"https:\/\/www1.folha.uol.com.br\/poder\/2023\/05\/camara-adia-votacao-da-mp-da-esplanada-em-novo-reves-ao-governo-lula.shtml\" target=\"_blank\" rel=\"noopener\">maior derrota no Congresso neste mandato<\/a>.<br \/>A autoriza\u00e7\u00e3o para os repasses foi feita nesta ter\u00e7a-feira (30), dia em que interlocutores de Lula preferiram adiar a vota\u00e7\u00e3o da MP (medida provis\u00f3ria) que trata da <a href=\"https:\/\/www1.folha.uol.com.br\/poder\/2023\/05\/relator-fortalece-ministerios-do-centrao-e-desidrata-politica-ambiental-de-lula.shtml\" target=\"_blank\" rel=\"noopener\">restrutura\u00e7\u00e3o da Esplanada dos Minist\u00e9rios<\/a> sob risco de ela ser derrubada.<br \/>O valor de R$ 1,7 bilh\u00e3o \u00e9 um recorde no governo Lula 3 \u2013foi a maior quantia liberada em um \u00fanico dia.<br \/>Articuladores pol\u00edticos do Pal\u00e1cio do Planalto afirmam ainda que a promessa \u00e9 de dar ainda <a href=\"https:\/\/www1.folha.uol.com.br\/poder\/2023\/05\/governo-lula-libera-r-1-bi-em-emendas-e-prioriza-aliados-e-centrao-em-semana-chave.shtml\" target=\"_blank\" rel=\"noopener\">mais ritmo a essas autoriza\u00e7\u00f5es para emendas<\/a>parlamentares.<br \/>A insatisfa\u00e7\u00e3o da C\u00e2mara com o governo escalou nesta ter\u00e7a, quando l\u00edderes de partidos se uniram na articula\u00e7\u00e3o para rejeitar o formato que Lula deu \u00e0 Esplanada.<br \/>Caso a MP seja rejeitada, a estrutura dos minist\u00e9rios voltaria a ser a da gest\u00e3o anterior, de <a href=\"https:\/\/www1.folha.uol.com.br\/folha-topicos\/jair-bolsonaro\/\" target=\"_blank\" rel=\"noopener\">Jair Bolsonaro<\/a> (PL). Isso for\u00e7aria o fim de pastas criadas em janeiro, como a dos Povos Ind\u00edgenas, da Cultura, da Igualdade Racial, dos Transportes e do Desenvolvimento e Ind\u00fastria.<br \/>Diante da crise com o Congresso, Lula convocou de \u00faltima hora para a manh\u00e3 desta quarta-feira (31) uma reuni\u00e3o com o n\u00facleo da articula\u00e7\u00e3o pol\u00edtica do governo para discutir as <a href=\"https:\/\/www1.folha.uol.com.br\/poder\/2023\/05\/camara-adia-votacao-da-mp-da-esplanada-em-novo-reves-ao-governo-lula.shtml\" target=\"_blank\" rel=\"noopener\">derrotas na C\u00e2mara e a MP que trata da reestrutura\u00e7\u00e3o ministerial.<\/a><br \/>Segundo relatos, o presidente da C\u00e2mara dos Deputados, <a href=\"https:\/\/www1.folha.uol.com.br\/folha-topicos\/arthur-lira\/\" target=\"_blank\" rel=\"noopener\">Arthur Lira<\/a> (PP-AL), falou ao telefone com Lula por volta das 9h. O presidente teria feito um apelo para a aprova\u00e7\u00e3o da MP, e Lira teria respondido que est\u00e1 preocupado com a credibilidade do Executivo na Casa.<br \/>As queixas em rela\u00e7\u00e3o ao governo tratam da demora na libera\u00e7\u00e3o de emendas parlamentares e na nomea\u00e7\u00e3o de indicados pol\u00edticos para cargos do governo, al\u00e9m da dificuldade de deputados conseguirem reuni\u00f5es com ministros.<br \/>S\u00e3o reclama\u00e7\u00f5es que se arrastam h\u00e1 meses. O Congresso tem cobrado uma mudan\u00e7a na articula\u00e7\u00e3o pol\u00edtica, apesar de n\u00e3o mirar ataques ao ministro da \u00e1rea, <a href=\"https:\/\/www1.folha.uol.com.br\/folha-topicos\/alexandre-padilha\/\" target=\"_blank\" rel=\"noopener\">Alexandre Padilha<\/a> (Rela\u00e7\u00f5es Institucionais).<br \/>O principal alvo tem sido o ministro <a href=\"https:\/\/www1.folha.uol.com.br\/folha-topicos\/rui-costa\/\" target=\"_blank\" rel=\"noopener\">Rui Costa<\/a>(Casa Civil). A ele \u00e9 atribu\u00edda a culpa por emendas e cargos travados, al\u00e9m de falta de traquejo pol\u00edtico.<br \/>Aliados de Rui, no entanto, afirmam que o ministro n\u00e3o \u00e9 respons\u00e1vel pela rela\u00e7\u00e3o com o Congresso, e incorporou \u00e0 Casa Civil um perfil mais t\u00e9cnico. A pasta nega que tenha emperrado a libera\u00e7\u00e3o de recursos e nomea\u00e7\u00f5es.<br \/>Como a <strong>Folha<\/strong> mostrou neste fim de semana, o Congresso reclama do <a href=\"https:\/\/www1.folha.uol.com.br\/poder\/2023\/05\/congresso-reclama-de-emendas-travadas-apesar-de-ritmo-ligeiramente-maior-sob-lula.shtml\" target=\"_blank\" rel=\"noopener\">atraso em emendas, apesar de o ritmo estar ligeiramente mais acelerado<\/a> que em dois anos da gest\u00e3o Bolsonaro.<br \/>Com o novo lote de R$ 1,7 bilh\u00e3o, o governo autorizou, at\u00e9 o momento, R$ 4,5 bilh\u00f5es em emendas individuais \u2013aquelas que todo deputado ou senador tem direito e que s\u00e3o de execu\u00e7\u00e3o obrigat\u00f3ria, ou seja, o Planalto precisa autorizar at\u00e9 o fim do ano.<br \/>Tamb\u00e9m houve libera\u00e7\u00e3o de emendas de bancada (definidas por parlamentares de cada estado) e emendas de comiss\u00e3o. O valor, por\u00e9m, foi de apenas R$ 270 milh\u00f5es.<br \/>A principal insatisfa\u00e7\u00e3o de l\u00edderes do centr\u00e3o \u00e9 <a href=\"https:\/\/www1.folha.uol.com.br\/poder\/2023\/04\/congresso-cobra-de-lula-pressa-com-novo-sistema-de-emendas.shtml\" target=\"_blank\" rel=\"noopener\">com a falta de perspectiva<\/a> para que o governo destrave a verba que herdou ap\u00f3s decis\u00e3o do <a href=\"https:\/\/www1.folha.uol.com.br\/folha-topicos\/stf\/\" target=\"_blank\" rel=\"noopener\">STF<\/a> (Supremo Tribunal Federal) sobre <a href=\"https:\/\/www1.folha.uol.com.br\/poder\/2022\/12\/stf-forma-maioria-para-derrubar-emendas-de-relator.shtml\" target=\"_blank\" rel=\"noopener\">o fim das emendas de relator<\/a> \u2013principal mecanismo de negocia\u00e7\u00e3o pol\u00edtica no governo Bolsonaro.<br \/>Desde mar\u00e7o, integrantes do centr\u00e3o questionam como funcionar\u00e1 a distribui\u00e7\u00e3o dos R$ 9,8 bilh\u00f5es de recursos que Lula recebeu ap\u00f3s o fim das emendas de relator e que articuladores do Planalto prometem usar como moeda de troca com o Congresso.<br \/>Essa verba \u00e9 dividida entre a C\u00e2mara e o Senado, segundo articuladores de Lula. Os principais minist\u00e9rios elaboraram regras que, na vis\u00e3o de parlamentares, burocratizam as negocia\u00e7\u00f5es pol\u00edticas.<br \/>Enquanto n\u00e3o resolve o impasse sobre esses recursos, o governo tem adotado uma estrat\u00e9gia de priorizar a libera\u00e7\u00e3o de emendas individuais de aliados, e adianto a autoriza\u00e7\u00e3o de advers\u00e1rios de Lula.<br \/>De todas as emendas que avan\u00e7aram at\u00e9 hoje, parlamentares aliados e de partidos do centr\u00e3o figuram entre os mais beneficiados.<br \/>Os deputados Juarez Costa (MDB-MT), Ricardo Silva (PSD-SP), Stefano Aguiar (PSD-MG), Aluisio Mendes (Republicanos-MA) e Olival Marques (MDB-PA) est\u00e3o no topo da lista.<br \/>Tamb\u00e9m receberam emendas Claudio Cajado (PP-BA), que relatou o projeto do arcabou\u00e7o fiscal, o deputado Celso Sabino (Uni\u00e3o-PA) e o Felipe Carreras (PSB-PE) \u2014aliados do presidente da C\u00e2mara, Arthur Lira (PP-AL).<br \/>Todos esses parlamentares citados j\u00e1 conseguiram a libera\u00e7\u00e3o de metade das emendas individuais deste ano.<br \/>Por outro lado, deputados da oposi\u00e7\u00e3o ainda n\u00e3o conseguiram os repasses. \u00c9 o caso de Lucio Mosquini (MDB-RO), que \u00e9 ligado ao bolsonarismo, e Bia Kicis (PL-DF).<br \/>Lira tamb\u00e9m n\u00e3o foi beneficiado pela libera\u00e7\u00e3o de emendas individuais. Mas, por exercer o cargo de presidente da C\u00e2mara, esse tipo de emenda n\u00e3o \u00e9 t\u00e3o relevante, pois ele consegue ter controle de outras partes do Or\u00e7amento, como aquela que Lula herdou das emendas de relator.<\/figcaption><\/figure>\n","protected":false},"excerpt":{"rendered":"","protected":false},"author":1,"featured_media":0,"comment_status":"open","ping_status":"open","sticky":false,"template":"","format":"standard","meta":{"site-sidebar-layout":"default","site-content-layout":"","ast-site-content-layout":"default","site-content-style":"default","site-sidebar-style":"default","ast-global-header-display":"","ast-banner-title-visibility":"","ast-main-header-display":"","ast-hfb-above-header-display":"","ast-hfb-below-header-display":"","ast-hfb-mobile-header-display":"","site-post-title":"","ast-breadcrumbs-content":"","ast-featured-img":"","footer-sml-layout":"","ast-disable-related-posts":"","theme-transparent-header-meta":"","adv-header-id-meta":"","stick-header-meta":"","header-above-stick-meta":"","header-main-stick-meta":"","header-below-stick-meta":"","astra-migrate-meta-layouts":"default","ast-page-background-enabled":"default","ast-page-background-meta":{"desktop":{"background-color":"var(--ast-global-color-4)","background-image":"","background-repeat":"repeat","background-position":"center center","background-size":"auto","background-attachment":"scroll","background-type":"","background-media":"","overlay-type":"","overlay-color":"","overlay-opacity":"","overlay-gradient":""},"tablet":{"background-color":"","background-image":"","background-repeat":"repeat","background-position":"center center","background-size":"auto","background-attachment":"scroll","background-type":"","background-media":"","overlay-type":"","overlay-color":"","overlay-opacity":"","overlay-gradient":""},"mobile":{"background-color":"","background-image":"","background-repeat":"repeat","background-position":"center center","background-size":"auto","background-attachment":"scroll","background-type":"","background-media":"","overlay-type":"","overlay-color":"","overlay-opacity":"","overlay-gradient":""}},"ast-content-background-meta":{"desktop":{"background-color":"var(--ast-global-color-5)","background-image":"","background-repeat":"repeat","background-position":"center center","background-size":"auto","background-attachment":"scroll","background-type":"","background-media":"","overlay-type":"","overlay-color":"","overlay-opacity":"","overlay-gradient":""},"tablet":{"background-color":"var(--ast-global-color-5)","background-image":"","background-repeat":"repeat","background-position":"center center","background-size":"auto","background-attachment":"scroll","background-type":"","background-media":"","overlay-type":"","overlay-color":"","overlay-opacity":"","overlay-gradient":""},"mobile":{"background-color":"var(--ast-global-color-5)","background-image":"","background-repeat":"repeat","background-position":"center center","background-size":"auto","background-attachment":"scroll","background-type":"","background-media":"","overlay-type":"","overlay-color":"","overlay-opacity":"","overlay-gradient":""}},"footnotes":""},"categories":[153],"tags":[2338,2994,215,2442,2229,22,2995],"class_list":["post-16697","post","type-post","status-publish","format-standard","hentry","category-politica","tag-cargos-comissionados","tag-emendas","tag-lula","tag-lula-presidente","tag-noticas-do-face","tag-noticias-no-face","tag-toba"],"_links":{"self":[{"href":"https:\/\/noticiasnoface.com.br\/index.php\/wp-json\/wp\/v2\/posts\/16697","targetHints":{"allow":["GET"]}}],"collection":[{"href":"https:\/\/noticiasnoface.com.br\/index.php\/wp-json\/wp\/v2\/posts"}],"about":[{"href":"https:\/\/noticiasnoface.com.br\/index.php\/wp-json\/wp\/v2\/types\/post"}],"author":[{"embeddable":true,"href":"https:\/\/noticiasnoface.com.br\/index.php\/wp-json\/wp\/v2\/users\/1"}],"replies":[{"embeddable":true,"href":"https:\/\/noticiasnoface.com.br\/index.php\/wp-json\/wp\/v2\/comments?post=16697"}],"version-history":[{"count":2,"href":"https:\/\/noticiasnoface.com.br\/index.php\/wp-json\/wp\/v2\/posts\/16697\/revisions"}],"predecessor-version":[{"id":16699,"href":"https:\/\/noticiasnoface.com.br\/index.php\/wp-json\/wp\/v2\/posts\/16697\/revisions\/16699"}],"wp:attachment":[{"href":"https:\/\/noticiasnoface.com.br\/index.php\/wp-json\/wp\/v2\/media?parent=16697"}],"wp:term":[{"taxonomy":"category","embeddable":true,"href":"https:\/\/noticiasnoface.com.br\/index.php\/wp-json\/wp\/v2\/categories?post=16697"},{"taxonomy":"post_tag","embeddable":true,"href":"https:\/\/noticiasnoface.com.br\/index.php\/wp-json\/wp\/v2\/tags?post=16697"}],"curies":[{"name":"wp","href":"https:\/\/api.w.org\/{rel}","templated":true}]}}