{"id":16700,"date":"2023-05-31T18:20:07","date_gmt":"2023-05-31T21:20:07","guid":{"rendered":"https:\/\/noticiasnoface.com.br\/?p=16700"},"modified":"2023-05-31T18:20:08","modified_gmt":"2023-05-31T21:20:08","slug":"gsi-de-lula-falsificou-relatorio-entregue-a-comissao-de-inteligencia-do-congresso","status":"publish","type":"post","link":"https:\/\/noticiasnoface.com.br\/index.php\/2023\/05\/31\/gsi-de-lula-falsificou-relatorio-entregue-a-comissao-de-inteligencia-do-congresso\/","title":{"rendered":"GSI de Lula falsificou relat\u00f3rio entregue a comiss\u00e3o de intelig\u00eancia do congresso"},"content":{"rendered":"\n<figure class=\"wp-block-image size-large\"><img data-opt-id=1407467859  fetchpriority=\"high\" decoding=\"async\" width=\"1638\" height=\"2050\" src=\"https:\/\/mlbfrsat7ahr.i.optimole.com\/w:auto\/h:auto\/q:mauto\/ig:avif\/https:\/\/noticiasnoface.com.br\/wp-content\/uploads\/2023\/02\/photo-output-3.jpg\" alt=\"\" class=\"wp-image-14668\" srcset=\"https:\/\/mlbfrsat7ahr.i.optimole.com\/w:862\/h:1080\/q:mauto\/ig:avif\/https:\/\/noticiasnoface.com.br\/wp-content\/uploads\/2023\/02\/photo-output-3.jpg 1638w, https:\/\/mlbfrsat7ahr.i.optimole.com\/w:240\/h:300\/q:mauto\/ig:avif\/https:\/\/noticiasnoface.com.br\/wp-content\/uploads\/2023\/02\/photo-output-3.jpg 240w, https:\/\/mlbfrsat7ahr.i.optimole.com\/w:818\/h:1024\/q:mauto\/ig:avif\/https:\/\/noticiasnoface.com.br\/wp-content\/uploads\/2023\/02\/photo-output-3.jpg 818w, https:\/\/mlbfrsat7ahr.i.optimole.com\/w:768\/h:961\/q:mauto\/ig:avif\/https:\/\/noticiasnoface.com.br\/wp-content\/uploads\/2023\/02\/photo-output-3.jpg 768w, https:\/\/mlbfrsat7ahr.i.optimole.com\/w:862\/h:1080\/q:mauto\/ig:avif\/https:\/\/noticiasnoface.com.br\/wp-content\/uploads\/2023\/02\/photo-output-3.jpg 1227w, https:\/\/mlbfrsat7ahr.i.optimole.com\/w:862\/h:1080\/q:mauto\/ig:avif\/https:\/\/noticiasnoface.com.br\/wp-content\/uploads\/2023\/02\/photo-output-3.jpg 1636w\" sizes=\"(max-width: 1000px) 100vw, 1000px\" \/><figcaption class=\"wp-element-caption\">Ex-GSI de Lula falsificou relat\u00f3rio do 8\/1 enviado \u00e0 comiss\u00e3o de intelig\u00eancia do Congresso<br><img data-opt-id=1012056950  fetchpriority=\"high\" decoding=\"async\" src=\"https:\/\/s2.glbimg.com\/Xedt6kbrqh188rUuHMoIpt8Mo1A=\/0x0:3000x2000\/924x0\/smart\/filters:strip_icc()\/i.s3.glbimg.com\/v1\/AUTH_da025474c0c44edd99332dddb09cabe8\/internal_photos\/bs\/2023\/f\/c\/0dM7wKTACgnZXaYahVgg\/102763376-rio-de-janeiro-rj-11042023-pola-141tica-rj-marco-edson-gonassalves-dias-ministro-chefe.jpg\" alt=\"O ex-ministro do Gabinete de Seguran\u00e7a Institucional (GSI) Gon\u00e7alves Dias\" srcset=\"\" class=\"extendsBeyondTextColumn\"><br>O material \u00e9 composto por dois relat\u00f3rios da Abin sobre o epis\u00f3dio, e a compara\u00e7\u00e3o entre eles mostra que o Gabinete de Seguran\u00e7a Institucional (<a href=\"http:\/\/oglobo.globo.com\/tudo-sobre\/instituicao-governamental\/gsi\/\" target=\"_blank\" rel=\"noopener\">GSI<\/a>) de <a href=\"https:\/\/oglobo.globo.com\/tudo-sobre\/politico\/luiz-inacio-lula-da-silva\" target=\"_blank\" rel=\"noopener\">Lula<\/a>, ent\u00e3o comandado pelo general <a href=\"http:\/\/oglobo.globo.com\/tudo-sobre\/politico\/goncalves-dias\/\" target=\"_blank\" rel=\"noopener\">Gon\u00e7alves Dias<\/a>, adulterou o primeiro relat\u00f3rio de intelig\u00eancia enviado ao Congresso e retirou do documento os registros de que o general foi informado por mensagens enviadas para seu celular dos crescentes riscos de tumulto e de invas\u00e3o de pr\u00e9dios p\u00fablicos. <br>A informa\u00e7\u00e3o foi confirmada \u00e0 equipe da coluna por parlamentares que tiveram acesso nesta tarde aos dois documentos, numa sess\u00e3o secreta da CCAI. Os documentos tamb\u00e9m dever\u00e3o ser encaminhados \u00e0 CPI do 8 de janeiro. <br>Os parlamentares constataram que o primeiro documento, entregue \u00e0 comiss\u00e3o no dia 20 de janeiro e assinado pelo diretor-adjunto de G\u00ea Dias, Saulo Moura da Cunha, n\u00e3o traz os onze alertas que o ministro recebeu no pr\u00f3prio telefone celular entre 6 e 8 de janeiro sobre a movimenta\u00e7\u00e3o dos golpistas. <br>Primeiro dia da CPI do 8 de janeiro<br>Senadora Eliziane Game \u00e9 eleita relatora da comiss\u00e3o, e deputado Arthur Maia, presidente<br>S\u00f3 que esses mesmos alertas constam de uma outra vers\u00e3o do mesmo documento, enviada pela mesma Abin \u00e0 mesma comiss\u00e3o, s\u00f3 que em 8 de maio passado \u2013 agora com o GSI j\u00e1 sob o comando de outro general, Marco Antonio Amaro dos Santos. <br>A primeira vers\u00e3o do documento foi enviada ao Congresso por requisi\u00e7\u00e3o da pr\u00f3pria CCAI, logo depois dos atos golpistas. J\u00e1 a segunda foi entregue por ordem do ministro Alexandre de Moraes, em resposta a um pedido da Procuradoria-Geral da Rep\u00fablica. <br>No \u00faltimo dia 4, Moraes n\u00e3o s\u00f3 mandou que a Abin e a PM do DF fornecessem os relat\u00f3rios \u00c0 PGR como tamb\u00e9m determinou que a comiss\u00e3o do Senado enviasse todos os relat\u00f3rios de intelig\u00eancia que recebeu das autoridades. <br>Na segunda vers\u00e3o do documento, assinada pelo atual diretor-adjunto da ag\u00eancia, Alessandro Moretti, aparecem 11 envios de alertas ao celular do ministro G\u00ea Dias \u2013 incluindo tr\u00eas mensagens enviadas s\u00f3 a ele. <br>Antes e depois do 8 de janeiro: veja imagens do interior das sedes dos tr\u00eas Poderes<br>Acervo hist\u00f3rico e obras de arte sofreram preju\u00edzos \u2018incalcul\u00e1veis\u2019<br>Lidas em sequ\u00eancia, elas n\u00e3o deixam d\u00favidas de que a percep\u00e7\u00e3o dos agentes de intelig\u00eancia do pr\u00f3prio governo identificaram o &#8220;risco de a\u00e7\u00f5es violentas contra edif\u00edcios p\u00fablicos e autoridades&#8221;. <br>Diz o documento enviado no dia 6 de janeiro \u00e0s 19h40m: &#8220;Destaca-se a convoca\u00e7\u00e3o por parte de organizadores de caravanas para o deslocamento de manifestantes com acesso a armas e a inten\u00e7\u00e3o manifesta de invadir o Congresso Nacional. Outros edif\u00edcios da Esplanada dos Minist\u00e9rios poderiam ser alvo das a\u00e7\u00f5es violentas.&#8221; <br>A mensagem seguinte, do dia 7, informa que 18 \u00f4nibus de outros estados chegariam a Bras\u00edlia no dia 8 para engrossar o acampamento em frente ao Quartel-General do Ex\u00e9rcito. E acrescenta: &#8220;Mant\u00eam-se convoca\u00e7\u00f5es para a\u00e7\u00f5es violentas e tentativas de ocupa\u00e7\u00f5es de pr\u00e9dios p\u00fablicos, principalmente na Esplanada dos Minist\u00e9rios&#8221;. <br>Uma das mensagens que s\u00f3 G\u00ea Dias recebeu foi enviada na manh\u00e3 do pr\u00f3prio dia 8, alertando que cem \u00f4nibus j\u00e1 haviam chegado a Bras\u00edlia para os atos. <br>O general Gon\u00e7alves Dias pediu demiss\u00e3o depois que a CNN exibiu alguns v\u00eddeos gravados pelas c\u00e2meras do interior do Pal\u00e1cio do Planalto no momento da invas\u00e3o. Nas imagens, que antes haviam sido colocadas em sigilo pelo pr\u00f3prio ministro do GSI, ele aparece perambulando pelo Pal\u00e1cio sem tomar nenhuma atitude em rela\u00e7\u00e3o aos invasores, enquanto alguns funcion\u00e1rios indicam a sa\u00edda aos golpistas. <br>O ministro tamb\u00e9m negou em depoimento \u00e0 <a href=\"https:\/\/oglobo.globo.com\/tudo-sobre\/instituicao-governamental\/policia-federal\" target=\"_blank\" rel=\"noopener\">Pol\u00edcia Federal<\/a> ter recebido alertas da Abin sobre os riscos de invas\u00e3o e ataques aos edif\u00edcios-sede dos Tr\u00eas Poderes. <br>O ministro continuou negando ter recebido os alertas na semana seguinte, quando a Folha de S. Paulo publicou em primeira m\u00e3o o conte\u00fado dos alertas. <br>As negativas do ministro vinham intrigando os investigadores da Pol\u00edcia Federal e integrantes da pr\u00f3pria Abin, que conheciam apenas o conte\u00fado dos relat\u00f3rios originais e n\u00e3o sabiam que o material entregue ao Congresso havia sido adulterado. <br>A compara\u00e7\u00e3o dos dois documentos, feita agora, ajuda a esclarecer por que G\u00ea Dias manteve a vers\u00e3o de que n\u00e3o recebeu nenhum aviso. <br>O relat\u00f3rio de intelig\u00eancia foi produzido pela Abin entre os dias 2 e 8 de janeiro e cont\u00e9m uma extensa tabela com tr\u00eas colunas. A primeira indica a data e o hor\u00e1rio do envio; a segunda, o conte\u00fado das mensagens; e na terceira coluna aparecem os nomes contatos de quem recebeu cada mensagem. <br>Parlamentares que tiveram chance de analisar as duas vers\u00f5es do documento na sala-cofre da CCAI afirmam que a diferen\u00e7a as duas vers\u00f5es \u00e9 muito evidente. Mas n\u00e3o \u00e9 poss\u00edvel saber ou inferir, apenas pela observa\u00e7\u00e3o, quem no GSI suprimiu as informa\u00e7\u00f5es e como isso foi feito. <br>A c\u00fapula da Abin tamb\u00e9m participou da reuni\u00e3o secreta da CCAI desta tarde e tomou conhecimento da diverg\u00eancia entre os documentos. <br>A adultera\u00e7\u00e3o dos documentos oficiais pelo GSI de Lula, por\u00e9m, tem tudo para se tornar o primeiro grande foco de investiga\u00e7\u00e3o da CPMI do golpismo de 8 de janeiro, que abriu seus trabalhos nesta quinta-feira em um plen\u00e1rio do Senado e j\u00e1 soma quase 500 pedidos de requerimentos para ouvir autoridades ligadas ao 8 de janeiro, entre outras solicita\u00e7\u00f5es de quebra de sigilo. <br>Desses, cerca de 300 pedidos foram apresentados pela oposi\u00e7\u00e3o bolsonarista, e o principal alvo \u00e9 justamente G\u00ea Dias. J\u00e1 s\u00e3o 13 requerimentos pedindo a convoca\u00e7\u00e3o do general. <br>Procurei, nesta tarde, o advogado de defesa do ex-ministro Gon\u00e7alves Dias, assim como o diretor-adjunto da Abin, Alessandro Moretti, e Saulo Moura da Cunha, mas n\u00e3o tive retorno at\u00e9 a publica\u00e7\u00e3o da reportagem. O espa\u00e7o segue aberto aos citados<\/figcaption><\/figure>\n","protected":false},"excerpt":{"rendered":"","protected":false},"author":1,"featured_media":0,"comment_status":"open","ping_status":"open","sticky":false,"template":"","format":"standard","meta":{"site-sidebar-layout":"default","site-content-layout":"","ast-site-content-layout":"default","site-content-style":"default","site-sidebar-style":"default","ast-global-header-display":"","ast-banner-title-visibility":"","ast-main-header-display":"","ast-hfb-above-header-display":"","ast-hfb-below-header-display":"","ast-hfb-mobile-header-display":"","site-post-title":"","ast-breadcrumbs-content":"","ast-featured-img":"","footer-sml-layout":"","ast-disable-related-posts":"","theme-transparent-header-meta":"","adv-header-id-meta":"","stick-header-meta":"","header-above-stick-meta":"","header-main-stick-meta":"","header-below-stick-meta":"","astra-migrate-meta-layouts":"default","ast-page-background-enabled":"default","ast-page-background-meta":{"desktop":{"background-color":"var(--ast-global-color-4)","background-image":"","background-repeat":"repeat","background-position":"center center","background-size":"auto","background-attachment":"scroll","background-type":"","background-media":"","overlay-type":"","overlay-color":"","overlay-opacity":"","overlay-gradient":""},"tablet":{"background-color":"","background-image":"","background-repeat":"repeat","background-position":"center center","background-size":"auto","background-attachment":"scroll","background-type":"","background-media":"","overlay-type":"","overlay-color":"","overlay-opacity":"","overlay-gradient":""},"mobile":{"background-color":"","background-image":"","background-repeat":"repeat","background-position":"center center","background-size":"auto","background-attachment":"scroll","background-type":"","background-media":"","overlay-type":"","overlay-color":"","overlay-opacity":"","overlay-gradient":""}},"ast-content-background-meta":{"desktop":{"background-color":"var(--ast-global-color-5)","background-image":"","background-repeat":"repeat","background-position":"center center","background-size":"auto","background-attachment":"scroll","background-type":"","background-media":"","overlay-type":"","overlay-color":"","overlay-opacity":"","overlay-gradient":""},"tablet":{"background-color":"var(--ast-global-color-5)","background-image":"","background-repeat":"repeat","background-position":"center center","background-size":"auto","background-attachment":"scroll","background-type":"","background-media":"","overlay-type":"","overlay-color":"","overlay-opacity":"","overlay-gradient":""},"mobile":{"background-color":"var(--ast-global-color-5)","background-image":"","background-repeat":"repeat","background-position":"center center","background-size":"auto","background-attachment":"scroll","background-type":"","background-media":"","overlay-type":"","overlay-color":"","overlay-opacity":"","overlay-gradient":""}},"footnotes":""},"categories":[517],"tags":[403,2996,2997,215,2442,2229,2236],"class_list":["post-16700","post","type-post","status-publish","format-standard","hentry","category-aconteceu","tag-congresso","tag-falsificou","tag-gsi","tag-lula","tag-lula-presidente","tag-noticas-do-face","tag-noticas-no-face"],"_links":{"self":[{"href":"https:\/\/noticiasnoface.com.br\/index.php\/wp-json\/wp\/v2\/posts\/16700","targetHints":{"allow":["GET"]}}],"collection":[{"href":"https:\/\/noticiasnoface.com.br\/index.php\/wp-json\/wp\/v2\/posts"}],"about":[{"href":"https:\/\/noticiasnoface.com.br\/index.php\/wp-json\/wp\/v2\/types\/post"}],"author":[{"embeddable":true,"href":"https:\/\/noticiasnoface.com.br\/index.php\/wp-json\/wp\/v2\/users\/1"}],"replies":[{"embeddable":true,"href":"https:\/\/noticiasnoface.com.br\/index.php\/wp-json\/wp\/v2\/comments?post=16700"}],"version-history":[{"count":1,"href":"https:\/\/noticiasnoface.com.br\/index.php\/wp-json\/wp\/v2\/posts\/16700\/revisions"}],"predecessor-version":[{"id":16701,"href":"https:\/\/noticiasnoface.com.br\/index.php\/wp-json\/wp\/v2\/posts\/16700\/revisions\/16701"}],"wp:attachment":[{"href":"https:\/\/noticiasnoface.com.br\/index.php\/wp-json\/wp\/v2\/media?parent=16700"}],"wp:term":[{"taxonomy":"category","embeddable":true,"href":"https:\/\/noticiasnoface.com.br\/index.php\/wp-json\/wp\/v2\/categories?post=16700"},{"taxonomy":"post_tag","embeddable":true,"href":"https:\/\/noticiasnoface.com.br\/index.php\/wp-json\/wp\/v2\/tags?post=16700"}],"curies":[{"name":"wp","href":"https:\/\/api.w.org\/{rel}","templated":true}]}}