{"id":16703,"date":"2023-05-31T18:51:18","date_gmt":"2023-05-31T21:51:18","guid":{"rendered":"https:\/\/noticiasnoface.com.br\/?p=16703"},"modified":"2023-05-31T18:51:18","modified_gmt":"2023-05-31T21:51:18","slug":"agente-penal-exige-retratacao-da-seap","status":"publish","type":"post","link":"https:\/\/noticiasnoface.com.br\/index.php\/2023\/05\/31\/agente-penal-exige-retratacao-da-seap\/","title":{"rendered":"Agente penal exige retrata\u00e7\u00e3o da SEAP"},"content":{"rendered":"\n<figure class=\"wp-block-image size-large\"><img data-opt-id=1238708645  fetchpriority=\"high\" decoding=\"async\" width=\"274\" height=\"182\" src=\"https:\/\/mlbfrsat7ahr.i.optimole.com\/w:auto\/h:auto\/q:mauto\/ig:avif\/https:\/\/noticiasnoface.com.br\/wp-content\/uploads\/2023\/05\/2faf4440-2a34-48d6-a862-ce5a816670eb.jpg\" class=\"wp-image-16702\"\/><figcaption class=\"wp-element-caption\">NOTA P\u00daBLICA<br>Venho por meio desta nota p\u00fablica expressar que, no exerc\u00edcio das minhas atribui\u00e7\u00f5es, ouvi, no dia 03\/11\/22, uma den\u00fancia de duas internas que relataram estar sendo coagidas a forjar provas contra dois policiais. No dia 8\/11\/22, conduzi essas internas at\u00e9 a delegacia com o objetivo de permitir que formalizassem uma den\u00fancia de coa\u00e7\u00e3o supostamente realizada por um policial da intelig\u00eancia da unidade prisional. Minha atua\u00e7\u00e3o teve como objetivo assegurar o direito dessas internas e garantir que a den\u00fancia fosse devidamente registrada e investigada.<br>No entanto, de forma inexplic\u00e1vel e irrespons\u00e1vel, a Assessoria de Imprensa da SEAP divulgou uma nota em que exp\u00f4s publicamente minha imagem e nome, enquanto o policial da intelig\u00eancia, acusado de coa\u00e7\u00e3o, permaneceu oculto. Essa distor\u00e7\u00e3o da informa\u00e7\u00e3o causou graves danos a minha pessoa, tanto financeiramente quanto psicologicamente, al\u00e9m de afetar negativamente minha imagem pessoal e profissional.<br>\u00c9 importante salientar que o policial acusado de coa\u00e7\u00e3o \u00e9 o mesmo que coletou imagens minhas no sistema de videomonitoramento da unidade, as mesmas imagens que foram para a imprensa, s\u00f3 que editadas de forma totalmente tendenciosa. Al\u00e9m disso, durante a a\u00e7\u00e3o, ele estava acompanhado da chefe de disciplina da unidade, a policial penal Regina.<br>Diante desses fatos, exijo que o presente caso seja apurado com a devida seriedade, a fim de esclarecer as raz\u00f5es pelas quais a nota divulgada pela Assessoria de Imprensa diverge totalmente dos fatos ocorridos. \u00c9 fundamental identificar e responsabilizar os autores por essa distor\u00e7\u00e3o da verdade, incluindo, de forma preliminar: o policial acusado de coa\u00e7\u00e3o; a chefe de disciplina Regina, presente no momento em que minhas imagens foram coletadas e possivelmente editadas; o chefe de seguran\u00e7a da unidade, o policial penal Manoel Vitor, que deu depoimentos no PAD que precisam ser verificados; o vice-diretor da unidade, o policial penal Thiago Calado, que argumentou no documento do meu afastamento que eu estava sendo afastado por contar minha vers\u00e3o aos meus colegas de trabalho, trazendo transtornos \u00e0 unidade; e o diretor na \u00e9poca, o policial penal Jos\u00e9 Carlos, que negou a sa\u00edda da escolta para a delegacia.<br>Exijo uma investiga\u00e7\u00e3o minuciosa para apurar se a elabora\u00e7\u00e3o da nota foi baseada em informa\u00e7\u00f5es erradas ou se houve uma inten\u00e7\u00e3o premeditada de difamar minha imagem. \u00c9 fundamental que essa quest\u00e3o seja esclarecida e que todas as medidas necess\u00e1rias sejam tomadas para identificar e responsabilizar os respons\u00e1veis por essa divulga\u00e7\u00e3o, que, na pr\u00e1tica, foi um ataque midi\u00e1tico, que teve como alvo minha integridade e reputa\u00e7\u00e3o.<br>\u00c9 oportuno que a Secretaria de Estado da Administra\u00e7\u00e3o Penitenci\u00e1ria (SEAP) emita uma nota de retrata\u00e7\u00e3o, esclarecendo os fatos de acordo com a realidade dos acontecimentos, as provas anexadas nos Processos Administrativos Disciplinares que trataram do caso.<br>Fabricio Amaro<br>Policial Penal<\/figcaption><\/figure>\n","protected":false},"excerpt":{"rendered":"","protected":false},"author":1,"featured_media":0,"comment_status":"open","ping_status":"open","sticky":false,"template":"","format":"standard","meta":{"site-sidebar-layout":"default","site-content-layout":"","ast-site-content-layout":"default","site-content-style":"default","site-sidebar-style":"default","ast-global-header-display":"","ast-banner-title-visibility":"","ast-main-header-display":"","ast-hfb-above-header-display":"","ast-hfb-below-header-display":"","ast-hfb-mobile-header-display":"","site-post-title":"","ast-breadcrumbs-content":"","ast-featured-img":"","footer-sml-layout":"","ast-disable-related-posts":"","theme-transparent-header-meta":"","adv-header-id-meta":"","stick-header-meta":"","header-above-stick-meta":"","header-main-stick-meta":"","header-below-stick-meta":"","astra-migrate-meta-layouts":"default","ast-page-background-enabled":"default","ast-page-background-meta":{"desktop":{"background-color":"var(--ast-global-color-4)","background-image":"","background-repeat":"repeat","background-position":"center center","background-size":"auto","background-attachment":"scroll","background-type":"","background-media":"","overlay-type":"","overlay-color":"","overlay-opacity":"","overlay-gradient":""},"tablet":{"background-color":"","background-image":"","background-repeat":"repeat","background-position":"center center","background-size":"auto","background-attachment":"scroll","background-type":"","background-media":"","overlay-type":"","overlay-color":"","overlay-opacity":"","overlay-gradient":""},"mobile":{"background-color":"","background-image":"","background-repeat":"repeat","background-position":"center center","background-size":"auto","background-attachment":"scroll","background-type":"","background-media":"","overlay-type":"","overlay-color":"","overlay-opacity":"","overlay-gradient":""}},"ast-content-background-meta":{"desktop":{"background-color":"var(--ast-global-color-5)","background-image":"","background-repeat":"repeat","background-position":"center center","background-size":"auto","background-attachment":"scroll","background-type":"","background-media":"","overlay-type":"","overlay-color":"","overlay-opacity":"","overlay-gradient":""},"tablet":{"background-color":"var(--ast-global-color-5)","background-image":"","background-repeat":"repeat","background-position":"center center","background-size":"auto","background-attachment":"scroll","background-type":"","background-media":"","overlay-type":"","overlay-color":"","overlay-opacity":"","overlay-gradient":""},"mobile":{"background-color":"var(--ast-global-color-5)","background-image":"","background-repeat":"repeat","background-position":"center center","background-size":"auto","background-attachment":"scroll","background-type":"","background-media":"","overlay-type":"","overlay-color":"","overlay-opacity":"","overlay-gradient":""}},"footnotes":""},"categories":[517],"tags":[],"class_list":["post-16703","post","type-post","status-publish","format-standard","hentry","category-aconteceu"],"_links":{"self":[{"href":"https:\/\/noticiasnoface.com.br\/index.php\/wp-json\/wp\/v2\/posts\/16703","targetHints":{"allow":["GET"]}}],"collection":[{"href":"https:\/\/noticiasnoface.com.br\/index.php\/wp-json\/wp\/v2\/posts"}],"about":[{"href":"https:\/\/noticiasnoface.com.br\/index.php\/wp-json\/wp\/v2\/types\/post"}],"author":[{"embeddable":true,"href":"https:\/\/noticiasnoface.com.br\/index.php\/wp-json\/wp\/v2\/users\/1"}],"replies":[{"embeddable":true,"href":"https:\/\/noticiasnoface.com.br\/index.php\/wp-json\/wp\/v2\/comments?post=16703"}],"version-history":[{"count":1,"href":"https:\/\/noticiasnoface.com.br\/index.php\/wp-json\/wp\/v2\/posts\/16703\/revisions"}],"predecessor-version":[{"id":16704,"href":"https:\/\/noticiasnoface.com.br\/index.php\/wp-json\/wp\/v2\/posts\/16703\/revisions\/16704"}],"wp:attachment":[{"href":"https:\/\/noticiasnoface.com.br\/index.php\/wp-json\/wp\/v2\/media?parent=16703"}],"wp:term":[{"taxonomy":"category","embeddable":true,"href":"https:\/\/noticiasnoface.com.br\/index.php\/wp-json\/wp\/v2\/categories?post=16703"},{"taxonomy":"post_tag","embeddable":true,"href":"https:\/\/noticiasnoface.com.br\/index.php\/wp-json\/wp\/v2\/tags?post=16703"}],"curies":[{"name":"wp","href":"https:\/\/api.w.org\/{rel}","templated":true}]}}