{"id":16708,"date":"2023-05-31T23:34:14","date_gmt":"2023-06-01T02:34:14","guid":{"rendered":"https:\/\/noticiasnoface.com.br\/?p=16708"},"modified":"2023-05-31T23:34:14","modified_gmt":"2023-06-01T02:34:14","slug":"vereadores-aprovam-voucher-educacao-contra-deficit-de-vagas-na-educacao-infantil","status":"publish","type":"post","link":"https:\/\/noticiasnoface.com.br\/index.php\/2023\/05\/31\/vereadores-aprovam-voucher-educacao-contra-deficit-de-vagas-na-educacao-infantil\/","title":{"rendered":"Vereadores aprovam Voucher Educa\u00e7\u00e3o contra d\u00e9ficit de vagas na educa\u00e7\u00e3o infantil"},"content":{"rendered":"\n<figure class=\"wp-block-image size-large\"><img data-opt-id=1984266538  fetchpriority=\"high\" decoding=\"async\" width=\"1024\" height=\"677\" src=\"https:\/\/mlbfrsat7ahr.i.optimole.com\/w:1024\/h:677\/q:mauto\/ig:avif\/https:\/\/noticiasnoface.com.br\/wp-content\/uploads\/2023\/05\/img_5158.jpg\" class=\"wp-image-16707\" srcset=\"https:\/\/mlbfrsat7ahr.i.optimole.com\/w:1024\/h:677\/q:mauto\/ig:avif\/https:\/\/noticiasnoface.com.br\/wp-content\/uploads\/2023\/05\/img_5158.jpg 1024w, https:\/\/mlbfrsat7ahr.i.optimole.com\/w:300\/h:198\/q:mauto\/ig:avif\/https:\/\/noticiasnoface.com.br\/wp-content\/uploads\/2023\/05\/img_5158.jpg 300w, https:\/\/mlbfrsat7ahr.i.optimole.com\/w:768\/h:508\/q:mauto\/ig:avif\/https:\/\/noticiasnoface.com.br\/wp-content\/uploads\/2023\/05\/img_5158.jpg 768w, https:\/\/mlbfrsat7ahr.i.optimole.com\/w:1290\/h:853\/q:mauto\/ig:avif\/https:\/\/noticiasnoface.com.br\/wp-content\/uploads\/2023\/05\/img_5158.jpg 1290w\" sizes=\"(max-width: 1000px) 100vw, 1000px\" \/><figcaption class=\"wp-element-caption\">Os vereadores de Natal aprovaram, na sess\u00e3o ordin\u00e1ria desta quarta-feira (31), o \u201cVoucher Educa\u00e7\u00e3o\u201d, programa para o encaminhamento de crian\u00e7as para escolas ou creches particulares, sempre que a oferta de vagas na rede municipal de ensino for insuficiente. O programa foi criado pelo projeto de lei 58\/2019, de autoria do parlamentar Klaus Ara\u00fajo (sem partido). <br>A vereadora Nina Souza (PDT) e Raniere Barbosa (Avante) defenderam o projeto em plen\u00e1rio, fazendo um apelo para que o prefeito \u00c1lvaro Dias n\u00e3o o vete.  Em 2023, em uma iniciativa semelhante ao programa \u201cVoucher Educa\u00e7\u00e3o\u201d, a Prefeitura de Natal favoreceu aproximadamente de 640 crian\u00e7as, que n\u00e3o conseguiram vagas na rede municipal, com um valor mensal de cerca de R$ 150, para matricul\u00e1-las em escolinhas de bairro.<br>O \u201cVoucher Educa\u00e7\u00e3o\u201d aprovado pela C\u00e2mara Municipal de Natal n\u00e3o prev\u00ea um valor mensal, mas preconiza que a crian\u00e7a que ficar em lista de espera por vaga nas creches ou escolas municipais deve ser encaminhada para matr\u00edcula no estabelecimento cadastrado mais pr\u00f3ximo \u00e0 resid\u00eancia dela. <br>De acordo com o PL, os estabelecimentos particulares de educa\u00e7\u00e3o infantil que desejem conveniar com a Prefeitura de Natal dever\u00e3o se cadastrar junto \u00e0 Secretaria Municipal de Educa\u00e7\u00e3o, informando sobre a disponibilidade de vagas, demonstrar capacidade de ministrar suporte pedag\u00f3gico, sob supervis\u00e3o da SME e se comprometer a n\u00e3o cobrar taxa de qualquer natureza aos alunos benefici\u00e1rios do programa Voucher Educa\u00e7\u00e3o, bem como garantir que esses estudantes v\u00e3o receber o mesmo tratamento dos demais matriculados no local.<br>Na defesa do projeto de lei, o autor justificou: \u201cO Voucher Educa\u00e7\u00e3o visa amenizar o problema do d\u00e9ficit de vagas na rede municipal de ensino infantil. S\u00f3 este ano foram mais de 1.700 crian\u00e7as que ficaram em lista de espera.  Essas m\u00e3es e familiares precisam trabalhar e n\u00e3o tem onde deixar os filhos e filhas\u201d. <br>O projeto foi bastante debatido em primeira e segunda discuss\u00e3o, e aprovado com emendas da vereadora Brisa Bracchi (PT). O autor, Klaus Ara\u00fajo, acredita que o programa vai ajudar a milhares de fam\u00edlias natalenses. \u201c\u00c9 na escola onde muitas crian\u00e7as refor\u00e7a a alimenta\u00e7\u00e3o e quando est\u00e3o na escola deixam de estar vulner\u00e1veis \u00e0s drogas, \u00e0 criminalidade e \u00e0 explora\u00e7\u00e3o sexual\u201d, ressaltou. <br>Texto: Ilana Albuquerque<br>Fotos: Elp\u00eddio J\u00fanior<\/figcaption><\/figure>\n","protected":false},"excerpt":{"rendered":"","protected":false},"author":1,"featured_media":0,"comment_status":"open","ping_status":"open","sticky":false,"template":"","format":"standard","meta":{"site-sidebar-layout":"default","site-content-layout":"","ast-site-content-layout":"default","site-content-style":"default","site-sidebar-style":"default","ast-global-header-display":"","ast-banner-title-visibility":"","ast-main-header-display":"","ast-hfb-above-header-display":"","ast-hfb-below-header-display":"","ast-hfb-mobile-header-display":"","site-post-title":"","ast-breadcrumbs-content":"","ast-featured-img":"","footer-sml-layout":"","ast-disable-related-posts":"","theme-transparent-header-meta":"","adv-header-id-meta":"","stick-header-meta":"","header-above-stick-meta":"","header-main-stick-meta":"","header-below-stick-meta":"","astra-migrate-meta-layouts":"default","ast-page-background-enabled":"default","ast-page-background-meta":{"desktop":{"background-color":"var(--ast-global-color-4)","background-image":"","background-repeat":"repeat","background-position":"center center","background-size":"auto","background-attachment":"scroll","background-type":"","background-media":"","overlay-type":"","overlay-color":"","overlay-opacity":"","overlay-gradient":""},"tablet":{"background-color":"","background-image":"","background-repeat":"repeat","background-position":"center center","background-size":"auto","background-attachment":"scroll","background-type":"","background-media":"","overlay-type":"","overlay-color":"","overlay-opacity":"","overlay-gradient":""},"mobile":{"background-color":"","background-image":"","background-repeat":"repeat","background-position":"center center","background-size":"auto","background-attachment":"scroll","background-type":"","background-media":"","overlay-type":"","overlay-color":"","overlay-opacity":"","overlay-gradient":""}},"ast-content-background-meta":{"desktop":{"background-color":"var(--ast-global-color-5)","background-image":"","background-repeat":"repeat","background-position":"center center","background-size":"auto","background-attachment":"scroll","background-type":"","background-media":"","overlay-type":"","overlay-color":"","overlay-opacity":"","overlay-gradient":""},"tablet":{"background-color":"var(--ast-global-color-5)","background-image":"","background-repeat":"repeat","background-position":"center center","background-size":"auto","background-attachment":"scroll","background-type":"","background-media":"","overlay-type":"","overlay-color":"","overlay-opacity":"","overlay-gradient":""},"mobile":{"background-color":"var(--ast-global-color-5)","background-image":"","background-repeat":"repeat","background-position":"center center","background-size":"auto","background-attachment":"scroll","background-type":"","background-media":"","overlay-type":"","overlay-color":"","overlay-opacity":"","overlay-gradient":""}},"footnotes":""},"categories":[517],"tags":[],"class_list":["post-16708","post","type-post","status-publish","format-standard","hentry","category-aconteceu"],"_links":{"self":[{"href":"https:\/\/noticiasnoface.com.br\/index.php\/wp-json\/wp\/v2\/posts\/16708","targetHints":{"allow":["GET"]}}],"collection":[{"href":"https:\/\/noticiasnoface.com.br\/index.php\/wp-json\/wp\/v2\/posts"}],"about":[{"href":"https:\/\/noticiasnoface.com.br\/index.php\/wp-json\/wp\/v2\/types\/post"}],"author":[{"embeddable":true,"href":"https:\/\/noticiasnoface.com.br\/index.php\/wp-json\/wp\/v2\/users\/1"}],"replies":[{"embeddable":true,"href":"https:\/\/noticiasnoface.com.br\/index.php\/wp-json\/wp\/v2\/comments?post=16708"}],"version-history":[{"count":1,"href":"https:\/\/noticiasnoface.com.br\/index.php\/wp-json\/wp\/v2\/posts\/16708\/revisions"}],"predecessor-version":[{"id":16709,"href":"https:\/\/noticiasnoface.com.br\/index.php\/wp-json\/wp\/v2\/posts\/16708\/revisions\/16709"}],"wp:attachment":[{"href":"https:\/\/noticiasnoface.com.br\/index.php\/wp-json\/wp\/v2\/media?parent=16708"}],"wp:term":[{"taxonomy":"category","embeddable":true,"href":"https:\/\/noticiasnoface.com.br\/index.php\/wp-json\/wp\/v2\/categories?post=16708"},{"taxonomy":"post_tag","embeddable":true,"href":"https:\/\/noticiasnoface.com.br\/index.php\/wp-json\/wp\/v2\/tags?post=16708"}],"curies":[{"name":"wp","href":"https:\/\/api.w.org\/{rel}","templated":true}]}}