{"id":16716,"date":"2023-06-01T14:08:35","date_gmt":"2023-06-01T17:08:35","guid":{"rendered":"https:\/\/noticiasnoface.com.br\/?p=16716"},"modified":"2023-06-01T14:08:36","modified_gmt":"2023-06-01T17:08:36","slug":"lula-confirma-seu-advogado-para-vaga-no-stf","status":"publish","type":"post","link":"https:\/\/noticiasnoface.com.br\/index.php\/2023\/06\/01\/lula-confirma-seu-advogado-para-vaga-no-stf\/","title":{"rendered":"Lula confirma seu advogado para vaga no STF."},"content":{"rendered":"\n<figure class=\"wp-block-image size-large\"><img data-opt-id=2091334088  fetchpriority=\"high\" decoding=\"async\" width=\"1024\" height=\"577\" src=\"https:\/\/mlbfrsat7ahr.i.optimole.com\/w:1024\/h:577\/q:mauto\/ig:avif\/https:\/\/noticiasnoface.com.br\/wp-content\/uploads\/2023\/06\/photo-output-1.jpg\" class=\"wp-image-16715\" srcset=\"https:\/\/mlbfrsat7ahr.i.optimole.com\/w:1024\/h:577\/q:mauto\/ig:avif\/https:\/\/noticiasnoface.com.br\/wp-content\/uploads\/2023\/06\/photo-output-1.jpg 1024w, https:\/\/mlbfrsat7ahr.i.optimole.com\/w:300\/h:169\/q:mauto\/ig:avif\/https:\/\/noticiasnoface.com.br\/wp-content\/uploads\/2023\/06\/photo-output-1.jpg 300w, https:\/\/mlbfrsat7ahr.i.optimole.com\/w:768\/h:432\/q:mauto\/ig:avif\/https:\/\/noticiasnoface.com.br\/wp-content\/uploads\/2023\/06\/photo-output-1.jpg 768w, https:\/\/mlbfrsat7ahr.i.optimole.com\/w:1536\/h:865\/q:mauto\/ig:avif\/https:\/\/noticiasnoface.com.br\/wp-content\/uploads\/2023\/06\/photo-output-1.jpg 1536w, https:\/\/mlbfrsat7ahr.i.optimole.com\/w:800\/h:450\/q:mauto\/ig:avif\/https:\/\/noticiasnoface.com.br\/wp-content\/uploads\/2023\/06\/photo-output-1.jpg 800w, https:\/\/mlbfrsat7ahr.i.optimole.com\/w:1918\/h:1080\/q:mauto\/ig:avif\/https:\/\/noticiasnoface.com.br\/wp-content\/uploads\/2023\/06\/photo-output-1.jpg 2048w\" sizes=\"(max-width: 1000px) 100vw, 1000px\" \/><figcaption class=\"wp-element-caption\">Saiba quem \u00e9 Zanin e como derrubou processos contra Lula<br>Indicado para o STF \u00e9 advogado do presidente e o ajudou a recuperar os seus direitos pol\u00edticos para disputar a elei\u00e7\u00e3o em 2022<br><a class=\"byline\" href=\"https:\/\/www.poder360.com.br\/author\/do-poder360\/\" target=\"_blank\" rel=\"noopener\">PODER360<\/a>1.jun.2023 (quinta-feira) &#8211; 13h44<br><img data-opt-id=1418298543  fetchpriority=\"high\" decoding=\"async\" src=\"https:\/\/static.poder360.com.br\/2023\/05\/Cristiano-Zanin-848x477.jpg\" alt=\"Cristiano Zanin\" srcset=\"https:\/\/static.poder360.com.br\/2023\/05\/Cristiano-Zanin-848x477.jpg 848w, https:\/\/static.poder360.com.br\/2023\/05\/Cristiano-Zanin-405x228.jpg 405w\" class=\"extendsBeyondTextColumn\"><br>O advogado Cristiano Zanin defendeu o presidente Lula nos processos da Opera\u00e7\u00e3o Lava Jato <br>Personagem essencial para que o presidente <a rel=\"noreferrer noopener\" href=\"https:\/\/eleicoes.poder360.com.br\/candidato\/929674#2022\" target=\"_blank\">Luiz In\u00e1cio Lula da Silva<\/a> (PT) concorresse \u00e0s elei\u00e7\u00f5es em 2022, o advogado <a rel=\"noreferrer noopener\" href=\"https:\/\/www.poder360.com.br\/tag\/cristiano-zanin\/\" target=\"_blank\">Cristiano Zanin<\/a>, de 47 anos, <a rel=\"noreferrer noopener\" href=\"https:\/\/www.poder360.com.br\/justica\/lula-indica-seu-advogado-cristiano-zanin-ao-stf\/\" target=\"_blank\">ser\u00e1 indicado<\/a> para a vaga no <a rel=\"noreferrer noopener\" href=\"https:\/\/www.poder360.com.br\/tag\/stf\/\" target=\"_blank\">STF<\/a> (Supremo Tribunal Federal) aberta depois da aposentadoria do ministro <a rel=\"noreferrer noopener\" href=\"https:\/\/www.poder360.com.br\/tag\/ricardo-lewandowski\/\" target=\"_blank\">Ricardo Lewandowski<\/a>, em 11 de abril.<br>Em 2020, Zanin protocolou no STF o pedido de <em>habeas corpus<\/em> que levou \u00e0 <a rel=\"noreferrer noopener\" href=\"https:\/\/www.poder360.com.br\/lava-jato\/fachin-anula-todos-os-atos-processuais-contra-lula-realizados-em-curitiba\/\" target=\"_blank\">anula\u00e7\u00e3o das condena\u00e7\u00f5es contra o presidente<\/a>. Durante o julgamento, a maioria dos ministros concordou com os argumentos da defesa de que as acusa\u00e7\u00f5es <strong>n\u00e3o<\/strong> deveriam ter sido analisadas pelo ex-juiz federal no Paran\u00e1 <a rel=\"noreferrer noopener\" href=\"https:\/\/www.poder360.com.br\/tag\/sergio-moro\/\" target=\"_blank\">Sergio Moro<\/a>(Uni\u00e3o Brasil-PR), at\u00e9 ent\u00e3o o respons\u00e1vel pelas condena\u00e7\u00f5es. Hoje, Moro \u00e9 senador da Rep\u00fablica. A Corte determinou que os casos fossem transferidos para a Justi\u00e7a Federal em Bras\u00edlia.<br><br>Nascido em Piracicaba, no interior de S\u00e3o Paulo, em 15 de novembro de 1975, Zanin poder\u00e1 ficar no STF at\u00e9 15 de novembro de 2050, quando ter\u00e1 de se aposentar compulsoriamente ao completar 75 anos. <br>Desde 2013, Zanin e a mulher, a advogada Valeska Teixeira Zanin Martins, defendem Lula. O casal \u00e9 s\u00f3cio no escrit\u00f3rio <a rel=\"noreferrer noopener\" href=\"https:\/\/zaninmartins.com.br\/\" target=\"_blank\">Zanin Martins<\/a>.Formado em direito pela <a rel=\"noreferrer noopener\" href=\"https:\/\/www.pucsp.br\/\" target=\"_blank\">PUC-SP<\/a> (Pontif\u00edcia Universidade Cat\u00f3lica de S\u00e3o Paulo) em 1999, o advogado \u00e9 especialista em lit\u00edgios (disputa judicial estabelecida depois que o r\u00e9u contesta o que foi apresentado na a\u00e7\u00e3o) empresariais e criminais, tanto nacionais quanto transnacionais.<br>Zanin e Valeska moram na regi\u00e3o dos Jardins, em S\u00e3o Paulo. O escrit\u00f3rio de advocacia que comandam est\u00e1 no mesmo bairro a uma dist\u00e2ncia que pode ser facilmente transcorrida a p\u00e9.<br>Os advogados Cristiano Zanin e Valeska Teixeira Martins<br>O agora ministro indicado ao Supremo foi professor de direito civil e direito processual civil da <a rel=\"noreferrer noopener\" href=\"https:\/\/fadisp.com.br\/\" target=\"_blank\">Fadisp<\/a> (Faculdade Aut\u00f4noma de Direito). \u00c9 integrante do <a rel=\"noreferrer noopener\" href=\"https:\/\/iab.org.br\/\" target=\"_blank\">IAB<\/a> (Instituto dos Advogados Brasileiros), da <a rel=\"noreferrer noopener\" href=\"https:\/\/www.aasp.org.br\/\" target=\"_blank\">AASP<\/a> (Associa\u00e7\u00e3o dos Advogados de S\u00e3o Paulo) e da <a rel=\"noreferrer noopener\" href=\"https:\/\/www.ibanet.org\/\" target=\"_blank\">IBA<\/a> (International Bar Association). Tamb\u00e9m \u00e9 s\u00f3cio efetivo do <a rel=\"noreferrer noopener\" href=\"https:\/\/www.iasp.org.br\/\" target=\"_blank\">Iasp<\/a> (Instituto dos Advogados de S\u00e3o Paulo) e associado fundador do <a rel=\"noreferrer noopener\" href=\"https:\/\/ibdee.org.br\/\" target=\"_blank\">IBDEE<\/a> (Instituto Brasileiro de Direito e \u00c9tica Empresarial). \u00c9 cofundador do <a rel=\"noreferrer noopener\" href=\"http:\/\/lawfareinstitute.com\/pt\/sobre-o-instituto\/\" target=\"_blank\">Lawfare Institute<\/a>.<br>Antes de tomar posse no STF, o advogado ter\u00e1 de passar por sabatina pelos senadores que integram da CCJ (Comiss\u00e3o de Constitui\u00e7\u00e3o e Justi\u00e7a). Entre eles, Moro.<br>A expectativa \u00e9 que a indica\u00e7\u00e3o seja aprovada e que Zanin seja, em seguida, nomeado ministro do Supremo. Na hist\u00f3ria, os senadores s\u00f3 <a rel=\"noreferrer noopener\" href=\"https:\/\/www12.senado.leg.br\/noticias\/materias\/2015\/06\/01\/senado-ja-rejeitou-medico-e-general-para-o-supremo-tribunal-federal\" target=\"_blank\">rejeitaram<\/a> 5 indicados ao STF, todos em 1894, durante o governo do ent\u00e3o presidente <a rel=\"noreferrer noopener\" href=\"http:\/\/www.biblioteca.presidencia.gov.br\/presidencia\/ex-presidentes\/floriano-peixoto\/biografia?TSPD_101_R0=086567d05fab200072bf901bc400c97f1e5becb31d002c8ca80248454cbdd1e5c55869eea79744f208ca45ed31143000bb26c50a0db3f3c17c5bed419bf8131540dce5d1adf44463fc636e7c346e66c3ad93d85a32782c1f704867a4be6217a3\" target=\"_blank\">Floriano Peixoto<\/a> (1891-1894).<br>Se aprovado por pelo menos 41 senadores, Zanin ocupar\u00e1 a vaga deixada por Ricardo Lewandowski, que se aposentou em 11 de abril, a um m\u00eas de completar 75 anos.<br>Em rela\u00e7\u00e3o aos 3 governos de Lula, Cristiano Zanin \u00e9 o <a rel=\"noreferrer noopener\" href=\"https:\/\/www.poder360.com.br\/justica\/lula-tera-indicado-quase-um-stf-inteiro-ao-final-do-3o-mandato\/#:~:text=No%201%C2%BA%20mandato%20de%20Lula,e%20C%C3%A1rmen%20L%C3%BAcia%2C%20aos%2051.\" target=\"_blank\">9\u00ba indicado<\/a> pelo petista ao STF. At\u00e9 o final do mandato, o presidente ter\u00e1 ao menos mais uma indica\u00e7\u00e3o, quando a ministra <a rel=\"noreferrer noopener\" href=\"https:\/\/www.poder360.com.br\/tag\/rosa-weber\/\" target=\"_blank\">Rosa Weber<\/a>, atual presidente da Corte, aposentar-se. Ela completar\u00e1 75 anos em 2 de outubro deste ano e ter\u00e1 de deixar a Corte.<br><strong>A MAIOR VIT\u00d3RIA DE LULA<\/strong><br>O perfil de Zanin sempre estar\u00e1 indissociavelmente ligado \u00e0 anula\u00e7\u00e3o de processos contra Lula. S\u00f3 assim o petista recuperou seus direitos pol\u00edticos e teve condi\u00e7\u00f5es de participar no \u00faltimo pleito presidencial. <br>Lula venceu a elei\u00e7\u00e3o e <a rel=\"noreferrer noopener\" href=\"https:\/\/www.poder360.com.br\/eleicoes\/lula-e-eleito-presidente-pela-3a-vez\/\" target=\"_blank\">tornou-se presidente da Rep\u00fablica pela 3\u00aa vez<\/a>.<br>Zanin defendeu o petista durante a opera\u00e7\u00e3o Lava Jato. Alvo da for\u00e7a-tarefa, Lula foi preso em raz\u00e3o de processos conduzidos por Moro em Curitiba (PR). As condena\u00e7\u00f5es contra o presidente somavam quase 30 anos, mas o petista ficou preso por 580 dias.<br>Lula foi condenado pelos crimes de corrup\u00e7\u00e3o passiva e lavagem de dinheiro no <a rel=\"noreferrer noopener\" href=\"https:\/\/www.poder360.com.br\/justica\/justica-arquiva-caso-do-triplex-contra-lula\/\" target=\"_blank\">caso do tr\u00edplex do Guaruj\u00e1<\/a>, apurado pela opera\u00e7\u00e3o Lava Jato. A pena, antes estabelecida por Moro em 9 anos e 6 meses, <a rel=\"noreferrer noopener\" href=\"https:\/\/www.poder360.com.br\/justica\/por-unanimidade-trf-4-mantem-condenacao-e-aumenta-pena-de-lula-na-lava-jato\/\" target=\"_blank\">foi aumentada<\/a> pelo TRF-4 (Tribunal Regional Federal da 4\u00aa Regi\u00e3o) para 12 anos e 1 m\u00eas.<br>\u00c0 \u00e9poca, havia a expectativa de que a senten\u00e7a pudesse ser reduzida para 4 a 6 anos. No entanto, veio a <a rel=\"noreferrer noopener\" href=\"https:\/\/www.poder360.com.br\/justica\/lula-e-condenado-a-12-anos-e-11-meses-no-caso-do-sitio-de-atibaia\/\" target=\"_blank\">2\u00aa condena\u00e7\u00e3o<\/a> de Lula, em fevereiro de 2019, pelo caso do <a rel=\"noreferrer noopener\" href=\"https:\/\/www.poder360.com.br\/justica\/justica-rejeita-denuncia-contra-lula-em-caso-do-sitio-de-atibaia\/\" target=\"_blank\">s\u00edtio em Atibaia<\/a> (SP). A ju\u00edza Gabriela Hardt, da 13\u00aa Vara Federal do Paran\u00e1, somou \u00e0 pena mais 12 anos e 11 meses. O TRF-4 aumentou o tempo de pris\u00e3o para 17 anos, 1 m\u00eas e 10 dias.<br>Lula foi <a rel=\"noreferrer noopener\" href=\"https:\/\/www.poder360.com.br\/lava-jato\/lula-livre-ex-presidente-deixa-a-prisao-em-curitiba\/\" target=\"_blank\">solto em 8 de novembro de 2019<\/a>, aos 74 anos, depois que o STF decidiu que as penas deveriam come\u00e7ar a ser cumpridas depois de esgotadas as possibilidades de recurso. Apesar de ter sido solto e eleito presidente da Rep\u00fablica, Lula n\u00e3o foi absolvido de todos os processos. O STF anulou as condena\u00e7\u00f5es e determinou a transfer\u00eancia dos casos para Bras\u00edlia. <br>Ocorre que, com essa mudan\u00e7a da Justi\u00e7a em Curitiba para Bras\u00edlia, n\u00e3o haver\u00e1 tempo para julgar todas as a\u00e7\u00f5es novamente. Em alguns casos j\u00e1 ocorreu a chamada prescri\u00e7\u00e3o, ou seja, n\u00e3o \u00e9 mais poss\u00edvel impor eventuais puni\u00e7\u00f5es ao presidente.<br><strong>A indica\u00e7\u00e3o<\/strong><br>Apesar de Zanin ter sido o escolhido, Lula tamb\u00e9m considerou o nome do advogado <a rel=\"noreferrer noopener\" href=\"https:\/\/www.poder360.com.br\/justica\/vaga-no-stf-afunila-para-zanin-e-manoel-carlos\/\" target=\"_blank\">Manoel Carlos de Almeida Neto<\/a>, 43 anos. Ele foi assessor no gabinete de Lewandowski de 2006 a 2016 e teve a chancela do ex-ministro para suced\u00ea-lo. Atualmente, \u00e9 diretor jur\u00eddico da <a rel=\"noreferrer noopener\" href=\"https:\/\/www.csn.com.br\/\" target=\"_blank\">CSN<\/a>(Companhia Sider\u00fargica Nacional).<br>A indica\u00e7\u00e3o de Zanin, no entanto, considerou o clima pol\u00edtico atual: a considerada boa rela\u00e7\u00e3o entre o governo Lula e o Senado.<br><br>Se o cen\u00e1rio de hoje \u2013ainda favor\u00e1vel ao Planalto\u2013 pudesse ser replicado em outubro, Lula teria a possibilidade de indicar Manoel Carlos agora e deixar Zanin para o pr\u00f3ximo semestre, quando a ministra Rosa Weber completa 75 anos e ter\u00e1 que deixar a Corte. Mas n\u00e3o h\u00e1 garantias sobre qual ser\u00e1 a rela\u00e7\u00e3o do governo com a Casa Alta at\u00e9 l\u00e1.<br>Al\u00e9m disso, um dos fatores principais para a indica\u00e7\u00e3o \u00e9 a intimidade e a confian\u00e7a firmadas entre Lula e Zanin. Mesmo conhecendo o trabalho de Manoel Carlos, nada supera a rela\u00e7\u00e3o estreitada entre o petista e seu advogado durante os 580 dias em que Lula esteve preso. Por essa raz\u00e3o, assegurar agora a indica\u00e7\u00e3o do advogado \u00e9 fundamental para o chefe do Executivo.<br>Durante o processo de escolha do presidente, houve uma forte press\u00e3o do PT, de partidos de esquerda e de movimentos identit\u00e1rios para que a vaga fosse preenchida por uma mulher, preferencialmente negra. O \u00fanico ministro negro a compor a Corte em seus 214 anos de vig\u00eancia foi Joaquim Barbosa, aposentado em 2014. <br>Em mar\u00e7o, o ministro Edson Fachin <a rel=\"noreferrer noopener\" href=\"https:\/\/www.poder360.com.br\/justica\/fachin-defende-a-presenca-de-uma-ministra-negra-no-stf\/\" target=\"_blank\">fez a sugest\u00e3o<\/a> publicamente, durante uma sess\u00e3o no plen\u00e1rio f\u00edsico da Corte. <br>Com o mandato da ministra Rosa Weber se encerrando em 2 de outubro, a \u00fanica mulher presente entre as 11 cadeiras do Supremo ser\u00e1 C\u00e1rmen L\u00facia. Conforme o limite m\u00e1ximo para aposentadoria na Corte, de 75 anos, a ministra poder\u00e1 ocupar a fun\u00e7\u00e3o at\u00e9 abril de 2029.<br>Apesar disso, Lula se <a rel=\"noreferrer noopener\" href=\"https:\/\/www.poder360.com.br\/justica\/lula-diz-nao-ter-compromisso-de-indicar-mulher-ou-negro-ao-stf\/\" target=\"_blank\">desvencilhou do compromisso<\/a> de indicar uma mulher ao Supremo nos \u00faltimos meses. Em abril, o presidente defendeu que o nome indicado seja uma<em> \u201cfigura com sensibilidade social\u201d <\/em>e <em>\u201caltamente gabaritada do ponto de vista jur\u00eddico\u201d.<\/em><br>Em 2 de mar\u00e7o, o presidente precisou defender o nome do seu advogado publicamente. <a rel=\"noreferrer noopener\" href=\"https:\/\/www.poder360.com.br\/governo\/se-eu-indicasse-zanin-para-o-stf-todos-compreenderiam-diz-lula\/\" target=\"_blank\">Disse que <em>\u201ctodos compreenderiam\u201d<\/em><\/a> a indica\u00e7\u00e3o e que Zanin \u00e9 seu <em>\u201ccompanheiro\u201d<\/em>, mas negou que esse seria um fator considerado na decis\u00e3o.<br>Apesar dos ind\u00edcios dados pelo petista desde o come\u00e7o do ano, a indica\u00e7\u00e3o veio a ser feita de fato agora, 51 dias depois da <a href=\"https:\/\/www.poder360.com.br\/justica\/lewandowski-se-aposenta-do-stf-oficialmente-nesta-3a-feira\/\" target=\"_blank\" rel=\"noopener\">aposentadoria<\/a> de Ricardo Lewandowski. O ministro deixou a Corte com um m\u00eas de anteced\u00eancia por motivos <em>\u201cacad\u00eamicos e profissionais\u201d<\/em>. <br>No \u00faltimo m\u00eas, mudan\u00e7as no STF mostraram que a Corte estaria se preparando para a indica\u00e7\u00e3o do advogado de Lula. O 1\u00ba movimento foi feito pelo ministro Dias Toffoli, que, em 2 de maio, <a rel=\"noreferrer noopener\" href=\"https:\/\/www.poder360.com.br\/poder-flash\/ministro-toffoli-passa-a-integrar-a-2a-turma-do-stf\/\" target=\"_blank\">solicitou<\/a> \u00e0 presidente Rosa Weber sua recondu\u00e7\u00e3o para o lugar deixado por Lewandowski na 2\u00aa Turma \u2013colegiado respons\u00e1vel pelo julgamento dos casos da Lava Jato.<br>Isso porque a ida de Zanin ao lugar de Lewandowski e, consequentemente, a heran\u00e7a dos processos lavajatistas, poderiam indicar uma imparcialidade nos julgamentos do advogado de Lula. A manobra foi vista como uma maneira de cessar a preocupa\u00e7\u00e3o da classe pol\u00edtica advers\u00e1ria com um eventual envolvimento de Zanin com os julgamentos. <br>Depois disso, o ministro Edson Fachin <a rel=\"noreferrer noopener\" href=\"https:\/\/www.poder360.com.br\/justica\/fachin-passa-para-toffoli-relatoria-de-acao-contra-a-lava-jato\/\" target=\"_blank\">enviou<\/a>, em 10 de maio, a relatoria da a\u00e7\u00e3o movida por Lula sobre troca de mensagens entre integrantes da opera\u00e7\u00e3o Lava Jato ao ministro Dias Toffoli. <br>Caso seja aprovado pelo Senado para ocupar a Corte, Zanin deve ir para a 1\u00aa Turma, e n\u00e3o para o colegiado respons\u00e1vel por a\u00e7\u00f5es da Lava Jato. <br><strong>Indica\u00e7\u00f5es anteriores<\/strong><br>Lula j\u00e1 indicou 9 ministros para a Suprema Corte, sendo 8 em seus 2 primeiros mandatos: <a rel=\"noreferrer noopener\" href=\"https:\/\/portal.stf.jus.br\/textos\/verTexto.asp?servico=bibliotecaConsultaProdutoBibliotecaPastaMinistro&#038;pagina=ErosGrauPrincipal\" target=\"_blank\">Eros Grau<\/a> \u2013que ficou na Corte de 2004 a 2010\u2013, <a rel=\"noreferrer noopener\" href=\"https:\/\/portal.stf.jus.br\/textos\/verTexto.asp?servico=bibliotecaConsultaProdutoBibliotecaPastaMinistro&#038;pagina=CezarPelusoPrincipal\" target=\"_blank\">Cezar Peluso<\/a>, <a rel=\"noreferrer noopener\" href=\"https:\/\/portal.stf.jus.br\/textos\/verTexto.asp?servico=bibliotecaConsultaProdutoBibliotecaPastaMinistro&#038;pagina=AyresBrittoCurriculoBiografia\" target=\"_blank\">Ayres Britto<\/a>, <a rel=\"noreferrer noopener\" href=\"https:\/\/portal.stf.jus.br\/textos\/verTexto.asp?servico=bibliotecaConsultaProdutoBibliotecaPastaMinistro&#038;pagina=JoaquimBarbosaCurriculoBiografia\" target=\"_blank\">Joaquim Barbosa<\/a>, <a rel=\"noreferrer noopener\" href=\"https:\/\/portal.stf.jus.br\/textos\/verTexto.asp?servico=bibliotecaConsultaProdutoBibliotecaPastaMinistro&#038;pagina=MenezesDireitoCurriculoBiografia\" target=\"_blank\">Menezes Direito<\/a> (1942-2009), <a rel=\"noreferrer noopener\" href=\"https:\/\/portal.stf.jus.br\/ministro\/presidente.asp?periodo=stf&#038;id=41\" target=\"_blank\">Ricardo Lewandowski<\/a>, <a rel=\"noreferrer noopener\" href=\"https:\/\/portal.stf.jus.br\/textos\/verTexto.asp?servico=sobreStfComposicaoComposicaoPlenariaApresentacao&#038;pagina=carmenlucia\" target=\"_blank\">C\u00e1rmen L\u00facia<\/a> e <a rel=\"noreferrer noopener\" href=\"https:\/\/portal.stf.jus.br\/textos\/verTexto.asp?servico=sobreStfComposicaoComposicaoPlenariaApresentacao&#038;pagina=diastoffoli\" target=\"_blank\">Dias Toffoli<\/a>.<br>Suas indica\u00e7\u00f5es, no entanto, n\u00e3o o pouparam durante os julgamentos dos casos da Lava Jato e Mensal\u00e3o, que envolviam o atual presidente e seus aliados. <br>C\u00e1rmen L\u00facia, indicada por Lula em 2006, presidiu o STF de 2016 a 2018 e foi respons\u00e1vel pela homologa\u00e7\u00e3o da dela\u00e7\u00e3o da Odebrecht, que mencionava o nome do atual chefe do Executivo e da ex-presidente <a rel=\"noreferrer noopener\" href=\"https:\/\/eleicoes.poder360.com.br\/candidato\/324757\" target=\"_blank\">Dilma Rousseff<\/a>(PT).<br>A ministra tamb\u00e9m votou contra o pedido de habeas corpus apresentado por Lula em 2018, quando estava preso por corrup\u00e7\u00e3o e lavagem de dinheiro no caso do tr\u00edplex do Guaruj\u00e1.Ricardo Lewandowski e Dias Toffoli foram os \u00fanicos indicados por Lula que aceitarem o recurso.<br>\u00c0 \u00e9poca, o petista consultou seus aliados para definir as indica\u00e7\u00f5es, sobretudo M\u00e1rcio Thomaz Bastos (1935-2014), que foi seu ministro da Justi\u00e7a. Dessa vez, a <a rel=\"noreferrer noopener\" href=\"https:\/\/www.poder360.com.br\/governo\/sera-decisao-solitaria-diz-lula-sobre-escolha-para-stf-e-pgr\/\" target=\"_blank\">escolha do petista foi solit\u00e1ria<\/a>, como ele mesmo mencionou em mar\u00e7o. O presidente afirmou, no entanto, que todos os seus indicados n\u00e3o eram aliados e que faria de novo as indica\u00e7\u00f5es se tivesse a mesma informa\u00e7\u00e3o que tinha na \u00e9poca.<\/figcaption><\/figure>\n","protected":false},"excerpt":{"rendered":"","protected":false},"author":1,"featured_media":0,"comment_status":"open","ping_status":"open","sticky":false,"template":"","format":"standard","meta":{"site-sidebar-layout":"default","site-content-layout":"","ast-site-content-layout":"default","site-content-style":"default","site-sidebar-style":"default","ast-global-header-display":"","ast-banner-title-visibility":"","ast-main-header-display":"","ast-hfb-above-header-display":"","ast-hfb-below-header-display":"","ast-hfb-mobile-header-display":"","site-post-title":"","ast-breadcrumbs-content":"","ast-featured-img":"","footer-sml-layout":"","ast-disable-related-posts":"","theme-transparent-header-meta":"","adv-header-id-meta":"","stick-header-meta":"","header-above-stick-meta":"","header-main-stick-meta":"","header-below-stick-meta":"","astra-migrate-meta-layouts":"default","ast-page-background-enabled":"default","ast-page-background-meta":{"desktop":{"background-color":"var(--ast-global-color-4)","background-image":"","background-repeat":"repeat","background-position":"center center","background-size":"auto","background-attachment":"scroll","background-type":"","background-media":"","overlay-type":"","overlay-color":"","overlay-opacity":"","overlay-gradient":""},"tablet":{"background-color":"","background-image":"","background-repeat":"repeat","background-position":"center center","background-size":"auto","background-attachment":"scroll","background-type":"","background-media":"","overlay-type":"","overlay-color":"","overlay-opacity":"","overlay-gradient":""},"mobile":{"background-color":"","background-image":"","background-repeat":"repeat","background-position":"center center","background-size":"auto","background-attachment":"scroll","background-type":"","background-media":"","overlay-type":"","overlay-color":"","overlay-opacity":"","overlay-gradient":""}},"ast-content-background-meta":{"desktop":{"background-color":"var(--ast-global-color-5)","background-image":"","background-repeat":"repeat","background-position":"center center","background-size":"auto","background-attachment":"scroll","background-type":"","background-media":"","overlay-type":"","overlay-color":"","overlay-opacity":"","overlay-gradient":""},"tablet":{"background-color":"var(--ast-global-color-5)","background-image":"","background-repeat":"repeat","background-position":"center center","background-size":"auto","background-attachment":"scroll","background-type":"","background-media":"","overlay-type":"","overlay-color":"","overlay-opacity":"","overlay-gradient":""},"mobile":{"background-color":"var(--ast-global-color-5)","background-image":"","background-repeat":"repeat","background-position":"center center","background-size":"auto","background-attachment":"scroll","background-type":"","background-media":"","overlay-type":"","overlay-color":"","overlay-opacity":"","overlay-gradient":""}},"footnotes":""},"categories":[517],"tags":[2408,2442,2229,22,6,2903],"class_list":["post-16716","post","type-post","status-publish","format-standard","hentry","category-aconteceu","tag-advogado-de-lula","tag-lula-presidente","tag-noticas-do-face","tag-noticias-no-face","tag-stf","tag-zanin"],"_links":{"self":[{"href":"https:\/\/noticiasnoface.com.br\/index.php\/wp-json\/wp\/v2\/posts\/16716","targetHints":{"allow":["GET"]}}],"collection":[{"href":"https:\/\/noticiasnoface.com.br\/index.php\/wp-json\/wp\/v2\/posts"}],"about":[{"href":"https:\/\/noticiasnoface.com.br\/index.php\/wp-json\/wp\/v2\/types\/post"}],"author":[{"embeddable":true,"href":"https:\/\/noticiasnoface.com.br\/index.php\/wp-json\/wp\/v2\/users\/1"}],"replies":[{"embeddable":true,"href":"https:\/\/noticiasnoface.com.br\/index.php\/wp-json\/wp\/v2\/comments?post=16716"}],"version-history":[{"count":1,"href":"https:\/\/noticiasnoface.com.br\/index.php\/wp-json\/wp\/v2\/posts\/16716\/revisions"}],"predecessor-version":[{"id":16717,"href":"https:\/\/noticiasnoface.com.br\/index.php\/wp-json\/wp\/v2\/posts\/16716\/revisions\/16717"}],"wp:attachment":[{"href":"https:\/\/noticiasnoface.com.br\/index.php\/wp-json\/wp\/v2\/media?parent=16716"}],"wp:term":[{"taxonomy":"category","embeddable":true,"href":"https:\/\/noticiasnoface.com.br\/index.php\/wp-json\/wp\/v2\/categories?post=16716"},{"taxonomy":"post_tag","embeddable":true,"href":"https:\/\/noticiasnoface.com.br\/index.php\/wp-json\/wp\/v2\/tags?post=16716"}],"curies":[{"name":"wp","href":"https:\/\/api.w.org\/{rel}","templated":true}]}}