{"id":16722,"date":"2023-06-02T06:57:07","date_gmt":"2023-06-02T09:57:07","guid":{"rendered":"https:\/\/noticiasnoface.com.br\/?p=16722"},"modified":"2023-06-02T06:57:07","modified_gmt":"2023-06-02T09:57:07","slug":"cenas-fortes-ladrao-desarma-policial-e-atira-em-dois-pms-veja-video","status":"publish","type":"post","link":"https:\/\/noticiasnoface.com.br\/index.php\/2023\/06\/02\/cenas-fortes-ladrao-desarma-policial-e-atira-em-dois-pms-veja-video\/","title":{"rendered":"Cenas fortes: ladr\u00e3o desarma policial e atira em dois PMs; veja v\u00eddeo"},"content":{"rendered":"\n<figure class=\"wp-block-image size-large\"><img data-opt-id=1807186103  fetchpriority=\"high\" decoding=\"async\" width=\"1637\" height=\"2048\" src=\"https:\/\/mlbfrsat7ahr.i.optimole.com\/w:auto\/h:auto\/q:mauto\/ig:avif\/https:\/\/noticiasnoface.com.br\/wp-content\/uploads\/2022\/09\/photo-output-16.jpg\" alt=\"\" class=\"wp-image-11276\" srcset=\"https:\/\/mlbfrsat7ahr.i.optimole.com\/w:863\/h:1080\/q:mauto\/ig:avif\/https:\/\/noticiasnoface.com.br\/wp-content\/uploads\/2022\/09\/photo-output-16.jpg 1637w, https:\/\/mlbfrsat7ahr.i.optimole.com\/w:240\/h:300\/q:mauto\/ig:avif\/https:\/\/noticiasnoface.com.br\/wp-content\/uploads\/2022\/09\/photo-output-16.jpg 240w, https:\/\/mlbfrsat7ahr.i.optimole.com\/w:819\/h:1024\/q:mauto\/ig:avif\/https:\/\/noticiasnoface.com.br\/wp-content\/uploads\/2022\/09\/photo-output-16.jpg 819w, https:\/\/mlbfrsat7ahr.i.optimole.com\/w:768\/h:961\/q:mauto\/ig:avif\/https:\/\/noticiasnoface.com.br\/wp-content\/uploads\/2022\/09\/photo-output-16.jpg 768w, https:\/\/mlbfrsat7ahr.i.optimole.com\/w:863\/h:1080\/q:mauto\/ig:avif\/https:\/\/noticiasnoface.com.br\/wp-content\/uploads\/2022\/09\/photo-output-16.jpg 1228w\" sizes=\"(max-width: 1000px) 100vw, 1000px\" \/><figcaption class=\"wp-element-caption\">Cenas fortes: ladr\u00e3o desarma policial e atira em dois PMs; veja v\u00eddeo<br>Dupla de criminosos foi abordada na zona leste; um deles conseguiu desarmar um policial e atirou contra os PMs. Tudo foi filmado<br><a class=\"byline\" href=\"https:\/\/www.metropoles.com\/author\/alfredo-henrique\" target=\"_blank\" rel=\"noopener\">Alfredo Henrique<\/a>01\/06\/2023 18:15<br><img data-opt-id=393783661  fetchpriority=\"high\" decoding=\"async\" src=\"https:\/\/www.metropoles.com\/_next\/image?url=https%3A%2F%2Fuploads.metropoles.com%2Fwp-content%2Fuploads%2F2023%2F06%2F01115926%2Fpm-valeesta.jpg&#038;w=3840&#038;q=75\" alt=\"\" srcset=\"\/_next\/image?url=https%3A%2F%2Fuploads.metropoles.com%2Fwp-content%2Fuploads%2F2023%2F06%2F01115926%2Fpm-valeesta.jpg&#038;w=640&#038;q=75 640w, \/_next\/image?url=https%3A%2F%2Fuploads.metropoles.com%2Fwp-content%2Fuploads%2F2023%2F06%2F01115926%2Fpm-valeesta.jpg&#038;w=750&#038;q=75 750w, \/_next\/image?url=https%3A%2F%2Fuploads.metropoles.com%2Fwp-content%2Fuploads%2F2023%2F06%2F01115926%2Fpm-valeesta.jpg&#038;w=828&#038;q=75 828w, \/_next\/image?url=https%3A%2F%2Fuploads.metropoles.com%2Fwp-content%2Fuploads%2F2023%2F06%2F01115926%2Fpm-valeesta.jpg&#038;w=1080&#038;q=75 1080w, \/_next\/image?url=https%3A%2F%2Fuploads.metropoles.com%2Fwp-content%2Fuploads%2F2023%2F06%2F01115926%2Fpm-valeesta.jpg&#038;w=1200&#038;q=75 1200w, \/_next\/image?url=https%3A%2F%2Fuploads.metropoles.com%2Fwp-content%2Fuploads%2F2023%2F06%2F01115926%2Fpm-valeesta.jpg&#038;w=1920&#038;q=75 1920w, \/_next\/image?url=https%3A%2F%2Fuploads.metropoles.com%2Fwp-content%2Fuploads%2F2023%2F06%2F01115926%2Fpm-valeesta.jpg&#038;w=2048&#038;q=75 2048w, \/_next\/image?url=https%3A%2F%2Fuploads.metropoles.com%2Fwp-content%2Fuploads%2F2023%2F06%2F01115926%2Fpm-valeesta.jpg&#038;w=3840&#038;q=75 3840w\"><br><strong>S\u00e3o Paulo<\/strong> \u2013 Dois soldados da <a rel=\"noreferrer noopener\" href=\"https:\/\/www.policiamilitar.sp.gov.br\/\" target=\"_blank\">Pol\u00edcia Militar<\/a>foram feridos a tiros, na manh\u00e3 desta quinta-feira (1\u00ba\/6), ap\u00f3s um criminoso desarmar um deles e atirar contra os PMs durante uma abordagem em S\u00e3o Mateus, na zona leste da <a rel=\"noreferrer noopener\" href=\"https:\/\/www.metropoles.com\/sao-paulo\" target=\"_blank\">capital paulista<\/a>.<br>Uma c\u00e2mera de monitoramento registrou a viol\u00eancia (<em>veja abaixo<\/em>).<br>As imagens mostram os dois bandidos encostados em um muro. Um policial caminha at\u00e9 o porta-malas da viatura; nesse momento, Dario Gabriel Costa Viveiros, de amarelo, tenta fugir.<br>Os militares tentam cont\u00ea-lo, at\u00e9 que o criminoso consegue sacar a pistola do soldado Robert Castro Abreu e atira contra eles. Dario feriu o soldado Matos com um tiro na face. O policial Robert foi atingido com um disparo na perna direita e outro na regi\u00e3o do abd\u00f4men. Ambos est\u00e3o internados no <a rel=\"noreferrer noopener\" href=\"https:\/\/www.hc.fm.usp.br\/hc\/portal\/\" target=\"_blank\">Hospital das Cl\u00ednicas <\/a>(HC). O quadro de sa\u00fade deles \u00e9 est\u00e1vel, segundo apurado pelo <strong>Metr\u00f3poles<\/strong>.<br>Os criminosos fugiram em um Fiat Mobi preto e levaram a arma usada para ferir os PMs.<br>A reportagem apurou que o pedido de socorro foi feito por uma testemunha, que usou o pr\u00f3prio r\u00e1dio da viatura para acionar o 38\u00ba Batalh\u00e3o da PM, onde os policiais feridos est\u00e3o lotados.<br>Socorristas dos bombeiros atenderam os militares. Em seguida, dois helic\u00f3pteros da PM pousaram na avenida e levaram os soldados para o HC (<em>veja abaixo<\/em>).<br>Al\u00e9m de Dario, o adolescente que o acompanhava na abordagem policial foi apreendido. A arma do soldado estava com um terceiro criminoso, que foi preso. Ele era foragido da Justi\u00e7a, de acordo com a Secretaria da Seguran\u00e7a P\u00fablica de S\u00e3o Paulo.<br>No primeiro trimestre deste ano, nove policiais militares foram feridos em servi\u00e7o na capital paulista. No mesmo per\u00edodo do ano passado, foram cinco.<\/figcaption><\/figure>\n\n\n\n<figure class=\"wp-block-video\"><video height=\"480\" style=\"aspect-ratio: 1006 \/ 480;\" width=\"1006\" controls src=\"https:\/\/noticiasnoface.com.br\/wp-content\/uploads\/2023\/06\/video-output-7694c95a-0bfa-4c3f-a2c1-bfe333e9f55c.mp4\"><\/video><figcaption class=\"wp-element-caption\">Cenas fortes: ladr\u00e3o desarma policial e atira em dois PMs; veja v\u00eddeo<\/figcaption><\/figure>\n","protected":false},"excerpt":{"rendered":"","protected":false},"author":1,"featured_media":0,"comment_status":"open","ping_status":"open","sticky":false,"template":"","format":"standard","meta":{"site-sidebar-layout":"default","site-content-layout":"","ast-site-content-layout":"default","site-content-style":"default","site-sidebar-style":"default","ast-global-header-display":"","ast-banner-title-visibility":"","ast-main-header-display":"","ast-hfb-above-header-display":"","ast-hfb-below-header-display":"","ast-hfb-mobile-header-display":"","site-post-title":"","ast-breadcrumbs-content":"","ast-featured-img":"","footer-sml-layout":"","ast-disable-related-posts":"","theme-transparent-header-meta":"","adv-header-id-meta":"","stick-header-meta":"","header-above-stick-meta":"","header-main-stick-meta":"","header-below-stick-meta":"","astra-migrate-meta-layouts":"default","ast-page-background-enabled":"default","ast-page-background-meta":{"desktop":{"background-color":"var(--ast-global-color-4)","background-image":"","background-repeat":"repeat","background-position":"center center","background-size":"auto","background-attachment":"scroll","background-type":"","background-media":"","overlay-type":"","overlay-color":"","overlay-opacity":"","overlay-gradient":""},"tablet":{"background-color":"","background-image":"","background-repeat":"repeat","background-position":"center center","background-size":"auto","background-attachment":"scroll","background-type":"","background-media":"","overlay-type":"","overlay-color":"","overlay-opacity":"","overlay-gradient":""},"mobile":{"background-color":"","background-image":"","background-repeat":"repeat","background-position":"center center","background-size":"auto","background-attachment":"scroll","background-type":"","background-media":"","overlay-type":"","overlay-color":"","overlay-opacity":"","overlay-gradient":""}},"ast-content-background-meta":{"desktop":{"background-color":"var(--ast-global-color-5)","background-image":"","background-repeat":"repeat","background-position":"center center","background-size":"auto","background-attachment":"scroll","background-type":"","background-media":"","overlay-type":"","overlay-color":"","overlay-opacity":"","overlay-gradient":""},"tablet":{"background-color":"var(--ast-global-color-5)","background-image":"","background-repeat":"repeat","background-position":"center center","background-size":"auto","background-attachment":"scroll","background-type":"","background-media":"","overlay-type":"","overlay-color":"","overlay-opacity":"","overlay-gradient":""},"mobile":{"background-color":"var(--ast-global-color-5)","background-image":"","background-repeat":"repeat","background-position":"center center","background-size":"auto","background-attachment":"scroll","background-type":"","background-media":"","overlay-type":"","overlay-color":"","overlay-opacity":"","overlay-gradient":""}},"footnotes":""},"categories":[517],"tags":[233,1716,309,2236,50,2053],"class_list":["post-16722","post","type-post","status-publish","format-standard","hentry","category-aconteceu","tag-arma","tag-atira","tag-bandido","tag-noticas-no-face","tag-noticias-do-face","tag-pm"],"_links":{"self":[{"href":"https:\/\/noticiasnoface.com.br\/index.php\/wp-json\/wp\/v2\/posts\/16722","targetHints":{"allow":["GET"]}}],"collection":[{"href":"https:\/\/noticiasnoface.com.br\/index.php\/wp-json\/wp\/v2\/posts"}],"about":[{"href":"https:\/\/noticiasnoface.com.br\/index.php\/wp-json\/wp\/v2\/types\/post"}],"author":[{"embeddable":true,"href":"https:\/\/noticiasnoface.com.br\/index.php\/wp-json\/wp\/v2\/users\/1"}],"replies":[{"embeddable":true,"href":"https:\/\/noticiasnoface.com.br\/index.php\/wp-json\/wp\/v2\/comments?post=16722"}],"version-history":[{"count":1,"href":"https:\/\/noticiasnoface.com.br\/index.php\/wp-json\/wp\/v2\/posts\/16722\/revisions"}],"predecessor-version":[{"id":16723,"href":"https:\/\/noticiasnoface.com.br\/index.php\/wp-json\/wp\/v2\/posts\/16722\/revisions\/16723"}],"wp:attachment":[{"href":"https:\/\/noticiasnoface.com.br\/index.php\/wp-json\/wp\/v2\/media?parent=16722"}],"wp:term":[{"taxonomy":"category","embeddable":true,"href":"https:\/\/noticiasnoface.com.br\/index.php\/wp-json\/wp\/v2\/categories?post=16722"},{"taxonomy":"post_tag","embeddable":true,"href":"https:\/\/noticiasnoface.com.br\/index.php\/wp-json\/wp\/v2\/tags?post=16722"}],"curies":[{"name":"wp","href":"https:\/\/api.w.org\/{rel}","templated":true}]}}