{"id":16733,"date":"2023-06-02T22:22:32","date_gmt":"2023-06-03T01:22:32","guid":{"rendered":"https:\/\/noticiasnoface.com.br\/?p=16733"},"modified":"2023-06-05T10:31:26","modified_gmt":"2023-06-05T13:31:26","slug":"deputado-sargento-goncalves-visita-a-prf-rn","status":"publish","type":"post","link":"https:\/\/noticiasnoface.com.br\/index.php\/2023\/06\/02\/deputado-sargento-goncalves-visita-a-prf-rn\/","title":{"rendered":"Deputado Sargento Gon\u00e7alves visita a PRF RN"},"content":{"rendered":"\n<figure class=\"wp-block-image size-large\"><img data-opt-id=713455581  fetchpriority=\"high\" decoding=\"async\" width=\"1024\" height=\"924\" src=\"https:\/\/mlbfrsat7ahr.i.optimole.com\/w:1024\/h:924\/q:mauto\/ig:avif\/https:\/\/noticiasnoface.com.br\/wp-content\/uploads\/2023\/06\/photo-output-3.jpg\" alt=\"\" class=\"wp-image-16732\" srcset=\"https:\/\/mlbfrsat7ahr.i.optimole.com\/w:1024\/h:924\/q:mauto\/ig:avif\/https:\/\/noticiasnoface.com.br\/wp-content\/uploads\/2023\/06\/photo-output-3.jpg 1024w, https:\/\/mlbfrsat7ahr.i.optimole.com\/w:300\/h:271\/q:mauto\/ig:avif\/https:\/\/noticiasnoface.com.br\/wp-content\/uploads\/2023\/06\/photo-output-3.jpg 300w, https:\/\/mlbfrsat7ahr.i.optimole.com\/w:768\/h:693\/q:mauto\/ig:avif\/https:\/\/noticiasnoface.com.br\/wp-content\/uploads\/2023\/06\/photo-output-3.jpg 768w, https:\/\/mlbfrsat7ahr.i.optimole.com\/w:1196\/h:1080\/q:mauto\/ig:avif\/https:\/\/noticiasnoface.com.br\/wp-content\/uploads\/2023\/06\/photo-output-3.jpg 1536w, https:\/\/mlbfrsat7ahr.i.optimole.com\/w:1196\/h:1080\/q:mauto\/ig:avif\/https:\/\/noticiasnoface.com.br\/wp-content\/uploads\/2023\/06\/photo-output-3.jpg 2048w\" sizes=\"(max-width: 1000px) 100vw, 1000px\" \/><figcaption class=\"wp-element-caption\">O deputado federal Sargento Gon\u00e7alves teve a oportunidade  nessa \u00faltima sexta feira, de visitar a Superintend\u00eancia da Pol\u00edcia Rodovi\u00e1ria Federal (PRF) do Rio Grande do Norte.<br \/>Uma estrutura excelente est\u00e1 sendo desenvolvida para desempenhar da melhor forma tanto a seguran\u00e7a vi\u00e1ria, como a preven\u00e7\u00e3o de acidentes!<br \/>Prestou contin\u00eancia a todos os profissionais da PRF que se dedicam diariamente para tornar nossas estradas mais seguras.<br \/>No final Agradeceu o acolhimento e reafirmou seu compromisso com esse segmento. \u201cO mandato estar\u00e1 sempre a disposi\u00e7\u00e3o para o avan\u00e7o da seguran\u00e7a p\u00fablica e privada do nosso estado\u201d disse o deputado. <br \/>PRF #SargentoGoncalves<\/figcaption><\/figure>\n","protected":false},"excerpt":{"rendered":"","protected":false},"author":1,"featured_media":0,"comment_status":"open","ping_status":"open","sticky":false,"template":"","format":"standard","meta":{"site-sidebar-layout":"default","site-content-layout":"","ast-site-content-layout":"default","site-content-style":"default","site-sidebar-style":"default","ast-global-header-display":"","ast-banner-title-visibility":"","ast-main-header-display":"","ast-hfb-above-header-display":"","ast-hfb-below-header-display":"","ast-hfb-mobile-header-display":"","site-post-title":"","ast-breadcrumbs-content":"","ast-featured-img":"","footer-sml-layout":"","ast-disable-related-posts":"","theme-transparent-header-meta":"","adv-header-id-meta":"","stick-header-meta":"","header-above-stick-meta":"","header-main-stick-meta":"","header-below-stick-meta":"","astra-migrate-meta-layouts":"default","ast-page-background-enabled":"default","ast-page-background-meta":{"desktop":{"background-color":"var(--ast-global-color-4)","background-image":"","background-repeat":"repeat","background-position":"center center","background-size":"auto","background-attachment":"scroll","background-type":"","background-media":"","overlay-type":"","overlay-color":"","overlay-opacity":"","overlay-gradient":""},"tablet":{"background-color":"","background-image":"","background-repeat":"repeat","background-position":"center center","background-size":"auto","background-attachment":"scroll","background-type":"","background-media":"","overlay-type":"","overlay-color":"","overlay-opacity":"","overlay-gradient":""},"mobile":{"background-color":"","background-image":"","background-repeat":"repeat","background-position":"center center","background-size":"auto","background-attachment":"scroll","background-type":"","background-media":"","overlay-type":"","overlay-color":"","overlay-opacity":"","overlay-gradient":""}},"ast-content-background-meta":{"desktop":{"background-color":"var(--ast-global-color-5)","background-image":"","background-repeat":"repeat","background-position":"center center","background-size":"auto","background-attachment":"scroll","background-type":"","background-media":"","overlay-type":"","overlay-color":"","overlay-opacity":"","overlay-gradient":""},"tablet":{"background-color":"var(--ast-global-color-5)","background-image":"","background-repeat":"repeat","background-position":"center center","background-size":"auto","background-attachment":"scroll","background-type":"","background-media":"","overlay-type":"","overlay-color":"","overlay-opacity":"","overlay-gradient":""},"mobile":{"background-color":"var(--ast-global-color-5)","background-image":"","background-repeat":"repeat","background-position":"center center","background-size":"auto","background-attachment":"scroll","background-type":"","background-media":"","overlay-type":"","overlay-color":"","overlay-opacity":"","overlay-gradient":""}},"footnotes":""},"categories":[517],"tags":[3000,2236,50,199,136],"class_list":["post-16733","post","type-post","status-publish","format-standard","hentry","category-aconteceu","tag-deputado-sargento-to-goncalves","tag-noticas-no-face","tag-noticias-do-face","tag-noticiasnoface","tag-prf"],"_links":{"self":[{"href":"https:\/\/noticiasnoface.com.br\/index.php\/wp-json\/wp\/v2\/posts\/16733","targetHints":{"allow":["GET"]}}],"collection":[{"href":"https:\/\/noticiasnoface.com.br\/index.php\/wp-json\/wp\/v2\/posts"}],"about":[{"href":"https:\/\/noticiasnoface.com.br\/index.php\/wp-json\/wp\/v2\/types\/post"}],"author":[{"embeddable":true,"href":"https:\/\/noticiasnoface.com.br\/index.php\/wp-json\/wp\/v2\/users\/1"}],"replies":[{"embeddable":true,"href":"https:\/\/noticiasnoface.com.br\/index.php\/wp-json\/wp\/v2\/comments?post=16733"}],"version-history":[{"count":3,"href":"https:\/\/noticiasnoface.com.br\/index.php\/wp-json\/wp\/v2\/posts\/16733\/revisions"}],"predecessor-version":[{"id":16757,"href":"https:\/\/noticiasnoface.com.br\/index.php\/wp-json\/wp\/v2\/posts\/16733\/revisions\/16757"}],"wp:attachment":[{"href":"https:\/\/noticiasnoface.com.br\/index.php\/wp-json\/wp\/v2\/media?parent=16733"}],"wp:term":[{"taxonomy":"category","embeddable":true,"href":"https:\/\/noticiasnoface.com.br\/index.php\/wp-json\/wp\/v2\/categories?post=16733"},{"taxonomy":"post_tag","embeddable":true,"href":"https:\/\/noticiasnoface.com.br\/index.php\/wp-json\/wp\/v2\/tags?post=16733"}],"curies":[{"name":"wp","href":"https:\/\/api.w.org\/{rel}","templated":true}]}}