{"id":16764,"date":"2023-06-05T22:51:39","date_gmt":"2023-06-06T01:51:39","guid":{"rendered":"https:\/\/noticiasnoface.com.br\/?p=16764"},"modified":"2023-06-05T22:51:40","modified_gmt":"2023-06-06T01:51:40","slug":"cmn-promove-debate-sobre-trincheira-no-cruzamento-da-hermes-com-alexandrino","status":"publish","type":"post","link":"https:\/\/noticiasnoface.com.br\/index.php\/2023\/06\/05\/cmn-promove-debate-sobre-trincheira-no-cruzamento-da-hermes-com-alexandrino\/","title":{"rendered":"CMN promove debate sobre trincheira no cruzamento da Hermes com Alexandrino"},"content":{"rendered":"\n<figure class=\"wp-block-image size-large\"><img data-opt-id=1716781943  fetchpriority=\"high\" decoding=\"async\" width=\"1024\" height=\"596\" src=\"https:\/\/mlbfrsat7ahr.i.optimole.com\/w:1024\/h:596\/q:mauto\/ig:avif\/https:\/\/noticiasnoface.com.br\/wp-content\/uploads\/2023\/06\/img_5436.jpg\" class=\"wp-image-16763\" srcset=\"https:\/\/mlbfrsat7ahr.i.optimole.com\/w:1024\/h:596\/q:mauto\/ig:avif\/https:\/\/noticiasnoface.com.br\/wp-content\/uploads\/2023\/06\/img_5436.jpg 1024w, https:\/\/mlbfrsat7ahr.i.optimole.com\/w:300\/h:175\/q:mauto\/ig:avif\/https:\/\/noticiasnoface.com.br\/wp-content\/uploads\/2023\/06\/img_5436.jpg 300w, https:\/\/mlbfrsat7ahr.i.optimole.com\/w:768\/h:447\/q:mauto\/ig:avif\/https:\/\/noticiasnoface.com.br\/wp-content\/uploads\/2023\/06\/img_5436.jpg 768w, https:\/\/mlbfrsat7ahr.i.optimole.com\/w:1536\/h:895\/q:mauto\/ig:avif\/https:\/\/noticiasnoface.com.br\/wp-content\/uploads\/2023\/06\/img_5436.jpg 1536w, https:\/\/mlbfrsat7ahr.i.optimole.com\/w:1200\/h:700\/q:mauto\/ig:avif\/https:\/\/noticiasnoface.com.br\/wp-content\/uploads\/2023\/06\/img_5436.jpg 1200w, https:\/\/mlbfrsat7ahr.i.optimole.com\/w:1600\/h:932\/q:mauto\/ig:avif\/https:\/\/noticiasnoface.com.br\/wp-content\/uploads\/2023\/06\/img_5436.jpg 1600w\" sizes=\"(max-width: 1000px) 100vw, 1000px\" \/><figcaption class=\"wp-element-caption\">Em audi\u00eancia p\u00fablica, na tarde desta segunda-feira (05), a C\u00e2mara Municipal de Natal, abriu espa\u00e7o para o debate sobre a constru\u00e7\u00e3o de uma trincheira entre as avenidas Hermes da Fonseca e Alexandrino de Alencar, obra proposta pela Prefeitura de Natal para desafogar o tr\u00e2nsito no local. A inciativa foi da Comiss\u00e3o de Transportes, Legisla\u00e7\u00e3o Participativa e Assuntos Metropolitanos, por proposi\u00e7\u00e3o do vereador Daniel Valen\u00e7a (PT). <br>O debate reuniu representantes de diversos segmentos interessados, como moradores e comerciantes da \u00e1rea, bem como ciclistas, para discutir a necessidade e efici\u00eancia da obra para o fim que se prop\u00f5e, com a Secretaria Municipal de Mobilidade Urbana (STTU). Trincheiras s\u00e3o desn\u00edveis constru\u00eddos no cruzamento de vias. O projeto prev\u00ea que os ve\u00edculos vindos da avenida Alexandrino de Alencar passem por baixo da avenida Hermes da Fonseca. Segundo o Di\u00e1rio Oficial do Munic\u00edpio, a constru\u00e7\u00e3o, j\u00e1 licitada, est\u00e1 or\u00e7ada em 24,2 milh\u00f5es. <br>Na opini\u00e3o do propositor da audi\u00eancia p\u00fablica, o espa\u00e7o serviu para ampliar a discuss\u00e3o, especialmente, entre as pessoas que ser\u00e3o diretamente afetadas pela obra. \u201c\u00c9 uma obra car\u00edssima que n\u00e3o resolver\u00e1 a quest\u00e3o do tr\u00e2nsito, porque vai gerar gargalos\u201d, opinou o vereador Daniel Valen\u00e7a (PT).<br>Moradores e comerciantes da regi\u00e3o, bem como ciclistas se posicionaram contra a trincheira, alegando que os t\u00faneis causam impactos arquitet\u00f4nicos, criando ambiente hostil ao com\u00e9rcio e \u00e0 circula\u00e7\u00e3o de pessoas e bicicletas.<br>Para a representante das moradoras e moradores da regi\u00e3o, a advogada Tatiana Mendes Cunha, \u201ca obra \u00e9 desnecess\u00e1ria\u201d. \u201cPodemos ter um breve momento de congestionamento, nos hor\u00e1rios de pico, mas n\u00e3o justifica uma obra que vai provocar a deteriora\u00e7\u00e3o da regi\u00e3o, o que j\u00e1 aconteceu em v\u00e1rias outras partes de Natal, onde esse tipo de interven\u00e7\u00e3o urbana foi feita\u201d, argumentou. Mendes Cunha afirma que \u201cesse tipo de obra n\u00e3o traz preju\u00edzo apenas para o entorno dela, mas sim para toda vida econ\u00f4mica da cidade\u201d. Segundo a advogada, a quantidade de carros e a popula\u00e7\u00e3o de Natal est\u00e1 caindo a cada ano, e o projeto das trincheiras ao longo da avenida Salgado Filho tem concep\u00e7\u00e3o de 10 anos atr\u00e1s e \u201cest\u00e1 ultrapassado\u201d. \u201c\u00c9 boa pra carro, mas n\u00e3o \u00e9 boa para as pessoas\u201d, concluiu, no que foi ratificada pelos representante dos comerciantes da regi\u00e3o, Sandro Pacheco, e do Movimento Natal sem trincheiras, Wilson Azevedo, bem como pelo presidente da Associa\u00e7\u00e3o de Ciclistas do RN, Francisco Fabiano da Silva, que teme pela redu\u00e7\u00e3o do espa\u00e7o j\u00e1 ex\u00edguo para a circula\u00e7\u00e3o de bicicletas na regi\u00e3o.<br>J\u00e1 o secret\u00e1rio adjunto da STTU, Paulo Barra, defendeu que o projeto das trincheiras prepara a cidade para o futuro e foi debatido no espa\u00e7o adequado: o Conselho Municipal de Mobilidade e Transporte. <br>Participaram da audi\u00eancia p\u00fablica as vereadoras Nina Souza (PDT), Julia Arruda (PCdoB) e Brisa Bracchi (PT) e o vereador Erilbaldo Medeiros (PSB), al\u00e9m da deputada federal Nat\u00e1lia Bonavides (PT), que defenderam a amplia\u00e7\u00e3o do debate sobre a necessidade da obra e as consequ\u00eancias dela.<br>A discuss\u00e3o do assunto, segundo eles, deve envolver a popula\u00e7\u00e3o, as universidades e entidades como o Crea\/RN. \u201cApelo \u00e0 Prefeitura que recue, para estudar melhor esse projeto, at\u00e9 para se evitar imprevistos como os que est\u00e3o atrasando a conclus\u00e3o dos servi\u00e7os na avenida Jer\u00f4nimo C\u00e2mara, e causando grande transtorno \u00e0 popula\u00e7\u00e3o\u201d, disse a vereadora Nina.  J\u00e1 o vereador Hermes C\u00e2mara (PTB), l\u00edder do prefeito na casa, se colocou \u00e0 disposi\u00e7\u00e3o para intermediar o di\u00e1logo com a Prefeitura.<br>Texto: Ilana Albuquerque<br>Fotos: Ver\u00f4nica Mac\u00eado<\/figcaption><\/figure>\n\n\n\n<p><\/p>\n","protected":false},"excerpt":{"rendered":"","protected":false},"author":1,"featured_media":0,"comment_status":"open","ping_status":"open","sticky":false,"template":"","format":"standard","meta":{"site-sidebar-layout":"default","site-content-layout":"","ast-site-content-layout":"default","site-content-style":"default","site-sidebar-style":"default","ast-global-header-display":"","ast-banner-title-visibility":"","ast-main-header-display":"","ast-hfb-above-header-display":"","ast-hfb-below-header-display":"","ast-hfb-mobile-header-display":"","site-post-title":"","ast-breadcrumbs-content":"","ast-featured-img":"","footer-sml-layout":"","ast-disable-related-posts":"","theme-transparent-header-meta":"","adv-header-id-meta":"","stick-header-meta":"","header-above-stick-meta":"","header-main-stick-meta":"","header-below-stick-meta":"","astra-migrate-meta-layouts":"default","ast-page-background-enabled":"default","ast-page-background-meta":{"desktop":{"background-color":"var(--ast-global-color-4)","background-image":"","background-repeat":"repeat","background-position":"center center","background-size":"auto","background-attachment":"scroll","background-type":"","background-media":"","overlay-type":"","overlay-color":"","overlay-opacity":"","overlay-gradient":""},"tablet":{"background-color":"","background-image":"","background-repeat":"repeat","background-position":"center center","background-size":"auto","background-attachment":"scroll","background-type":"","background-media":"","overlay-type":"","overlay-color":"","overlay-opacity":"","overlay-gradient":""},"mobile":{"background-color":"","background-image":"","background-repeat":"repeat","background-position":"center center","background-size":"auto","background-attachment":"scroll","background-type":"","background-media":"","overlay-type":"","overlay-color":"","overlay-opacity":"","overlay-gradient":""}},"ast-content-background-meta":{"desktop":{"background-color":"var(--ast-global-color-5)","background-image":"","background-repeat":"repeat","background-position":"center center","background-size":"auto","background-attachment":"scroll","background-type":"","background-media":"","overlay-type":"","overlay-color":"","overlay-opacity":"","overlay-gradient":""},"tablet":{"background-color":"var(--ast-global-color-5)","background-image":"","background-repeat":"repeat","background-position":"center center","background-size":"auto","background-attachment":"scroll","background-type":"","background-media":"","overlay-type":"","overlay-color":"","overlay-opacity":"","overlay-gradient":""},"mobile":{"background-color":"var(--ast-global-color-5)","background-image":"","background-repeat":"repeat","background-position":"center center","background-size":"auto","background-attachment":"scroll","background-type":"","background-media":"","overlay-type":"","overlay-color":"","overlay-opacity":"","overlay-gradient":""}},"footnotes":""},"categories":[517],"tags":[],"class_list":["post-16764","post","type-post","status-publish","format-standard","hentry","category-aconteceu"],"_links":{"self":[{"href":"https:\/\/noticiasnoface.com.br\/index.php\/wp-json\/wp\/v2\/posts\/16764","targetHints":{"allow":["GET"]}}],"collection":[{"href":"https:\/\/noticiasnoface.com.br\/index.php\/wp-json\/wp\/v2\/posts"}],"about":[{"href":"https:\/\/noticiasnoface.com.br\/index.php\/wp-json\/wp\/v2\/types\/post"}],"author":[{"embeddable":true,"href":"https:\/\/noticiasnoface.com.br\/index.php\/wp-json\/wp\/v2\/users\/1"}],"replies":[{"embeddable":true,"href":"https:\/\/noticiasnoface.com.br\/index.php\/wp-json\/wp\/v2\/comments?post=16764"}],"version-history":[{"count":1,"href":"https:\/\/noticiasnoface.com.br\/index.php\/wp-json\/wp\/v2\/posts\/16764\/revisions"}],"predecessor-version":[{"id":16765,"href":"https:\/\/noticiasnoface.com.br\/index.php\/wp-json\/wp\/v2\/posts\/16764\/revisions\/16765"}],"wp:attachment":[{"href":"https:\/\/noticiasnoface.com.br\/index.php\/wp-json\/wp\/v2\/media?parent=16764"}],"wp:term":[{"taxonomy":"category","embeddable":true,"href":"https:\/\/noticiasnoface.com.br\/index.php\/wp-json\/wp\/v2\/categories?post=16764"},{"taxonomy":"post_tag","embeddable":true,"href":"https:\/\/noticiasnoface.com.br\/index.php\/wp-json\/wp\/v2\/tags?post=16764"}],"curies":[{"name":"wp","href":"https:\/\/api.w.org\/{rel}","templated":true}]}}