{"id":16792,"date":"2023-06-07T07:38:36","date_gmt":"2023-06-07T10:38:36","guid":{"rendered":"https:\/\/noticiasnoface.com.br\/?p=16792"},"modified":"2023-06-07T07:38:37","modified_gmt":"2023-06-07T10:38:37","slug":"atencao-brasileiros-podem-ter-direito-a-saque-de-ate-29-mil-na-cef-entenda","status":"publish","type":"post","link":"https:\/\/noticiasnoface.com.br\/index.php\/2023\/06\/07\/atencao-brasileiros-podem-ter-direito-a-saque-de-ate-29-mil-na-cef-entenda\/","title":{"rendered":"Aten\u00e7\u00e3o! Brasileiros podem ter direito a saque de at\u00e9 2,9 mil na CEF, entenda:"},"content":{"rendered":"\n<figure class=\"wp-block-image size-large\"><img data-opt-id=143365328  fetchpriority=\"high\" decoding=\"async\" width=\"1024\" height=\"641\" src=\"https:\/\/mlbfrsat7ahr.i.optimole.com\/w:1024\/h:641\/q:mauto\/ig:avif\/https:\/\/noticiasnoface.com.br\/wp-content\/uploads\/2023\/06\/photo-output-11.jpg\" class=\"wp-image-16791\" srcset=\"https:\/\/mlbfrsat7ahr.i.optimole.com\/w:1024\/h:641\/q:mauto\/ig:avif\/https:\/\/noticiasnoface.com.br\/wp-content\/uploads\/2023\/06\/photo-output-11.jpg 1024w, https:\/\/mlbfrsat7ahr.i.optimole.com\/w:300\/h:188\/q:mauto\/ig:avif\/https:\/\/noticiasnoface.com.br\/wp-content\/uploads\/2023\/06\/photo-output-11.jpg 300w, https:\/\/mlbfrsat7ahr.i.optimole.com\/w:768\/h:480\/q:mauto\/ig:avif\/https:\/\/noticiasnoface.com.br\/wp-content\/uploads\/2023\/06\/photo-output-11.jpg 768w, https:\/\/mlbfrsat7ahr.i.optimole.com\/w:1536\/h:961\/q:mauto\/ig:avif\/https:\/\/noticiasnoface.com.br\/wp-content\/uploads\/2023\/06\/photo-output-11.jpg 1536w, https:\/\/mlbfrsat7ahr.i.optimole.com\/w:1726\/h:1080\/q:mauto\/ig:avif\/https:\/\/noticiasnoface.com.br\/wp-content\/uploads\/2023\/06\/photo-output-11.jpg 2048w\" sizes=\"(max-width: 1000px) 100vw, 1000px\" \/><figcaption class=\"wp-element-caption\">Aten\u00e7\u00e3o! Brasileiros podem ter direito a saque de R$ 2,9 MIL na Caixa Econ\u00f4mica; Saiba se voc\u00ea \u00e9 um deles<br>1 de junho de 2023<br><br><img data-opt-id=620536832  fetchpriority=\"high\" decoding=\"async\" src=\"https:\/\/www.financasbrasil.org\/wp-content\/uploads\/2023\/05\/Qual-sera-o-valor-do-novo-salario-minimo-e-quando-comeca-a-valer.jpg\" alt=\"A Caixa Econ\u00f4mica Federal \u00e9 certamente um verdadeiro monumento da hist\u00f3ria brasileira. Fundada em 1861 pelo rei Dom Pedro II do Brasil, a Caixa tornou-se o principal banco do Brasil, hoje tem mais de 140 milh\u00f5es de clientes.\" width=\"1200\" height=\"750\" srcset=\"https:\/\/www.financasbrasil.org\/wp-content\/uploads\/2023\/05\/Qual-sera-o-valor-do-novo-salario-minimo-e-quando-comeca-a-valer.jpg 1200w, https:\/\/www.financasbrasil.org\/wp-content\/uploads\/2023\/05\/Qual-sera-o-valor-do-novo-salario-minimo-e-quando-comeca-a-valer-300x188.jpg 300w, https:\/\/www.financasbrasil.org\/wp-content\/uploads\/2023\/05\/Qual-sera-o-valor-do-novo-salario-minimo-e-quando-comeca-a-valer-1024x640.jpg 1024w, https:\/\/www.financasbrasil.org\/wp-content\/uploads\/2023\/05\/Qual-sera-o-valor-do-novo-salario-minimo-e-quando-comeca-a-valer-768x480.jpg 768w, https:\/\/www.financasbrasil.org\/wp-content\/uploads\/2023\/05\/Qual-sera-o-valor-do-novo-salario-minimo-e-quando-comeca-a-valer-150x94.jpg 150w, https:\/\/www.financasbrasil.org\/wp-content\/uploads\/2023\/05\/Qual-sera-o-valor-do-novo-salario-minimo-e-quando-comeca-a-valer-696x435.jpg 696w, https:\/\/www.financasbrasil.org\/wp-content\/uploads\/2023\/05\/Qual-sera-o-valor-do-novo-salario-minimo-e-quando-comeca-a-valer-1068x668.jpg 1068w\" class=\"extendsBeyondTextColumn\"><br>Imagem: Google<br>A Caixa Econ\u00f4mica Federal \u00e9 certamente um verdadeiro monumento da hist\u00f3ria brasileira. Fundada em 1861 pelo rei Dom Pedro II do Brasil, a Caixa tornou-se o principal banco do Brasil, hoje tem mais de 140 milh\u00f5es de clientes.<br>E, recentemente, novos saques foram disponibilizados por meio da Caixa. Em breve, milhares de cidad\u00e3os brasileiros poder\u00e3o pagar um valor incr\u00edvel. Portanto, para que os brasileiros possam receber esse valor, confira no texto abaixo quais benef\u00edcios voc\u00ea precisa pagar e veja se est\u00e1 apto a fazer um saque ou n\u00e3o.<br>E, recentemente, novos saques foram disponibilizados por meio da Caixa. Em breve, milhares de cidad\u00e3os brasileiros poder\u00e3o pagar um valor incr\u00edvel. Portanto, para que os brasileiros possam receber esse valor, confira no texto abaixo quais benef\u00edcios voc\u00ea precisa pagar e veja se est\u00e1 apto a fazer um saque ou n\u00e3o.<br>Al\u00e9m disso, os trabalhadores em nosso pa\u00eds tamb\u00e9m podem obter pagamentos relacionados a benef\u00edcios salariais. Uma vez por ano, os brasileiros que trabalham no setor privado brasileiro recebem dinheiro. Da mesma forma, outro dep\u00f3sito de natureza trabalhista pago pela Caixa Econ\u00f4mica Federal \u00e9 o do FGTS, fundo garantidor no momento do servi\u00e7o.<br><br>Confira o valor disponibilizado pela Caixa<br>Como muitos j\u00e1 podem imaginar, todos os benef\u00edcios que mencionamos anteriormente neste texto ser\u00e3o pagos neste novo m\u00eas de junho. Portanto, os cidad\u00e3os brasileiros devem ser depositados valores diferentes dependendo do pagamento a que t\u00eam direito. Agora vamos entender um pouco mais sobre quanto voc\u00ea tem que pagar por cada benef\u00edcio.<br>Antes de mais nada, \u00e9 importante ressaltar que quando se trata do Bolsa Fam\u00edlia, os valores variam. Tradicionalmente, a parte b\u00e1sica do programa de transfer\u00eancia de renda \u00e9 o valor de R$ 600,00. No entanto, ainda h\u00e1 possibilidades adicionais. Por exemplo, uma fam\u00edlia com crian\u00e7as menores de 6 anos tem direito a uma taxa adicional de R$ 150,00 por crian\u00e7a.<br>Quando se trata de benef\u00edcios em folha de pagamento, tamb\u00e9m h\u00e1 varia\u00e7\u00f5es nos pagamentos. Afinal, o c\u00e1lculo dos benef\u00edcios \u00e9 realizado em fun\u00e7\u00e3o do tempo de servi\u00e7o no ano-base. Portanto, o valor m\u00ednimo que algu\u00e9m pode receber por meio do PIS \u00e9 de R$ 110,00. Se o trabalhador trabalhou o ano todo, ele recebe o valor do sal\u00e1rio m\u00ednimo. Ou seja, R$ 1.320,00.<br>Por fim, h\u00e1 o valor associado ao Fundo de Garantia de Tempo de Servi\u00e7o. O saque que ser\u00e1 disponibilizado em junho pelo FGTS \u00e9 o saque de anivers\u00e1rio. No entanto, o valor desse saque n\u00e3o \u00e9 fixo. Afinal, os saques dependem diretamente do saldo presente na conta do benefici\u00e1rio.<\/figcaption><\/figure>\n","protected":false},"excerpt":{"rendered":"","protected":false},"author":1,"featured_media":0,"comment_status":"open","ping_status":"open","sticky":false,"template":"","format":"standard","meta":{"site-sidebar-layout":"default","site-content-layout":"","ast-site-content-layout":"default","site-content-style":"default","site-sidebar-style":"default","ast-global-header-display":"","ast-banner-title-visibility":"","ast-main-header-display":"","ast-hfb-above-header-display":"","ast-hfb-below-header-display":"","ast-hfb-mobile-header-display":"","site-post-title":"","ast-breadcrumbs-content":"","ast-featured-img":"","footer-sml-layout":"","ast-disable-related-posts":"","theme-transparent-header-meta":"","adv-header-id-meta":"","stick-header-meta":"","header-above-stick-meta":"","header-main-stick-meta":"","header-below-stick-meta":"","astra-migrate-meta-layouts":"default","ast-page-background-enabled":"default","ast-page-background-meta":{"desktop":{"background-color":"var(--ast-global-color-4)","background-image":"","background-repeat":"repeat","background-position":"center center","background-size":"auto","background-attachment":"scroll","background-type":"","background-media":"","overlay-type":"","overlay-color":"","overlay-opacity":"","overlay-gradient":""},"tablet":{"background-color":"","background-image":"","background-repeat":"repeat","background-position":"center center","background-size":"auto","background-attachment":"scroll","background-type":"","background-media":"","overlay-type":"","overlay-color":"","overlay-opacity":"","overlay-gradient":""},"mobile":{"background-color":"","background-image":"","background-repeat":"repeat","background-position":"center center","background-size":"auto","background-attachment":"scroll","background-type":"","background-media":"","overlay-type":"","overlay-color":"","overlay-opacity":"","overlay-gradient":""}},"ast-content-background-meta":{"desktop":{"background-color":"var(--ast-global-color-5)","background-image":"","background-repeat":"repeat","background-position":"center center","background-size":"auto","background-attachment":"scroll","background-type":"","background-media":"","overlay-type":"","overlay-color":"","overlay-opacity":"","overlay-gradient":""},"tablet":{"background-color":"var(--ast-global-color-5)","background-image":"","background-repeat":"repeat","background-position":"center center","background-size":"auto","background-attachment":"scroll","background-type":"","background-media":"","overlay-type":"","overlay-color":"","overlay-opacity":"","overlay-gradient":""},"mobile":{"background-color":"var(--ast-global-color-5)","background-image":"","background-repeat":"repeat","background-position":"center center","background-size":"auto","background-attachment":"scroll","background-type":"","background-media":"","overlay-type":"","overlay-color":"","overlay-opacity":"","overlay-gradient":""}},"footnotes":""},"categories":[517],"tags":[2189,2418,2229,22,199,2760],"class_list":["post-16792","post","type-post","status-publish","format-standard","hentry","category-aconteceu","tag-beneficios","tag-cef","tag-noticas-do-face","tag-noticias-no-face","tag-noticiasnoface","tag-saque"],"_links":{"self":[{"href":"https:\/\/noticiasnoface.com.br\/index.php\/wp-json\/wp\/v2\/posts\/16792","targetHints":{"allow":["GET"]}}],"collection":[{"href":"https:\/\/noticiasnoface.com.br\/index.php\/wp-json\/wp\/v2\/posts"}],"about":[{"href":"https:\/\/noticiasnoface.com.br\/index.php\/wp-json\/wp\/v2\/types\/post"}],"author":[{"embeddable":true,"href":"https:\/\/noticiasnoface.com.br\/index.php\/wp-json\/wp\/v2\/users\/1"}],"replies":[{"embeddable":true,"href":"https:\/\/noticiasnoface.com.br\/index.php\/wp-json\/wp\/v2\/comments?post=16792"}],"version-history":[{"count":1,"href":"https:\/\/noticiasnoface.com.br\/index.php\/wp-json\/wp\/v2\/posts\/16792\/revisions"}],"predecessor-version":[{"id":16793,"href":"https:\/\/noticiasnoface.com.br\/index.php\/wp-json\/wp\/v2\/posts\/16792\/revisions\/16793"}],"wp:attachment":[{"href":"https:\/\/noticiasnoface.com.br\/index.php\/wp-json\/wp\/v2\/media?parent=16792"}],"wp:term":[{"taxonomy":"category","embeddable":true,"href":"https:\/\/noticiasnoface.com.br\/index.php\/wp-json\/wp\/v2\/categories?post=16792"},{"taxonomy":"post_tag","embeddable":true,"href":"https:\/\/noticiasnoface.com.br\/index.php\/wp-json\/wp\/v2\/tags?post=16792"}],"curies":[{"name":"wp","href":"https:\/\/api.w.org\/{rel}","templated":true}]}}