{"id":16800,"date":"2023-06-07T23:14:15","date_gmt":"2023-06-08T02:14:15","guid":{"rendered":"https:\/\/noticiasnoface.com.br\/?p=16800"},"modified":"2023-06-07T23:14:15","modified_gmt":"2023-06-08T02:14:15","slug":"ex-presidentes-da-cmn-sao-homenageados-em-solene-de-20-anos-da-tv-camara","status":"publish","type":"post","link":"https:\/\/noticiasnoface.com.br\/index.php\/2023\/06\/07\/ex-presidentes-da-cmn-sao-homenageados-em-solene-de-20-anos-da-tv-camara\/","title":{"rendered":"Ex-presidentes da CMN s\u00e3o homenageados em solene de 20 anos da TV C\u00e2mara"},"content":{"rendered":"\n<figure class=\"wp-block-image size-large\"><img data-opt-id=949274905  fetchpriority=\"high\" decoding=\"async\" width=\"1024\" height=\"611\" src=\"https:\/\/mlbfrsat7ahr.i.optimole.com\/w:1024\/h:611\/q:mauto\/ig:avif\/https:\/\/noticiasnoface.com.br\/wp-content\/uploads\/2023\/06\/img_5603.jpg\" class=\"wp-image-16799\" srcset=\"https:\/\/mlbfrsat7ahr.i.optimole.com\/w:1024\/h:611\/q:mauto\/ig:avif\/https:\/\/noticiasnoface.com.br\/wp-content\/uploads\/2023\/06\/img_5603.jpg 1024w, https:\/\/mlbfrsat7ahr.i.optimole.com\/w:300\/h:179\/q:mauto\/ig:avif\/https:\/\/noticiasnoface.com.br\/wp-content\/uploads\/2023\/06\/img_5603.jpg 300w, https:\/\/mlbfrsat7ahr.i.optimole.com\/w:768\/h:458\/q:mauto\/ig:avif\/https:\/\/noticiasnoface.com.br\/wp-content\/uploads\/2023\/06\/img_5603.jpg 768w, https:\/\/mlbfrsat7ahr.i.optimole.com\/w:1536\/h:917\/q:mauto\/ig:avif\/https:\/\/noticiasnoface.com.br\/wp-content\/uploads\/2023\/06\/img_5603.jpg 1536w, https:\/\/mlbfrsat7ahr.i.optimole.com\/w:1600\/h:955\/q:mauto\/ig:avif\/https:\/\/noticiasnoface.com.br\/wp-content\/uploads\/2023\/06\/img_5603.jpg 1600w\" sizes=\"(max-width: 1000px) 100vw, 1000px\" \/><figcaption class=\"wp-element-caption\"><br>A C\u00e2mara Municipal de Natal celebrou em sess\u00e3o solene, nesta ter\u00e7a-feira (06), as duas d\u00e9cadas de uma grande conquista: ter colocado no ar o primeiro canal legislativo do Norte-Nordeste do Brasil. A solenidade em homenagem aos 20 Anos da emissora foi aberta pelo presidente da casa, vereador Erico J\u00e1come (MDB), e de proposi\u00e7\u00e3o do vice-presidente, vereador Hermes C\u00e2mara (PTB).<br>\u201c\u00c9 uma grande alegria pra n\u00f3s ver a TV C\u00e2mara Natal completar 20 anos no ar, compartilhando saber para o surgimento de outros canais legislativos, como recentemente para as C\u00e2maras de Parnamirim, Tibau do Sul, S\u00e3o Gon\u00e7alo do Amarante e Mossor\u00f3, bem como para al\u00e9m das fronteiras do RN, servindo de exemplo para casas legislativas no estado vizinho da Para\u00edba\u201d, destacou o vereador Hermes. <br>\u201cComo presidente desta casa, quero parabenizar a todos os profissionais que fazem a TV C\u00e2mara, atrav\u00e9s da qual os natalenses podem assistir todas as sess\u00f5es ordin\u00e1rias, solenes, reuni\u00f5es de comiss\u00e3o e audi\u00eancias p\u00fablicas realizadas no Plen\u00e1rio \u00c9rico Hackradt, do Pal\u00e1cio Padre Miguelinho, dando total transpar\u00eancia ao trabalho do Poder Legislativo Municipal, bem como produzindo notici\u00e1rio di\u00e1rio sobre nossa cidade\u201d, ressaltou o vereador Eriko J\u00e1come.<br>A TV C\u00e2mara Natal entrou no ar em 29 de abril de 2003 e, desde 2014, chega \u00e0s casas dos natalenses em sinal aberto, atrav\u00e9s do canal 10.2, ou pela Cabo, nos canais 10 ou 110. Al\u00e9m disso, como destaca o diretor do N\u00facleo de Comunica\u00e7\u00e3o Institucional da CMN, Marcelo Dieb, difunde ainda mais conte\u00fado atrav\u00e9s da integra\u00e7\u00e3o com as m\u00eddias sociais, transmitindo ao vivo e disponibilizando as grava\u00e7\u00f5es para consulta a qualquer tempo pelo canal no Youtube.  <br>Na sess\u00e3o solene em alus\u00e3o aos 20 anos da emissora, foram homenageados os ex-presidentes da CMN, a come\u00e7ar pelo ent\u00e3o presidente quando da instala\u00e7\u00e3o da TV C\u00e2mara em 2003, Tirso Renato Dantas (in memoriam), e os que o sucederam: Paulo Eduardo Freire, Rog\u00e9rio Marinho, Dickson Ricardo Nasser dos Santos, Edivan Martins Teixeira, Albert Dickson de Lima, Franklin Roosevelt de Farias Capistrano, Raniere Barbosa, J\u00falia Arruda, e o atual presidente da casa,  Eriko J\u00e1come. <br>\u201cParticipar desse momento me traz uma lembran\u00e7a muito gratificante. Pois quando vi em outras regi\u00f5es do pa\u00eds as TVs legislativas se instalando, levei a ideia ao ent\u00e3o presidente desta casa, Renato Dantas, e fui a Bras\u00edlia, onde era um potiguar, Agaciel Maia, quem ocupava a diretoria geral do Senado da Rep\u00fablica, e nos ajudou na conquista da concess\u00e3o\u201d, recordou o ex-vereador e ex-presidente da C\u00e2mara Municipal de Natal, Edivan Martins.<br>Tamb\u00e9m receberam homenagens os empres\u00e1rios Sandro Marcelo Andr\u00e9 de Oliveira e Daliana Shirley Flor dos Santos; o primeiro diretor da emissora, Carlos Frederico Bastos, e o atual diretor, jornalista Rodrigues Neto, al\u00e9m da jornalista Anne Danielle Cavalcante de Medeiros, e do cinegrafista William Hon\u00f3rio dos Santos.<br>Participaram da sess\u00e3o solene o deputado estadual Taveira J\u00fanior, representando a Assembleia Legislativa; o presidente do TCE, Gilberto Jales; e os secret\u00e1rios de Comunica\u00e7\u00e3o do Estado e do Munic\u00edpio, Daniel Cabral e Heverton Freitas, representando a governadora F\u00e1tima Bezerra e o prefeito \u00c1lvaro Dias, respectivamente. <br>Texto: Ilana Albuquerque <br>Fotos: Ver\u00f4nica Macedo<\/figcaption><\/figure>\n","protected":false},"excerpt":{"rendered":"","protected":false},"author":1,"featured_media":0,"comment_status":"open","ping_status":"open","sticky":false,"template":"","format":"standard","meta":{"site-sidebar-layout":"default","site-content-layout":"","ast-site-content-layout":"default","site-content-style":"default","site-sidebar-style":"default","ast-global-header-display":"","ast-banner-title-visibility":"","ast-main-header-display":"","ast-hfb-above-header-display":"","ast-hfb-below-header-display":"","ast-hfb-mobile-header-display":"","site-post-title":"","ast-breadcrumbs-content":"","ast-featured-img":"","footer-sml-layout":"","ast-disable-related-posts":"","theme-transparent-header-meta":"","adv-header-id-meta":"","stick-header-meta":"","header-above-stick-meta":"","header-main-stick-meta":"","header-below-stick-meta":"","astra-migrate-meta-layouts":"default","ast-page-background-enabled":"default","ast-page-background-meta":{"desktop":{"background-color":"var(--ast-global-color-4)","background-image":"","background-repeat":"repeat","background-position":"center center","background-size":"auto","background-attachment":"scroll","background-type":"","background-media":"","overlay-type":"","overlay-color":"","overlay-opacity":"","overlay-gradient":""},"tablet":{"background-color":"","background-image":"","background-repeat":"repeat","background-position":"center center","background-size":"auto","background-attachment":"scroll","background-type":"","background-media":"","overlay-type":"","overlay-color":"","overlay-opacity":"","overlay-gradient":""},"mobile":{"background-color":"","background-image":"","background-repeat":"repeat","background-position":"center center","background-size":"auto","background-attachment":"scroll","background-type":"","background-media":"","overlay-type":"","overlay-color":"","overlay-opacity":"","overlay-gradient":""}},"ast-content-background-meta":{"desktop":{"background-color":"var(--ast-global-color-5)","background-image":"","background-repeat":"repeat","background-position":"center center","background-size":"auto","background-attachment":"scroll","background-type":"","background-media":"","overlay-type":"","overlay-color":"","overlay-opacity":"","overlay-gradient":""},"tablet":{"background-color":"var(--ast-global-color-5)","background-image":"","background-repeat":"repeat","background-position":"center center","background-size":"auto","background-attachment":"scroll","background-type":"","background-media":"","overlay-type":"","overlay-color":"","overlay-opacity":"","overlay-gradient":""},"mobile":{"background-color":"var(--ast-global-color-5)","background-image":"","background-repeat":"repeat","background-position":"center center","background-size":"auto","background-attachment":"scroll","background-type":"","background-media":"","overlay-type":"","overlay-color":"","overlay-opacity":"","overlay-gradient":""}},"footnotes":""},"categories":[517],"tags":[],"class_list":["post-16800","post","type-post","status-publish","format-standard","hentry","category-aconteceu"],"_links":{"self":[{"href":"https:\/\/noticiasnoface.com.br\/index.php\/wp-json\/wp\/v2\/posts\/16800","targetHints":{"allow":["GET"]}}],"collection":[{"href":"https:\/\/noticiasnoface.com.br\/index.php\/wp-json\/wp\/v2\/posts"}],"about":[{"href":"https:\/\/noticiasnoface.com.br\/index.php\/wp-json\/wp\/v2\/types\/post"}],"author":[{"embeddable":true,"href":"https:\/\/noticiasnoface.com.br\/index.php\/wp-json\/wp\/v2\/users\/1"}],"replies":[{"embeddable":true,"href":"https:\/\/noticiasnoface.com.br\/index.php\/wp-json\/wp\/v2\/comments?post=16800"}],"version-history":[{"count":1,"href":"https:\/\/noticiasnoface.com.br\/index.php\/wp-json\/wp\/v2\/posts\/16800\/revisions"}],"predecessor-version":[{"id":16801,"href":"https:\/\/noticiasnoface.com.br\/index.php\/wp-json\/wp\/v2\/posts\/16800\/revisions\/16801"}],"wp:attachment":[{"href":"https:\/\/noticiasnoface.com.br\/index.php\/wp-json\/wp\/v2\/media?parent=16800"}],"wp:term":[{"taxonomy":"category","embeddable":true,"href":"https:\/\/noticiasnoface.com.br\/index.php\/wp-json\/wp\/v2\/categories?post=16800"},{"taxonomy":"post_tag","embeddable":true,"href":"https:\/\/noticiasnoface.com.br\/index.php\/wp-json\/wp\/v2\/tags?post=16800"}],"curies":[{"name":"wp","href":"https:\/\/api.w.org\/{rel}","templated":true}]}}