{"id":16807,"date":"2023-06-08T07:20:15","date_gmt":"2023-06-08T10:20:15","guid":{"rendered":"https:\/\/noticiasnoface.com.br\/?p=16807"},"modified":"2023-06-08T07:20:15","modified_gmt":"2023-06-08T10:20:15","slug":"incendios-no-canada-deixa-nova-york-irreconhecivel-veja-video","status":"publish","type":"post","link":"https:\/\/noticiasnoface.com.br\/index.php\/2023\/06\/08\/incendios-no-canada-deixa-nova-york-irreconhecivel-veja-video\/","title":{"rendered":"Inc\u00eandios no Canad\u00e1 deixa Nova York irreconhec\u00edvel, VEJA V\u00cdDEO"},"content":{"rendered":"\n<figure class=\"wp-block-image size-large\"><img data-opt-id=400270481  fetchpriority=\"high\" decoding=\"async\" width=\"714\" height=\"1024\" src=\"https:\/\/mlbfrsat7ahr.i.optimole.com\/w:714\/h:1024\/q:mauto\/ig:avif\/https:\/\/noticiasnoface.com.br\/wp-content\/uploads\/2023\/06\/img_5613.jpg\" class=\"wp-image-16805\" srcset=\"https:\/\/mlbfrsat7ahr.i.optimole.com\/w:714\/h:1024\/q:mauto\/ig:avif\/https:\/\/noticiasnoface.com.br\/wp-content\/uploads\/2023\/06\/img_5613.jpg 714w, https:\/\/mlbfrsat7ahr.i.optimole.com\/w:209\/h:300\/q:mauto\/ig:avif\/https:\/\/noticiasnoface.com.br\/wp-content\/uploads\/2023\/06\/img_5613.jpg 209w, https:\/\/mlbfrsat7ahr.i.optimole.com\/w:752\/h:1080\/q:mauto\/ig:avif\/https:\/\/noticiasnoface.com.br\/wp-content\/uploads\/2023\/06\/img_5613.jpg 768w, https:\/\/mlbfrsat7ahr.i.optimole.com\/w:752\/h:1080\/q:mauto\/ig:avif\/https:\/\/noticiasnoface.com.br\/wp-content\/uploads\/2023\/06\/img_5613.jpg 1070w, https:\/\/mlbfrsat7ahr.i.optimole.com\/w:752\/h:1080\/q:mauto\/ig:avif\/https:\/\/noticiasnoface.com.br\/wp-content\/uploads\/2023\/06\/img_5613.jpg 1290w\" sizes=\"(max-width: 714px) 100vw, 714px\" \/><figcaption class=\"wp-element-caption\">Fuma\u00e7a provocada por inc\u00eandios no Canad\u00e1 sufoca Nova York<br>Desafio da polui\u00e7\u00e3o do ar j\u00e1 um fen\u00f4meno comum enfrentado por grandes cidades asi\u00e1ticas, como Pequim<br>Fuma\u00e7a vinda do Canad\u00e1 cobriu os c\u00e9us de Nova York Spencer Platt\/Getty Images <br>H\u00e1 dias, as imagens de Nova York sufocando na fuma\u00e7a v\u00eam surpreendendo os Estados Unidos, enquanto moradores lutam para lidar com o desafio desconhecido da forte polui\u00e7\u00e3o do ar.<br>A fuma\u00e7a, <a href=\"https:\/\/www.cnnbrasil.com.br\/internacional\/incendios-florestais-forcam-novas-evacuacoes-no-canada\/\" target=\"_blank\" rel=\"noopener\">provocada por inc\u00eandios florestais no Canad\u00e1<\/a>, levou as autoridades a alertar sobre a baixa qualidade do ar na costa leste e as pessoas voltaram a usar m\u00e1scaras faciais N95, amplamente abandonadas desde a pandemia da Covid-19. Nas redes sociais, as pessoas compartilham fotos da cena \u201capocal\u00edptica\u201d e dicas para minimizar os riscos \u00e0 sa\u00fade.<br>Com exce\u00e7\u00e3o dos estados da costa oeste \u2014 como a Calif\u00f3rnia \u2014, que sofrem inc\u00eandios florestais anuais, essas cenas s\u00e3o raras nos Estados Unidos.<br>Do outro lado do mundo, no entanto, lutar contra a polui\u00e7\u00e3o n\u00e3o \u00e9 novidade. E a intensa polui\u00e7\u00e3o do ar causada por fuma\u00e7a nociva, gases e produtos qu\u00edmicos industriais \u2014 que sufoca muitas das principais cidades da \u00c1sia durante grande parte do ano \u2014 pode se tornar a norma para muitas outras em todo o mundo \u00e0 medida que a crise clim\u00e1tica piora.<br>No ano passado, seis das 10 cidades mais polu\u00eddas do mundo estavam na \u00cdndia, segundo a rede de monitoramento IQAir. Pesquisadores estimam que o ar polu\u00eddo pode estar reduzindo a expectativa de vida de centenas de milh\u00f5es de indianos em at\u00e9 nove anos; acredita-se que a polui\u00e7\u00e3o do ar tenha causado quase 1,6 milh\u00e3o de mortes no pa\u00eds s\u00f3 em 2019.<br>A capital Nova D\u00e9li \u00e9 regularmente envolta em polui\u00e7\u00e3o por conta de v\u00e1rios fatores \u2014 incluindo emiss\u00f5es de ve\u00edculos, usinas movidas a carv\u00e3o e a pr\u00e1tica anual de queimar campos agr\u00edcolas para preparar a terra para a pr\u00f3xima safra.<br>Isso significa que seu povo est\u00e1 exposto a altos n\u00edveis de material particulado fino, ou MP2.5 \u2014 um indicador amplamente usado de polui\u00e7\u00e3o do ar nociva. Esse poluente min\u00fasculo \u00e9 altamente perigoso; quando inalado, pode penetrar profundamente no tecido pulmonar e entrar na corrente sangu\u00ednea, e tem sido associado a problemas de sa\u00fade, incluindo asma e doen\u00e7as card\u00edacas.<br>Ele vem de fontes como a combust\u00e3o de combust\u00edveis f\u00f3sseis, tempestades de poeira e inc\u00eandios florestais \u2014 o que significa que Nova York agora est\u00e1 sufocada pelo poluente.<br>Os n\u00edveis de MP2.5 em Nova York atingiram o pico na tarde de quarta-feira (7), com 303,3 microgramas por metro c\u00fabico. Para compara\u00e7\u00e3o, as diretrizes da Organiza\u00e7\u00e3o Mundial da Sa\u00fade recomendam um limite de n\u00edvel m\u00e9dio anual de 5 microgramas por metro c\u00fabico; Londres mediu 9,4 microgramas por metro c\u00fabico na quarta-feira, e <a rel=\"noreferrer noopener\" href=\"https:\/\/www.cnn.com\/world\/asia\/hong-kong\" target=\"_blank\">Hong Kong<\/a> mediu 21 microgramas por metro c\u00fabico, ambos com seguran\u00e7a dentro da faixa \u201cboa\u201d do IQAir.<br>Muitos pa\u00edses do Sudeste Asi\u00e1tico tamb\u00e9m est\u00e3o familiarizados com as perturba\u00e7\u00f5es da vida cotidiana que a polui\u00e7\u00e3o do ar pode trazer, especialmente durante a esta\u00e7\u00e3o anual de queima de restolho, quando os agricultores ateiam fogo \u00e0 palha deixada no campo ap\u00f3s a colheita dos gr\u00e3os.<br>Em 2019, o ar ficou t\u00e3o ruim na Mal\u00e1sia que dezenas de estudantes adoeceram e vomitaram, o que levou ao fechamento de mais de 400 escolas em todo o pa\u00eds do sudeste asi\u00e1tico.<br>Apenas alguns meses depois, a Mal\u00e1sia foi novamente coberta por uma densa n\u00e9voa que veio de inc\u00eandios florestais em grande escala na vizinha Indon\u00e9sia, supostamente motivados pela limpeza da terra para a produ\u00e7\u00e3o de papel e \u00f3leo de palma.<br>Mais recentemente, a cidade de Chiang Mai, no norte da Tail\u00e2ndia, conquistou o t\u00edtulo nada invej\u00e1vel de cidade mais polu\u00edda do mundo por, pelo menos uma semana seguida em abril, devido \u00e0 fuma\u00e7a de inc\u00eandios florestais e queimadas em outras partes da regi\u00e3o. In\u00fameras pessoas procuraram atendimento m\u00e9dico para problemas respirat\u00f3rios, incluindo asma e falta de ar. Um hospital disse que as enfermarias estavam t\u00e3o cheias que tiveram que recusar alguns pacientes.<br>Mas, talvez, a cidade mais conhecida por sua polui\u00e7\u00e3o \u2014 e que conseguiu mudar as coisas com mais sucesso \u2014 seja Pequim.<br>Durante anos, os moradores da capital chinesa respiraram ar polu\u00eddo diariamente. Isso culminou no infame \u201capocalipse do ar\u201d de 2013, quando o \u00edndice de qualidade do ar atingiu 755, quebrando o que deveria ser o topo da escala, em 500, segundo a Embaixada dos EUA em Pequim \u2014 que mantinha um monitor di\u00e1rio da qualidade do ar. Essa alta hist\u00f3rica significava que o ar estava muito perigoso, for\u00e7ando os residentes a se fecharem em casa, usarem m\u00e1scaras com filtro e ligarem os purificadores de ar no m\u00e1ximo.<br>O evento atraiu a aten\u00e7\u00e3o da m\u00eddia global e for\u00e7ou a quest\u00e3o para o mainstream da China. Logo depois, a China lan\u00e7ou uma ampla campanha antipolui\u00e7\u00e3o, fechando minas e usinas de carv\u00e3o, estabelecendo esta\u00e7\u00f5es de monitoramento do ar em todo o pa\u00eds e lan\u00e7ando novas regulamenta\u00e7\u00f5es.<br>Ainda h\u00e1 problemas \u2014 a China voltou a usar carv\u00e3o nos \u00faltimos anos, construindo rapidamente novas usinas de energia, mesmo quando mais e mais pa\u00edses buscam energia renov\u00e1vel \u2014, mas a melhoria na capital \u00e9 ineg\u00e1vel. Em 2021, Pequim registrou sua melhor qualidade mensal do ar desde o in\u00edcio dos registros em 2013; as fotos agora mostram, principalmente, c\u00e9us azuis na cidade.<br>\u00c9 um sinal encorajador e uma evid\u00eancia de que as pol\u00edticas e os investimentos certos podem ajudar a melhorar a qualidade do ar. Mas, alertam cientistas e especialistas, h\u00e1 mais desafios no horizonte que mesmo cidades com ar normalmente bom, como Nova York, n\u00e3o podem escapar.<br>A mudan\u00e7a clim\u00e1tica causada pelo homem exacerbou as condi\u00e7\u00f5es quentes e secas, que permitem que os inc\u00eandios florestais comecem e cres\u00e7am.<br>Cientistas relataram recentemente que milh\u00f5es de acres queimados por inc\u00eandios florestais no oeste dos EUA e no Canad\u00e1 \u2014 uma \u00e1rea aproximadamente do tamanho da Carolina do Sul \u2014 podem ter sido motivados pela polui\u00e7\u00e3o de carbono das maiores empresas de combust\u00edveis f\u00f3sseis e cimento do mundo.<br>O primeiro-ministro canadense, Justin Trudeau, apontou para \u201cos impactos devastadores das mudan\u00e7as clim\u00e1ticas\u201d em um comunicado na quarta-feira, ap\u00f3s falar com o presidente dos Estados Unidos, Joe Biden, sobre como apagar os inc\u00eandios em Quebec.<br>A imagem do pr\u00e9dio das Na\u00e7\u00f5es Unidas em Nova York, quase invis\u00edvel atrav\u00e9s da fuma\u00e7a laranja, \u201c\u00e9 a imagem perfeita de como os l\u00edderes mundiais falharam em deter a crise clim\u00e1tica\u201d, escreveu o cientista e defensor do clima Lucky Tran na quarta-feira no Twitter.<br>Em outro post, ele disse que \u201choje, os nova-iorquinos e os habitantes da costa leste est\u00e3o experimentando esse impacto em primeira m\u00e3o.\u201d<br><br><\/figcaption><\/figure>\n\n\n\n<figure class=\"wp-block-video\"><video height=\"960\" style=\"aspect-ratio: 540 \/ 960;\" width=\"540\" controls src=\"https:\/\/noticiasnoface.com.br\/wp-content\/uploads\/2023\/06\/482feba6-694b-4a8c-ad4a-a68ab9ee70c3.mp4\"><\/video><figcaption class=\"wp-element-caption\">Fuma\u00e7a provocada por inc\u00eandios no Canad\u00e1 sufoca Nova York<\/figcaption><\/figure>\n","protected":false},"excerpt":{"rendered":"","protected":false},"author":1,"featured_media":0,"comment_status":"open","ping_status":"open","sticky":false,"template":"","format":"standard","meta":{"site-sidebar-layout":"default","site-content-layout":"","ast-site-content-layout":"default","site-content-style":"default","site-sidebar-style":"default","ast-global-header-display":"","ast-banner-title-visibility":"","ast-main-header-display":"","ast-hfb-above-header-display":"","ast-hfb-below-header-display":"","ast-hfb-mobile-header-display":"","site-post-title":"","ast-breadcrumbs-content":"","ast-featured-img":"","footer-sml-layout":"","ast-disable-related-posts":"","theme-transparent-header-meta":"","adv-header-id-meta":"","stick-header-meta":"","header-above-stick-meta":"","header-main-stick-meta":"","header-below-stick-meta":"","astra-migrate-meta-layouts":"default","ast-page-background-enabled":"default","ast-page-background-meta":{"desktop":{"background-color":"var(--ast-global-color-4)","background-image":"","background-repeat":"repeat","background-position":"center center","background-size":"auto","background-attachment":"scroll","background-type":"","background-media":"","overlay-type":"","overlay-color":"","overlay-opacity":"","overlay-gradient":""},"tablet":{"background-color":"","background-image":"","background-repeat":"repeat","background-position":"center center","background-size":"auto","background-attachment":"scroll","background-type":"","background-media":"","overlay-type":"","overlay-color":"","overlay-opacity":"","overlay-gradient":""},"mobile":{"background-color":"","background-image":"","background-repeat":"repeat","background-position":"center center","background-size":"auto","background-attachment":"scroll","background-type":"","background-media":"","overlay-type":"","overlay-color":"","overlay-opacity":"","overlay-gradient":""}},"ast-content-background-meta":{"desktop":{"background-color":"var(--ast-global-color-5)","background-image":"","background-repeat":"repeat","background-position":"center center","background-size":"auto","background-attachment":"scroll","background-type":"","background-media":"","overlay-type":"","overlay-color":"","overlay-opacity":"","overlay-gradient":""},"tablet":{"background-color":"var(--ast-global-color-5)","background-image":"","background-repeat":"repeat","background-position":"center center","background-size":"auto","background-attachment":"scroll","background-type":"","background-media":"","overlay-type":"","overlay-color":"","overlay-opacity":"","overlay-gradient":""},"mobile":{"background-color":"var(--ast-global-color-5)","background-image":"","background-repeat":"repeat","background-position":"center center","background-size":"auto","background-attachment":"scroll","background-type":"","background-media":"","overlay-type":"","overlay-color":"","overlay-opacity":"","overlay-gradient":""}},"footnotes":""},"categories":[517],"tags":[2665,3014,791,50,22,199,541],"class_list":["post-16807","post","type-post","status-publish","format-standard","hentry","category-aconteceu","tag-canada","tag-fumaca","tag-incendio","tag-noticias-do-face","tag-noticias-no-face","tag-noticiasnoface","tag-nova-york"],"_links":{"self":[{"href":"https:\/\/noticiasnoface.com.br\/index.php\/wp-json\/wp\/v2\/posts\/16807","targetHints":{"allow":["GET"]}}],"collection":[{"href":"https:\/\/noticiasnoface.com.br\/index.php\/wp-json\/wp\/v2\/posts"}],"about":[{"href":"https:\/\/noticiasnoface.com.br\/index.php\/wp-json\/wp\/v2\/types\/post"}],"author":[{"embeddable":true,"href":"https:\/\/noticiasnoface.com.br\/index.php\/wp-json\/wp\/v2\/users\/1"}],"replies":[{"embeddable":true,"href":"https:\/\/noticiasnoface.com.br\/index.php\/wp-json\/wp\/v2\/comments?post=16807"}],"version-history":[{"count":1,"href":"https:\/\/noticiasnoface.com.br\/index.php\/wp-json\/wp\/v2\/posts\/16807\/revisions"}],"predecessor-version":[{"id":16808,"href":"https:\/\/noticiasnoface.com.br\/index.php\/wp-json\/wp\/v2\/posts\/16807\/revisions\/16808"}],"wp:attachment":[{"href":"https:\/\/noticiasnoface.com.br\/index.php\/wp-json\/wp\/v2\/media?parent=16807"}],"wp:term":[{"taxonomy":"category","embeddable":true,"href":"https:\/\/noticiasnoface.com.br\/index.php\/wp-json\/wp\/v2\/categories?post=16807"},{"taxonomy":"post_tag","embeddable":true,"href":"https:\/\/noticiasnoface.com.br\/index.php\/wp-json\/wp\/v2\/tags?post=16807"}],"curies":[{"name":"wp","href":"https:\/\/api.w.org\/{rel}","templated":true}]}}