{"id":16810,"date":"2023-06-08T21:58:53","date_gmt":"2023-06-09T00:58:53","guid":{"rendered":"https:\/\/noticiasnoface.com.br\/?p=16810"},"modified":"2023-06-08T21:58:54","modified_gmt":"2023-06-09T00:58:54","slug":"deputado-sargento-goncalves-apresenta-pl-para-avanco-de-sinal-vermelho-na-madrugada","status":"publish","type":"post","link":"https:\/\/noticiasnoface.com.br\/index.php\/2023\/06\/08\/deputado-sargento-goncalves-apresenta-pl-para-avanco-de-sinal-vermelho-na-madrugada\/","title":{"rendered":"Deputado Sargento Goncalves apresenta PL para avan\u00e7o de sinal vermelho na Madrugada"},"content":{"rendered":"\n<figure class=\"wp-block-image size-large\"><img data-opt-id=883531598  fetchpriority=\"high\" decoding=\"async\" width=\"1024\" height=\"1024\" src=\"https:\/\/mlbfrsat7ahr.i.optimole.com\/w:1024\/h:1024\/q:mauto\/ig:avif\/https:\/\/noticiasnoface.com.br\/wp-content\/uploads\/2023\/06\/photo-output-13.jpg\" class=\"wp-image-16809\" srcset=\"https:\/\/mlbfrsat7ahr.i.optimole.com\/w:1024\/h:1024\/q:mauto\/ig:avif\/https:\/\/noticiasnoface.com.br\/wp-content\/uploads\/2023\/06\/photo-output-13.jpg 1024w, https:\/\/mlbfrsat7ahr.i.optimole.com\/w:300\/h:300\/q:mauto\/ig:avif\/https:\/\/noticiasnoface.com.br\/wp-content\/uploads\/2023\/06\/photo-output-13.jpg 300w, https:\/\/mlbfrsat7ahr.i.optimole.com\/w:150\/h:150\/q:mauto\/ig:avif\/https:\/\/noticiasnoface.com.br\/wp-content\/uploads\/2023\/06\/photo-output-13.jpg 150w, https:\/\/mlbfrsat7ahr.i.optimole.com\/w:768\/h:768\/q:mauto\/ig:avif\/https:\/\/noticiasnoface.com.br\/wp-content\/uploads\/2023\/06\/photo-output-13.jpg 768w, https:\/\/mlbfrsat7ahr.i.optimole.com\/w:1080\/h:1080\/q:mauto\/ig:avif\/https:\/\/noticiasnoface.com.br\/wp-content\/uploads\/2023\/06\/photo-output-13.jpg 1536w, https:\/\/mlbfrsat7ahr.i.optimole.com\/w:600\/h:600\/q:mauto\/ig:avif\/https:\/\/noticiasnoface.com.br\/wp-content\/uploads\/2023\/06\/photo-output-13.jpg 600w, https:\/\/mlbfrsat7ahr.i.optimole.com\/w:1080\/h:1080\/q:mauto\/ig:avif\/https:\/\/noticiasnoface.com.br\/wp-content\/uploads\/2023\/06\/photo-output-13.jpg 2048w\" sizes=\"(max-width: 1000px) 100vw, 1000px\" \/><figcaption class=\"wp-element-caption\">O<strong> <a href=\"http:\/\/www.meionorte.com\/tudo-sobre\/noticias\/deputadopl\" target=\"_blank\" rel=\"noopener\">deputado federal Sargento Gon\u00e7alves, do Partido Liberal (PL-RN)<\/a><\/strong>, apresentou nesta segunda-feira, 5 de junho, um <strong>projeto de lei que visa alterar o C\u00f3digo de Tr\u00e2nsito Brasileiro (CTB) <\/strong>para permitir que os condutores<a href=\"http:\/\/www.meionorte.com\/tudo-sobre\/noticias\/transito\" target=\"_blank\" rel=\"noopener\"> <strong>avancem o sinal vermelho durante a madrugada, entre as 23h e 5h<\/strong><\/a>, desde que respeitem o limite de velocidade de 30 km\/h.<br>A proposta do deputado consiste em inserir o artigo 44-B e seu par\u00e1grafo \u00fanico no CTB, al\u00e9m de incluir <strong>uma exce\u00e7\u00e3o no artigo 208, a fim de regulamentar essa possibilidade<\/strong>. De acordo com a justificativa do parlamentar, o projeto tem como objetivo garantir a seguran\u00e7a dos cidad\u00e3os, oferecendo-lhes uma<strong> alternativa diante do aumento de roubos, assaltos e furtos de ve\u00edculos<\/strong> nos sem\u00e1foros durante a madrugada.<br><img data-opt-id=1766278240  fetchpriority=\"high\" decoding=\"async\" src=\"https:\/\/www.meionorte.com\/uploads\/imagens\/2023\/6\/5\/transito-deputado-do-pl-propoe-lei-para-permitir-avanco-do-sinal-vermelho-021912f9-2563-4842-9efd-0382aaa18eea.jpg\" alt=\"Sargento Gon\u00e7alves \u00e9 deputado federal pelo RN (Foto: Reprodu\u00e7\u00e3o\/Facebook)\" class=\"i-amphtml-fill-content i-amphtml-replaced-content\"><br>Na justificativa apresentada, o deputado ressalta a<strong> necessidade de atualizar as legisla\u00e7\u00f5es obsoletas e destaca a responsabilidade do poder p\u00fablico em agir para proteger os cidad\u00e3os<\/strong>. Segundo ele, a proposta busca trazer uma solu\u00e7\u00e3o para um problema crescente no pa\u00eds, <strong>permitindo que os condutores avancem o sinal vermelho sem cometer uma infra\u00e7\u00e3o de tr\u00e2nsito<\/strong>, desde que respeitem o limite de velocidade e estejam em sentido permitido.<br>A expectativa \u00e9 de que a proposta seja analisada e aperfei\u00e7oada pelos demais deputados, visando sua aprova\u00e7\u00e3o e implementa\u00e7\u00e3o como lei. <br>&#8220;Na certeza dos benef\u00edcios a que essa proposta se destina, esperamos contar com os nobres deputados para aprova\u00e7\u00e3o e aperfei\u00e7oamento do projeto de lei que ora sujeitamos a aprecia\u00e7\u00e3o da casa&#8221;, sinalizou o deputado em sua justificativa. <br>O projeto de lei foi apresentado na C\u00e2mara dos Deputados e <strong><a href=\"http:\/\/www.meionorte.com\/\" target=\"_blank\" rel=\"noopener\">aguarda tramita\u00e7\u00e3o na Comiss\u00f5es T\u00e9cnicas e caso receba o avl, seguir\u00e1 para vota\u00e7\u00e3o dos parlamentares<\/a><\/strong>.<br><\/figcaption><\/figure>\n","protected":false},"excerpt":{"rendered":"","protected":false},"author":1,"featured_media":0,"comment_status":"open","ping_status":"open","sticky":false,"template":"","format":"standard","meta":{"site-sidebar-layout":"default","site-content-layout":"","ast-site-content-layout":"default","site-content-style":"default","site-sidebar-style":"default","ast-global-header-display":"","ast-banner-title-visibility":"","ast-main-header-display":"","ast-hfb-above-header-display":"","ast-hfb-below-header-display":"","ast-hfb-mobile-header-display":"","site-post-title":"","ast-breadcrumbs-content":"","ast-featured-img":"","footer-sml-layout":"","ast-disable-related-posts":"","theme-transparent-header-meta":"","adv-header-id-meta":"","stick-header-meta":"","header-above-stick-meta":"","header-main-stick-meta":"","header-below-stick-meta":"","astra-migrate-meta-layouts":"default","ast-page-background-enabled":"default","ast-page-background-meta":{"desktop":{"background-color":"var(--ast-global-color-4)","background-image":"","background-repeat":"repeat","background-position":"center center","background-size":"auto","background-attachment":"scroll","background-type":"","background-media":"","overlay-type":"","overlay-color":"","overlay-opacity":"","overlay-gradient":""},"tablet":{"background-color":"","background-image":"","background-repeat":"repeat","background-position":"center center","background-size":"auto","background-attachment":"scroll","background-type":"","background-media":"","overlay-type":"","overlay-color":"","overlay-opacity":"","overlay-gradient":""},"mobile":{"background-color":"","background-image":"","background-repeat":"repeat","background-position":"center center","background-size":"auto","background-attachment":"scroll","background-type":"","background-media":"","overlay-type":"","overlay-color":"","overlay-opacity":"","overlay-gradient":""}},"ast-content-background-meta":{"desktop":{"background-color":"var(--ast-global-color-5)","background-image":"","background-repeat":"repeat","background-position":"center center","background-size":"auto","background-attachment":"scroll","background-type":"","background-media":"","overlay-type":"","overlay-color":"","overlay-opacity":"","overlay-gradient":""},"tablet":{"background-color":"var(--ast-global-color-5)","background-image":"","background-repeat":"repeat","background-position":"center center","background-size":"auto","background-attachment":"scroll","background-type":"","background-media":"","overlay-type":"","overlay-color":"","overlay-opacity":"","overlay-gradient":""},"mobile":{"background-color":"var(--ast-global-color-5)","background-image":"","background-repeat":"repeat","background-position":"center center","background-size":"auto","background-attachment":"scroll","background-type":"","background-media":"","overlay-type":"","overlay-color":"","overlay-opacity":"","overlay-gradient":""}},"footnotes":""},"categories":[408],"tags":[2890,2229,22,199,3015],"class_list":["post-16810","post","type-post","status-publish","format-standard","hentry","category-congresso-nacional","tag-deputado-sargento-goncalves","tag-noticas-do-face","tag-noticias-no-face","tag-noticiasnoface","tag-sinal-vermelho"],"_links":{"self":[{"href":"https:\/\/noticiasnoface.com.br\/index.php\/wp-json\/wp\/v2\/posts\/16810","targetHints":{"allow":["GET"]}}],"collection":[{"href":"https:\/\/noticiasnoface.com.br\/index.php\/wp-json\/wp\/v2\/posts"}],"about":[{"href":"https:\/\/noticiasnoface.com.br\/index.php\/wp-json\/wp\/v2\/types\/post"}],"author":[{"embeddable":true,"href":"https:\/\/noticiasnoface.com.br\/index.php\/wp-json\/wp\/v2\/users\/1"}],"replies":[{"embeddable":true,"href":"https:\/\/noticiasnoface.com.br\/index.php\/wp-json\/wp\/v2\/comments?post=16810"}],"version-history":[{"count":1,"href":"https:\/\/noticiasnoface.com.br\/index.php\/wp-json\/wp\/v2\/posts\/16810\/revisions"}],"predecessor-version":[{"id":16811,"href":"https:\/\/noticiasnoface.com.br\/index.php\/wp-json\/wp\/v2\/posts\/16810\/revisions\/16811"}],"wp:attachment":[{"href":"https:\/\/noticiasnoface.com.br\/index.php\/wp-json\/wp\/v2\/media?parent=16810"}],"wp:term":[{"taxonomy":"category","embeddable":true,"href":"https:\/\/noticiasnoface.com.br\/index.php\/wp-json\/wp\/v2\/categories?post=16810"},{"taxonomy":"post_tag","embeddable":true,"href":"https:\/\/noticiasnoface.com.br\/index.php\/wp-json\/wp\/v2\/tags?post=16810"}],"curies":[{"name":"wp","href":"https:\/\/api.w.org\/{rel}","templated":true}]}}