{"id":16823,"date":"2023-06-09T11:02:33","date_gmt":"2023-06-09T14:02:33","guid":{"rendered":"https:\/\/noticiasnoface.com.br\/?p=16823"},"modified":"2023-06-09T11:04:15","modified_gmt":"2023-06-09T14:04:15","slug":"absurdo-comida-servida-aos-pm-em-mossoro-nem-cachorro-come","status":"publish","type":"post","link":"https:\/\/noticiasnoface.com.br\/index.php\/2023\/06\/09\/absurdo-comida-servida-aos-pm-em-mossoro-nem-cachorro-come\/","title":{"rendered":"ABSURDO: Comida servida aos PMS em Mossor\u00f3, nem cachorro come"},"content":{"rendered":"\n<figure class=\"wp-block-image size-large\"><img data-opt-id=1170069845  fetchpriority=\"high\" decoding=\"async\" width=\"765\" height=\"1024\" src=\"https:\/\/mlbfrsat7ahr.i.optimole.com\/w:765\/h:1024\/q:mauto\/ig:avif\/https:\/\/noticiasnoface.com.br\/wp-content\/uploads\/2023\/06\/img_5742.jpg\" alt=\"\" class=\"wp-image-16822\" srcset=\"https:\/\/mlbfrsat7ahr.i.optimole.com\/w:765\/h:1024\/q:mauto\/ig:avif\/https:\/\/noticiasnoface.com.br\/wp-content\/uploads\/2023\/06\/img_5742.jpg 765w, https:\/\/mlbfrsat7ahr.i.optimole.com\/w:224\/h:300\/q:mauto\/ig:avif\/https:\/\/noticiasnoface.com.br\/wp-content\/uploads\/2023\/06\/img_5742.jpg 224w, https:\/\/mlbfrsat7ahr.i.optimole.com\/w:768\/h:1027\/q:mauto\/ig:avif\/https:\/\/noticiasnoface.com.br\/wp-content\/uploads\/2023\/06\/img_5742.jpg 768w, https:\/\/mlbfrsat7ahr.i.optimole.com\/w:807\/h:1080\/q:mauto\/ig:avif\/https:\/\/noticiasnoface.com.br\/wp-content\/uploads\/2023\/06\/img_5742.jpg 823w\" sizes=\"(max-width: 765px) 100vw, 765px\" \/><figcaption class=\"wp-element-caption\">Absurdo. Comida servida aos PMS em Mossor\u00f3 pelo governo do estado nem os cachorros comem. &#8220;Nem cachorro come&#8221; PMs est\u00e3o revoltados com a p\u00e9ssima qualidade da alimenta\u00e7\u00e3o servida no Evento &#8220;Mossor\u00f3 Cidade Junina 2023&#8221;. Como se j\u00e1 n\u00e3o bastasse alojamentos improvisados e condi\u00e7\u00f5es medonhas para se conseguir tomar um m\u00edsero banho, os policiais que vieram de Natal n\u00e3o est\u00e3o comendo nem p\u00e3o que o diabo amassou&#8230; Muitos j\u00e1 falaram at\u00e9 em bater o p\u00e9 e s\u00f3 tirar o servi\u00e7o da noite se aparecer um jantar com o m\u00ednimo de qualidade, o que n\u00e3o ocorreu nos \u00faltimos dois dias. Tudo isso poderia ter sido evitado caso fosse pago o aux\u00edlio alimenta\u00e7\u00e3o. Nas \u00faltimas miss\u00f5es, houve o pagamento desse aux\u00edlio que d\u00e1 autonomia aos militares para se alimentar onde bem quiser. Com a justificativa de servir a comida aos militares desse evento, n\u00e3o depositaram os valores para esse custeio, o que vem causando toda essa revolta em toda tropa. Nossos policiais n\u00e3o precisam passar por essa humilha\u00e7\u00e3o, um verdadeiro absurdo! A qualidade da alimenta\u00e7\u00e3o foi enviada para o NNF que comprova que nem cachorro come.<\/figcaption><\/figure>\n\n\n\n<p><\/p>\n","protected":false},"excerpt":{"rendered":"","protected":false},"author":1,"featured_media":0,"comment_status":"open","ping_status":"open","sticky":false,"template":"","format":"standard","meta":{"site-sidebar-layout":"default","site-content-layout":"","ast-site-content-layout":"default","site-content-style":"default","site-sidebar-style":"default","ast-global-header-display":"","ast-banner-title-visibility":"","ast-main-header-display":"","ast-hfb-above-header-display":"","ast-hfb-below-header-display":"","ast-hfb-mobile-header-display":"","site-post-title":"","ast-breadcrumbs-content":"","ast-featured-img":"","footer-sml-layout":"","ast-disable-related-posts":"","theme-transparent-header-meta":"","adv-header-id-meta":"","stick-header-meta":"","header-above-stick-meta":"","header-main-stick-meta":"","header-below-stick-meta":"","astra-migrate-meta-layouts":"default","ast-page-background-enabled":"default","ast-page-background-meta":{"desktop":{"background-color":"var(--ast-global-color-4)","background-image":"","background-repeat":"repeat","background-position":"center center","background-size":"auto","background-attachment":"scroll","background-type":"","background-media":"","overlay-type":"","overlay-color":"","overlay-opacity":"","overlay-gradient":""},"tablet":{"background-color":"","background-image":"","background-repeat":"repeat","background-position":"center center","background-size":"auto","background-attachment":"scroll","background-type":"","background-media":"","overlay-type":"","overlay-color":"","overlay-opacity":"","overlay-gradient":""},"mobile":{"background-color":"","background-image":"","background-repeat":"repeat","background-position":"center center","background-size":"auto","background-attachment":"scroll","background-type":"","background-media":"","overlay-type":"","overlay-color":"","overlay-opacity":"","overlay-gradient":""}},"ast-content-background-meta":{"desktop":{"background-color":"var(--ast-global-color-5)","background-image":"","background-repeat":"repeat","background-position":"center center","background-size":"auto","background-attachment":"scroll","background-type":"","background-media":"","overlay-type":"","overlay-color":"","overlay-opacity":"","overlay-gradient":""},"tablet":{"background-color":"var(--ast-global-color-5)","background-image":"","background-repeat":"repeat","background-position":"center center","background-size":"auto","background-attachment":"scroll","background-type":"","background-media":"","overlay-type":"","overlay-color":"","overlay-opacity":"","overlay-gradient":""},"mobile":{"background-color":"var(--ast-global-color-5)","background-image":"","background-repeat":"repeat","background-position":"center center","background-size":"auto","background-attachment":"scroll","background-type":"","background-media":"","overlay-type":"","overlay-color":"","overlay-opacity":"","overlay-gradient":""}},"footnotes":""},"categories":[517],"tags":[145,86,3019,2236,50,199,90,659],"class_list":["post-16823","post","type-post","status-publish","format-standard","hentry","category-aconteceu","tag-governadora-do-rn","tag-governo-do-rn","tag-mossoro-cidade-junina","tag-noticas-no-face","tag-noticias-do-face","tag-noticiasnoface","tag-partido-dos-trabalhadores","tag-policia-militar"],"_links":{"self":[{"href":"https:\/\/noticiasnoface.com.br\/index.php\/wp-json\/wp\/v2\/posts\/16823","targetHints":{"allow":["GET"]}}],"collection":[{"href":"https:\/\/noticiasnoface.com.br\/index.php\/wp-json\/wp\/v2\/posts"}],"about":[{"href":"https:\/\/noticiasnoface.com.br\/index.php\/wp-json\/wp\/v2\/types\/post"}],"author":[{"embeddable":true,"href":"https:\/\/noticiasnoface.com.br\/index.php\/wp-json\/wp\/v2\/users\/1"}],"replies":[{"embeddable":true,"href":"https:\/\/noticiasnoface.com.br\/index.php\/wp-json\/wp\/v2\/comments?post=16823"}],"version-history":[{"count":3,"href":"https:\/\/noticiasnoface.com.br\/index.php\/wp-json\/wp\/v2\/posts\/16823\/revisions"}],"predecessor-version":[{"id":16826,"href":"https:\/\/noticiasnoface.com.br\/index.php\/wp-json\/wp\/v2\/posts\/16823\/revisions\/16826"}],"wp:attachment":[{"href":"https:\/\/noticiasnoface.com.br\/index.php\/wp-json\/wp\/v2\/media?parent=16823"}],"wp:term":[{"taxonomy":"category","embeddable":true,"href":"https:\/\/noticiasnoface.com.br\/index.php\/wp-json\/wp\/v2\/categories?post=16823"},{"taxonomy":"post_tag","embeddable":true,"href":"https:\/\/noticiasnoface.com.br\/index.php\/wp-json\/wp\/v2\/tags?post=16823"}],"curies":[{"name":"wp","href":"https:\/\/api.w.org\/{rel}","templated":true}]}}