{"id":16833,"date":"2023-06-09T15:42:51","date_gmt":"2023-06-09T18:42:51","guid":{"rendered":"https:\/\/noticiasnoface.com.br\/?p=16833"},"modified":"2023-06-09T15:42:53","modified_gmt":"2023-06-09T18:42:53","slug":"corpo-de-jovem-desaparecida-a-dez-anos-e-achado-em-parede-veja-video","status":"publish","type":"post","link":"https:\/\/noticiasnoface.com.br\/index.php\/2023\/06\/09\/corpo-de-jovem-desaparecida-a-dez-anos-e-achado-em-parede-veja-video\/","title":{"rendered":"Corpo de jovem desaparecida a dez anos \u00e9 achado em parede, VEJA V\u00cdDEO"},"content":{"rendered":"\n<figure class=\"wp-block-image size-large\"><img data-opt-id=1732268362  fetchpriority=\"high\" decoding=\"async\" width=\"1024\" height=\"681\" src=\"https:\/\/mlbfrsat7ahr.i.optimole.com\/w:1024\/h:681\/q:mauto\/ig:avif\/https:\/\/noticiasnoface.com.br\/wp-content\/uploads\/2023\/06\/photo-output-17.jpg\" class=\"wp-image-16831\" srcset=\"https:\/\/mlbfrsat7ahr.i.optimole.com\/w:1024\/h:681\/q:mauto\/ig:avif\/https:\/\/noticiasnoface.com.br\/wp-content\/uploads\/2023\/06\/photo-output-17.jpg 1024w, https:\/\/mlbfrsat7ahr.i.optimole.com\/w:300\/h:200\/q:mauto\/ig:avif\/https:\/\/noticiasnoface.com.br\/wp-content\/uploads\/2023\/06\/photo-output-17.jpg 300w, https:\/\/mlbfrsat7ahr.i.optimole.com\/w:768\/h:511\/q:mauto\/ig:avif\/https:\/\/noticiasnoface.com.br\/wp-content\/uploads\/2023\/06\/photo-output-17.jpg 768w, https:\/\/mlbfrsat7ahr.i.optimole.com\/w:1536\/h:1022\/q:mauto\/ig:avif\/https:\/\/noticiasnoface.com.br\/wp-content\/uploads\/2023\/06\/photo-output-17.jpg 1536w, https:\/\/mlbfrsat7ahr.i.optimole.com\/w:1623\/h:1080\/q:mauto\/ig:avif\/https:\/\/noticiasnoface.com.br\/wp-content\/uploads\/2023\/06\/photo-output-17.jpg 2048w\" sizes=\"(max-width: 1000px) 100vw, 1000px\" \/><figcaption class=\"wp-element-caption\">V\u00eddeo: corpo de jovem sumida em 2014 \u00e9 achado em parede de apartamento<br>Jovem tinha 22 anos quando desapareceu no sul da Espanha. Ex-namorado confessou o crime, e pol\u00edcia encontrou corpo dentro da parede<br><img data-opt-id=393783661  fetchpriority=\"high\" decoding=\"async\" src=\"https:\/\/www.metropoles.com\/_next\/image?url=https%3A%2F%2Fuploads.metropoles.com%2Fwp-content%2Fuploads%2F2023%2F06%2F09130820%2Fsibora-gagani-corpo-encontrado-espanha.jpeg&#038;w=3840&#038;q=75\" alt=\"sibora gagani corpo encontrado espanha - Metr\u00f3poles\" srcset=\"\/_next\/image?url=https%3A%2F%2Fuploads.metropoles.com%2Fwp-content%2Fuploads%2F2023%2F06%2F09130820%2Fsibora-gagani-corpo-encontrado-espanha.jpeg&#038;w=640&#038;q=75 640w, \/_next\/image?url=https%3A%2F%2Fuploads.metropoles.com%2Fwp-content%2Fuploads%2F2023%2F06%2F09130820%2Fsibora-gagani-corpo-encontrado-espanha.jpeg&#038;w=750&#038;q=75 750w, \/_next\/image?url=https%3A%2F%2Fuploads.metropoles.com%2Fwp-content%2Fuploads%2F2023%2F06%2F09130820%2Fsibora-gagani-corpo-encontrado-espanha.jpeg&#038;w=828&#038;q=75 828w, \/_next\/image?url=https%3A%2F%2Fuploads.metropoles.com%2Fwp-content%2Fuploads%2F2023%2F06%2F09130820%2Fsibora-gagani-corpo-encontrado-espanha.jpeg&#038;w=1080&#038;q=75 1080w, \/_next\/image?url=https%3A%2F%2Fuploads.metropoles.com%2Fwp-content%2Fuploads%2F2023%2F06%2F09130820%2Fsibora-gagani-corpo-encontrado-espanha.jpeg&#038;w=1200&#038;q=75 1200w, \/_next\/image?url=https%3A%2F%2Fuploads.metropoles.com%2Fwp-content%2Fuploads%2F2023%2F06%2F09130820%2Fsibora-gagani-corpo-encontrado-espanha.jpeg&#038;w=1920&#038;q=75 1920w, \/_next\/image?url=https%3A%2F%2Fuploads.metropoles.com%2Fwp-content%2Fuploads%2F2023%2F06%2F09130820%2Fsibora-gagani-corpo-encontrado-espanha.jpeg&#038;w=2048&#038;q=75 2048w, \/_next\/image?url=https%3A%2F%2Fuploads.metropoles.com%2Fwp-content%2Fuploads%2F2023%2F06%2F09130820%2Fsibora-gagani-corpo-encontrado-espanha.jpeg&#038;w=3840&#038;q=75 3840w\"><br>A pol\u00edcia da <a rel=\"noreferrer noopener\" href=\"https:\/\/www.metropoles.com\/tag\/espanha\" target=\"_blank\">Espanha<\/a> encontrou o corpo de uma jovem desaparecida em 2014. Os restos mortais estavam dentro da parede de um apartamento, em Torremolinos, no litoral sul do pa\u00eds.<br>Os atuais moradores do apartamento nunca suspeitaram de que havia um <a rel=\"noreferrer noopener\" href=\"https:\/\/www.metropoles.com\/tag\/ocultacao-de-cadaver\" target=\"_blank\">cad\u00e1ver<\/a> dentro da parede, segundo reportagem do <a rel=\"noreferrer noopener\" href=\"https:\/\/elpais.com\/sociedad\/2023-06-07\/hallado-emparedado-el-cadaver-de-una-joven-desaparecida-en-torremolinos-en-2014.html\" target=\"_blank\">El Pa\u00eds<\/a>.<br>Sibora Gagani desapareceu quando tinha 22 anos. Ela tinha cidadania italiana e origem albanesa. A fam\u00edlia passou todo esse tempo lutando por justi\u00e7a e respostas.<br>No m\u00eas passado, o ex-namorado de Sibora, Marco Gaio Romeo, hoje com 45 anos, admitiu o crime. Romeo confessou o assassinato na delegacia, ap\u00f3s ser preso por outro crime mais recente. Ele matou a atual namorada esfaqueada.<br>Oculta\u00e7\u00e3o de cad\u00e1ver<br>A pol\u00edcia usou um sistema de raio-X para localizar o local exato e uma marreta para quebrar a parede. Antes da descoberta, os investigadores j\u00e1 tinham utilizado pequenas c\u00e2meras, colocadas em furos nas paredes, mas n\u00e3o haviam encontrado nada.<br>Veja o v\u00eddeo:<br><br>O corpo de Sibora ainda vai passar por uma per\u00edcia para identifica\u00e7\u00e3o e para saber a causa da morte. O apartamento em que o corpo dela foi escondido \u00e9 onde ela vivia com o ent\u00e3o namorado.<br>Segundo a pol\u00edcia, os restos mortais estavam em uma caixa de madeira entre duas paredes, que era um espa\u00e7o usado para colocar um guarda-roupa. O corpo foi enrolado em um tecido com cal para dissolver. No local, tamb\u00e9m foi achado um ramo de flores e uma faca com vest\u00edgios de sangue.<\/figcaption><\/figure>\n\n\n\n<figure class=\"wp-block-video\"><video height=\"720\" style=\"aspect-ratio: 1280 \/ 720;\" width=\"1280\" controls src=\"https:\/\/noticiasnoface.com.br\/wp-content\/uploads\/2023\/06\/8adab169-957a-4029-bcf2-c27f40c87d03.mp4\"><\/video><figcaption class=\"wp-element-caption\"><strong>Corpo de jovem desaparecida a dez anos \u00e9 achado em parede, VEJA V\u00cdDEO<\/strong><\/figcaption><\/figure>\n","protected":false},"excerpt":{"rendered":"","protected":false},"author":1,"featured_media":0,"comment_status":"open","ping_status":"open","sticky":false,"template":"","format":"standard","meta":{"site-sidebar-layout":"default","site-content-layout":"","ast-site-content-layout":"default","site-content-style":"default","site-sidebar-style":"default","ast-global-header-display":"","ast-banner-title-visibility":"","ast-main-header-display":"","ast-hfb-above-header-display":"","ast-hfb-below-header-display":"","ast-hfb-mobile-header-display":"","site-post-title":"","ast-breadcrumbs-content":"","ast-featured-img":"","footer-sml-layout":"","ast-disable-related-posts":"","theme-transparent-header-meta":"","adv-header-id-meta":"","stick-header-meta":"","header-above-stick-meta":"","header-main-stick-meta":"","header-below-stick-meta":"","astra-migrate-meta-layouts":"default","ast-page-background-enabled":"default","ast-page-background-meta":{"desktop":{"background-color":"var(--ast-global-color-4)","background-image":"","background-repeat":"repeat","background-position":"center center","background-size":"auto","background-attachment":"scroll","background-type":"","background-media":"","overlay-type":"","overlay-color":"","overlay-opacity":"","overlay-gradient":""},"tablet":{"background-color":"","background-image":"","background-repeat":"repeat","background-position":"center center","background-size":"auto","background-attachment":"scroll","background-type":"","background-media":"","overlay-type":"","overlay-color":"","overlay-opacity":"","overlay-gradient":""},"mobile":{"background-color":"","background-image":"","background-repeat":"repeat","background-position":"center center","background-size":"auto","background-attachment":"scroll","background-type":"","background-media":"","overlay-type":"","overlay-color":"","overlay-opacity":"","overlay-gradient":""}},"ast-content-background-meta":{"desktop":{"background-color":"var(--ast-global-color-5)","background-image":"","background-repeat":"repeat","background-position":"center center","background-size":"auto","background-attachment":"scroll","background-type":"","background-media":"","overlay-type":"","overlay-color":"","overlay-opacity":"","overlay-gradient":""},"tablet":{"background-color":"var(--ast-global-color-5)","background-image":"","background-repeat":"repeat","background-position":"center center","background-size":"auto","background-attachment":"scroll","background-type":"","background-media":"","overlay-type":"","overlay-color":"","overlay-opacity":"","overlay-gradient":""},"mobile":{"background-color":"var(--ast-global-color-5)","background-image":"","background-repeat":"repeat","background-position":"center center","background-size":"auto","background-attachment":"scroll","background-type":"","background-media":"","overlay-type":"","overlay-color":"","overlay-opacity":"","overlay-gradient":""}},"footnotes":""},"categories":[517],"tags":[3023,353,3022,1186,2236,50,199],"class_list":["post-16833","post","type-post","status-publish","format-standard","hentry","category-aconteceu","tag-achado-em-parede","tag-corpo","tag-desaparecida","tag-jovem","tag-noticas-no-face","tag-noticias-do-face","tag-noticiasnoface"],"_links":{"self":[{"href":"https:\/\/noticiasnoface.com.br\/index.php\/wp-json\/wp\/v2\/posts\/16833","targetHints":{"allow":["GET"]}}],"collection":[{"href":"https:\/\/noticiasnoface.com.br\/index.php\/wp-json\/wp\/v2\/posts"}],"about":[{"href":"https:\/\/noticiasnoface.com.br\/index.php\/wp-json\/wp\/v2\/types\/post"}],"author":[{"embeddable":true,"href":"https:\/\/noticiasnoface.com.br\/index.php\/wp-json\/wp\/v2\/users\/1"}],"replies":[{"embeddable":true,"href":"https:\/\/noticiasnoface.com.br\/index.php\/wp-json\/wp\/v2\/comments?post=16833"}],"version-history":[{"count":1,"href":"https:\/\/noticiasnoface.com.br\/index.php\/wp-json\/wp\/v2\/posts\/16833\/revisions"}],"predecessor-version":[{"id":16834,"href":"https:\/\/noticiasnoface.com.br\/index.php\/wp-json\/wp\/v2\/posts\/16833\/revisions\/16834"}],"wp:attachment":[{"href":"https:\/\/noticiasnoface.com.br\/index.php\/wp-json\/wp\/v2\/media?parent=16833"}],"wp:term":[{"taxonomy":"category","embeddable":true,"href":"https:\/\/noticiasnoface.com.br\/index.php\/wp-json\/wp\/v2\/categories?post=16833"},{"taxonomy":"post_tag","embeddable":true,"href":"https:\/\/noticiasnoface.com.br\/index.php\/wp-json\/wp\/v2\/tags?post=16833"}],"curies":[{"name":"wp","href":"https:\/\/api.w.org\/{rel}","templated":true}]}}