{"id":16842,"date":"2023-06-09T23:49:17","date_gmt":"2023-06-10T02:49:17","guid":{"rendered":"https:\/\/noticiasnoface.com.br\/?p=16842"},"modified":"2023-06-09T23:49:17","modified_gmt":"2023-06-10T02:49:17","slug":"aprovado-projeto-que-autoriza-mulheres-lactantes-a-utilizar-vagas-de-gestantes","status":"publish","type":"post","link":"https:\/\/noticiasnoface.com.br\/index.php\/2023\/06\/09\/aprovado-projeto-que-autoriza-mulheres-lactantes-a-utilizar-vagas-de-gestantes\/","title":{"rendered":"Aprovado projeto que autoriza mulheres lactantes a utilizar vagas de gestantes"},"content":{"rendered":"\n<figure class=\"wp-block-image size-large\"><img data-opt-id=485135265  fetchpriority=\"high\" decoding=\"async\" width=\"1024\" height=\"670\" src=\"https:\/\/mlbfrsat7ahr.i.optimole.com\/w:1024\/h:670\/q:mauto\/ig:avif\/https:\/\/noticiasnoface.com.br\/wp-content\/uploads\/2023\/06\/img_5777.jpg\" class=\"wp-image-16841\" srcset=\"https:\/\/mlbfrsat7ahr.i.optimole.com\/w:1024\/h:670\/q:mauto\/ig:avif\/https:\/\/noticiasnoface.com.br\/wp-content\/uploads\/2023\/06\/img_5777.jpg 1024w, https:\/\/mlbfrsat7ahr.i.optimole.com\/w:300\/h:196\/q:mauto\/ig:avif\/https:\/\/noticiasnoface.com.br\/wp-content\/uploads\/2023\/06\/img_5777.jpg 300w, https:\/\/mlbfrsat7ahr.i.optimole.com\/w:768\/h:503\/q:mauto\/ig:avif\/https:\/\/noticiasnoface.com.br\/wp-content\/uploads\/2023\/06\/img_5777.jpg 768w, https:\/\/mlbfrsat7ahr.i.optimole.com\/w:1536\/h:1005\/q:mauto\/ig:avif\/https:\/\/noticiasnoface.com.br\/wp-content\/uploads\/2023\/06\/img_5777.jpg 1536w, https:\/\/mlbfrsat7ahr.i.optimole.com\/w:1600\/h:1047\/q:mauto\/ig:avif\/https:\/\/noticiasnoface.com.br\/wp-content\/uploads\/2023\/06\/img_5777.jpg 1600w\" sizes=\"(max-width: 1000px) 100vw, 1000px\" \/><figcaption class=\"wp-element-caption\">A Comiss\u00e3o de Direitos Humanos, Prote\u00e7\u00e3o das Mulheres, Idosos, Trabalho e Igualdade da C\u00e2mara Municipal de Natal se reuniu na manh\u00e3 desta quarta-feira (7) para analisar 7 projetos de lei. Das mat\u00e9rias analisadas, foi aprovado o PL 378\/2022 que autoriza o estacionamento de ve\u00edculo ocupado por lactante nas vagas destinadas \u00e0s gestantes nos estacionamentos p\u00fablicos e privados. <br>&#8220;\u00c9 um projeto muito importante porque continua sendo uma condi\u00e7\u00e3o da mulher, que nesse caso, a gente est\u00e1 defendendo os interesses e os direitos delas e tamb\u00e9m das crian\u00e7as. Esse per\u00edodo, principalmente os seis primeiros meses, \u00e9 fundamental para o desenvolvimento da crian\u00e7a. Na verdade, a prescri\u00e7\u00e3o m\u00e9dica \u00e9 que seja de 2 anos a amamenta\u00e7\u00e3o. E no primeiro semestre, ela \u00e9 exclusiva para o bom desenvolvimento das crian\u00e7as. Ent\u00e3o, precisamos criar condi\u00e7\u00f5es e seguran\u00e7a nesses espa\u00e7os,&#8221; destacou o vereador Daniel Valen\u00e7a (PT).<br>Outro projeto que tamb\u00e9m foi aprovado foi o PL 110\/2020 que trata sobre a concess\u00e3o de aux\u00edlio-aluguel \u00e0s mulheres v\u00edtimas de viol\u00eancia dom\u00e9stica. &#8220;A lei j\u00e1 existe oferecendo o aluguel social para casos determinados. E aqui, estamos incluindo que a mulher v\u00edtima de viol\u00eancia dom\u00e9stica possa tamb\u00e9m ter esse direito. Para poder ter uma casa, ter o seu o local e ficar longe da viol\u00eancia. Para que elas possam se resguardar,&#8221; falou a vereadora Ana Paula Ara\u00fajo (Solidariedade), autora do projeto.<br>Tamb\u00e9m de autoria da vereadora Ana Paula, foi aprovado o PL 200\/2020  que pro\u00edbe no \u00e2mbito do Munic\u00edpio de Natal, o uso de elevadores e restringe, nos termos em que especifica, a livre circula\u00e7\u00e3o em \u00e1reas comuns, de crian\u00e7as desacompanhadas de pessoas maiores de 18 anos. O projeto \u00e9 similar a um aprovado em Recife com base no Caso Miguel, o garoto de 5 anos que caiu do 9\u00ba ap\u00f3s ser deixado aos cuidados da patroa da m\u00e3e. <br>A vereadora Brisa Bracchi (PT) e o vereador Bispo Francisco de Assis (Republicanos) tamb\u00e9m estiveram presentes na reuni\u00e3o.<br>Texto: Phablo Galv\u00e3o<br>Foto: Francisco de Assis<\/figcaption><\/figure>\n","protected":false},"excerpt":{"rendered":"","protected":false},"author":1,"featured_media":0,"comment_status":"open","ping_status":"open","sticky":false,"template":"","format":"standard","meta":{"site-sidebar-layout":"default","site-content-layout":"","ast-site-content-layout":"default","site-content-style":"default","site-sidebar-style":"default","ast-global-header-display":"","ast-banner-title-visibility":"","ast-main-header-display":"","ast-hfb-above-header-display":"","ast-hfb-below-header-display":"","ast-hfb-mobile-header-display":"","site-post-title":"","ast-breadcrumbs-content":"","ast-featured-img":"","footer-sml-layout":"","ast-disable-related-posts":"","theme-transparent-header-meta":"","adv-header-id-meta":"","stick-header-meta":"","header-above-stick-meta":"","header-main-stick-meta":"","header-below-stick-meta":"","astra-migrate-meta-layouts":"default","ast-page-background-enabled":"default","ast-page-background-meta":{"desktop":{"background-color":"var(--ast-global-color-4)","background-image":"","background-repeat":"repeat","background-position":"center center","background-size":"auto","background-attachment":"scroll","background-type":"","background-media":"","overlay-type":"","overlay-color":"","overlay-opacity":"","overlay-gradient":""},"tablet":{"background-color":"","background-image":"","background-repeat":"repeat","background-position":"center center","background-size":"auto","background-attachment":"scroll","background-type":"","background-media":"","overlay-type":"","overlay-color":"","overlay-opacity":"","overlay-gradient":""},"mobile":{"background-color":"","background-image":"","background-repeat":"repeat","background-position":"center center","background-size":"auto","background-attachment":"scroll","background-type":"","background-media":"","overlay-type":"","overlay-color":"","overlay-opacity":"","overlay-gradient":""}},"ast-content-background-meta":{"desktop":{"background-color":"var(--ast-global-color-5)","background-image":"","background-repeat":"repeat","background-position":"center center","background-size":"auto","background-attachment":"scroll","background-type":"","background-media":"","overlay-type":"","overlay-color":"","overlay-opacity":"","overlay-gradient":""},"tablet":{"background-color":"var(--ast-global-color-5)","background-image":"","background-repeat":"repeat","background-position":"center center","background-size":"auto","background-attachment":"scroll","background-type":"","background-media":"","overlay-type":"","overlay-color":"","overlay-opacity":"","overlay-gradient":""},"mobile":{"background-color":"var(--ast-global-color-5)","background-image":"","background-repeat":"repeat","background-position":"center center","background-size":"auto","background-attachment":"scroll","background-type":"","background-media":"","overlay-type":"","overlay-color":"","overlay-opacity":"","overlay-gradient":""}},"footnotes":""},"categories":[517],"tags":[],"class_list":["post-16842","post","type-post","status-publish","format-standard","hentry","category-aconteceu"],"_links":{"self":[{"href":"https:\/\/noticiasnoface.com.br\/index.php\/wp-json\/wp\/v2\/posts\/16842","targetHints":{"allow":["GET"]}}],"collection":[{"href":"https:\/\/noticiasnoface.com.br\/index.php\/wp-json\/wp\/v2\/posts"}],"about":[{"href":"https:\/\/noticiasnoface.com.br\/index.php\/wp-json\/wp\/v2\/types\/post"}],"author":[{"embeddable":true,"href":"https:\/\/noticiasnoface.com.br\/index.php\/wp-json\/wp\/v2\/users\/1"}],"replies":[{"embeddable":true,"href":"https:\/\/noticiasnoface.com.br\/index.php\/wp-json\/wp\/v2\/comments?post=16842"}],"version-history":[{"count":1,"href":"https:\/\/noticiasnoface.com.br\/index.php\/wp-json\/wp\/v2\/posts\/16842\/revisions"}],"predecessor-version":[{"id":16843,"href":"https:\/\/noticiasnoface.com.br\/index.php\/wp-json\/wp\/v2\/posts\/16842\/revisions\/16843"}],"wp:attachment":[{"href":"https:\/\/noticiasnoface.com.br\/index.php\/wp-json\/wp\/v2\/media?parent=16842"}],"wp:term":[{"taxonomy":"category","embeddable":true,"href":"https:\/\/noticiasnoface.com.br\/index.php\/wp-json\/wp\/v2\/categories?post=16842"},{"taxonomy":"post_tag","embeddable":true,"href":"https:\/\/noticiasnoface.com.br\/index.php\/wp-json\/wp\/v2\/tags?post=16842"}],"curies":[{"name":"wp","href":"https:\/\/api.w.org\/{rel}","templated":true}]}}