{"id":16873,"date":"2023-06-12T07:40:28","date_gmt":"2023-06-12T10:40:28","guid":{"rendered":"https:\/\/noticiasnoface.com.br\/?p=16873"},"modified":"2023-06-12T07:40:29","modified_gmt":"2023-06-12T10:40:29","slug":"veja-os-ultimos-momentos-da-ancora-da-globo-que-morreu-apos-gravar-stories-veja-video","status":"publish","type":"post","link":"https:\/\/noticiasnoface.com.br\/index.php\/2023\/06\/12\/veja-os-ultimos-momentos-da-ancora-da-globo-que-morreu-apos-gravar-stories-veja-video\/","title":{"rendered":"Veja os \u00faltimos momentos da \u00e2ncora da  Globo que morreu  ap\u00f3s gravar stories, VEJA V\u00cdDEO"},"content":{"rendered":"\n<div class=\"wp-block-group is-layout-constrained wp-block-group-is-layout-constrained\">\n<figure class=\"wp-block-image size-large\"><img data-opt-id=81702438  fetchpriority=\"high\" decoding=\"async\" width=\"1024\" height=\"684\" src=\"https:\/\/mlbfrsat7ahr.i.optimole.com\/w:1024\/h:684\/q:mauto\/ig:avif\/https:\/\/noticiasnoface.com.br\/wp-content\/uploads\/2023\/06\/photo-output-25.jpg\" class=\"wp-image-16871\" srcset=\"https:\/\/mlbfrsat7ahr.i.optimole.com\/w:1024\/h:684\/q:mauto\/ig:avif\/https:\/\/noticiasnoface.com.br\/wp-content\/uploads\/2023\/06\/photo-output-25.jpg 1024w, https:\/\/mlbfrsat7ahr.i.optimole.com\/w:300\/h:200\/q:mauto\/ig:avif\/https:\/\/noticiasnoface.com.br\/wp-content\/uploads\/2023\/06\/photo-output-25.jpg 300w, https:\/\/mlbfrsat7ahr.i.optimole.com\/w:768\/h:513\/q:mauto\/ig:avif\/https:\/\/noticiasnoface.com.br\/wp-content\/uploads\/2023\/06\/photo-output-25.jpg 768w, https:\/\/mlbfrsat7ahr.i.optimole.com\/w:1536\/h:1025\/q:mauto\/ig:avif\/https:\/\/noticiasnoface.com.br\/wp-content\/uploads\/2023\/06\/photo-output-25.jpg 1536w, https:\/\/mlbfrsat7ahr.i.optimole.com\/w:1618\/h:1080\/q:mauto\/ig:avif\/https:\/\/noticiasnoface.com.br\/wp-content\/uploads\/2023\/06\/photo-output-25.jpg 2048w\" sizes=\"(max-width: 1000px) 100vw, 1000px\" \/><figcaption class=\"wp-element-caption\">V\u00eddeo mostra ex-apresentadora da Globo e amigas antes de batida fatal<br>Imagens gravadas antes do acidente mostram a jornalista Leilane Macedo e as amigas Hosana Santos Andrade e Luana Carvalho cantando no carro<br><strong><a class=\"byline\" href=\"https:\/\/www.metropoles.com\/author\/rebeca-borges?amp\" target=\"_blank\" rel=\"noopener\">Rebeca Borges <\/a><\/strong><br><img data-opt-id=1598602706  fetchpriority=\"high\" decoding=\"async\" src=\"https:\/\/uploads.metropoles.com\/wp-content\/uploads\/2023\/06\/11094303\/motoclube-acidente-compressed-1024x683.jpg\" alt=\"\" srcset=\"https:\/\/uploads.metropoles.com\/wp-content\/uploads\/2023\/06\/11094303\/motoclube-acidente-compressed-1024x683.jpg 1024w, https:\/\/uploads.metropoles.com\/wp-content\/uploads\/2023\/06\/11094303\/motoclube-acidente-compressed-300x200.jpg 300w, https:\/\/uploads.metropoles.com\/wp-content\/uploads\/2023\/06\/11094303\/motoclube-acidente-compressed.jpg 1200w, https:\/\/uploads.metropoles.com\/wp-content\/uploads\/2023\/06\/11094303\/motoclube-acidente-compressed-960x640.jpg 960w, https:\/\/uploads.metropoles.com\/wp-content\/uploads\/2023\/06\/11094303\/motoclube-acidente-compressed-600x400.jpg 600w, https:\/\/uploads.metropoles.com\/wp-content\/uploads\/2023\/06\/11094303\/motoclube-acidente-compressed-450x300.jpg 450w, https:\/\/uploads.metropoles.com\/wp-content\/uploads\/2023\/06\/11094303\/motoclube-acidente-compressed-120x80.jpg 120w, https:\/\/uploads.metropoles.com\/wp-content\/uploads\/2023\/06\/11094303\/motoclube-acidente-compressed-70x47.jpg 70w, https:\/\/uploads.metropoles.com\/wp-content\/uploads\/2023\/06\/11094303\/motoclube-acidente-compressed-150x100.jpg 150w\" class=\"extendsBeyondTextColumn\"><br>Luana, Leilane e Hosana faziam parte de motoclube feminino <br>Imagens gravadas antes do acidente que matou a <a rel=\"noreferrer noopener\" href=\"https:\/\/www.metropoles.com\/entretenimento\/televisao\/ex-apresentadora-da-rede-globo-morre-em-acidente-de-carro?amp\" target=\"_blank\">jornalista Leilane Lustosa Macedo de Oliveira, ex-apresentadora da TV Anhanguera, afiliada da Globo em Tocantins<\/a>, foram divulgadas nas redes sociais.<br>O v\u00eddeo, gravado na sexta-feira (9\/6), mostra a Leilane e as amigas Hosana Santos Andrade e Luana Carvalho, que tamb\u00e9m morreram, cantando no ve\u00edculo. As v\u00edtimas tinham entre 27 e 37 anos de idade.<br>Segundo as autoridades de seguran\u00e7a, o acidente aconteceu na BR-153, no munic\u00edpio de<a rel=\"noreferrer noopener\" href=\"https:\/\/metropoles.com\/tag\/goias\" target=\"_blank\">S\u00e3o Luiz do Norte, em Goi\u00e1s<\/a>. De acordo com a Pol\u00edcia Rodov\u00e1ria Federal (PRF), o trio saiu do munic\u00edpio de Gurupi, em Tocantins, com destino a Abadi\u00e2nia de Goi\u00e1s. Elas iriam para um evento de motoclube feminino.<br><br>De acordo com a PRF, o acidente ocorreu ap\u00f3s a motorista tentar fazer uma ultrapassagem. O carro em que as v\u00edtimas estavam bateu em outro ve\u00edculo e invadiu a contram\u00e3o, quando foi atingido por um caminh\u00e3o.<br>Hosana e Luana morreram no local do acidente. Leilane chegou a ser socorrida e encaminhada para uma unidade de sa\u00fade em S\u00e3o Lu\u00eds do Norte, onde n\u00e3o resistiu e acabou falecendo.<br><br>Luto<br>O Lokas Motoclube, do qual as amigas faziam parte, divulgou uma nota de pesar pela morte das integrantes.<br>\u201cA pior not\u00edcia que poder\u00edamos ter. \u00c9 com muita tristeza que anunciamos a morte das nossas irm\u00e3s Lua, Hosana e Leilane. Infelizmente aconteceu essa fatalidade\u201d, divulgou o perfil do Lokas nas redes sociais.<br>De acordo com o grupo, Luana foi administradora regional do motoclube. \u201cAs demais meninas iriam receber seus coletes no dia de hoje. N\u00e3o temos nem palavras para expressar a tristeza e o choque dessa not\u00edcia.\u201d<\/figcaption><\/figure>\n<\/div>\n\n\n\n<figure class=\"wp-block-video\"><video height=\"1278\" style=\"aspect-ratio: 720 \/ 1278;\" width=\"720\" controls src=\"https:\/\/noticiasnoface.com.br\/wp-content\/uploads\/2023\/06\/34409212-f178-4ce2-9e14-c6c8629af98f.mp4\"><\/video><figcaption class=\"wp-element-caption\">Os \u00faltimos momentos da \u00e2ncora da Globo antes de morrer <\/figcaption><\/figure>\n","protected":false},"excerpt":{"rendered":"","protected":false},"author":1,"featured_media":0,"comment_status":"open","ping_status":"open","sticky":false,"template":"","format":"standard","meta":{"site-sidebar-layout":"default","site-content-layout":"","ast-site-content-layout":"default","site-content-style":"default","site-sidebar-style":"default","ast-global-header-display":"","ast-banner-title-visibility":"","ast-main-header-display":"","ast-hfb-above-header-display":"","ast-hfb-below-header-display":"","ast-hfb-mobile-header-display":"","site-post-title":"","ast-breadcrumbs-content":"","ast-featured-img":"","footer-sml-layout":"","ast-disable-related-posts":"","theme-transparent-header-meta":"","adv-header-id-meta":"","stick-header-meta":"","header-above-stick-meta":"","header-main-stick-meta":"","header-below-stick-meta":"","astra-migrate-meta-layouts":"default","ast-page-background-enabled":"default","ast-page-background-meta":{"desktop":{"background-color":"var(--ast-global-color-4)","background-image":"","background-repeat":"repeat","background-position":"center center","background-size":"auto","background-attachment":"scroll","background-type":"","background-media":"","overlay-type":"","overlay-color":"","overlay-opacity":"","overlay-gradient":""},"tablet":{"background-color":"","background-image":"","background-repeat":"repeat","background-position":"center center","background-size":"auto","background-attachment":"scroll","background-type":"","background-media":"","overlay-type":"","overlay-color":"","overlay-opacity":"","overlay-gradient":""},"mobile":{"background-color":"","background-image":"","background-repeat":"repeat","background-position":"center center","background-size":"auto","background-attachment":"scroll","background-type":"","background-media":"","overlay-type":"","overlay-color":"","overlay-opacity":"","overlay-gradient":""}},"ast-content-background-meta":{"desktop":{"background-color":"var(--ast-global-color-5)","background-image":"","background-repeat":"repeat","background-position":"center center","background-size":"auto","background-attachment":"scroll","background-type":"","background-media":"","overlay-type":"","overlay-color":"","overlay-opacity":"","overlay-gradient":""},"tablet":{"background-color":"var(--ast-global-color-5)","background-image":"","background-repeat":"repeat","background-position":"center center","background-size":"auto","background-attachment":"scroll","background-type":"","background-media":"","overlay-type":"","overlay-color":"","overlay-opacity":"","overlay-gradient":""},"mobile":{"background-color":"var(--ast-global-color-5)","background-image":"","background-repeat":"repeat","background-position":"center center","background-size":"auto","background-attachment":"scroll","background-type":"","background-media":"","overlay-type":"","overlay-color":"","overlay-opacity":"","overlay-gradient":""}},"footnotes":""},"categories":[517],"tags":[481,801,50,22,199,2856],"class_list":["post-16873","post","type-post","status-publish","format-standard","hentry","category-aconteceu","tag-globo","tag-morreu","tag-noticias-do-face","tag-noticias-no-face","tag-noticiasnoface","tag-stories"],"_links":{"self":[{"href":"https:\/\/noticiasnoface.com.br\/index.php\/wp-json\/wp\/v2\/posts\/16873","targetHints":{"allow":["GET"]}}],"collection":[{"href":"https:\/\/noticiasnoface.com.br\/index.php\/wp-json\/wp\/v2\/posts"}],"about":[{"href":"https:\/\/noticiasnoface.com.br\/index.php\/wp-json\/wp\/v2\/types\/post"}],"author":[{"embeddable":true,"href":"https:\/\/noticiasnoface.com.br\/index.php\/wp-json\/wp\/v2\/users\/1"}],"replies":[{"embeddable":true,"href":"https:\/\/noticiasnoface.com.br\/index.php\/wp-json\/wp\/v2\/comments?post=16873"}],"version-history":[{"count":1,"href":"https:\/\/noticiasnoface.com.br\/index.php\/wp-json\/wp\/v2\/posts\/16873\/revisions"}],"predecessor-version":[{"id":16874,"href":"https:\/\/noticiasnoface.com.br\/index.php\/wp-json\/wp\/v2\/posts\/16873\/revisions\/16874"}],"wp:attachment":[{"href":"https:\/\/noticiasnoface.com.br\/index.php\/wp-json\/wp\/v2\/media?parent=16873"}],"wp:term":[{"taxonomy":"category","embeddable":true,"href":"https:\/\/noticiasnoface.com.br\/index.php\/wp-json\/wp\/v2\/categories?post=16873"},{"taxonomy":"post_tag","embeddable":true,"href":"https:\/\/noticiasnoface.com.br\/index.php\/wp-json\/wp\/v2\/tags?post=16873"}],"curies":[{"name":"wp","href":"https:\/\/api.w.org\/{rel}","templated":true}]}}