{"id":16891,"date":"2023-06-13T10:48:19","date_gmt":"2023-06-13T13:48:19","guid":{"rendered":"https:\/\/noticiasnoface.com.br\/?p=16891"},"modified":"2023-06-13T10:48:20","modified_gmt":"2023-06-13T13:48:20","slug":"filho-de-belo-e-preso","status":"publish","type":"post","link":"https:\/\/noticiasnoface.com.br\/index.php\/2023\/06\/13\/filho-de-belo-e-preso\/","title":{"rendered":"Filho de Belo \u00e9 preso"},"content":{"rendered":"\n<figure class=\"wp-block-image size-large\"><img data-opt-id=1514895345  fetchpriority=\"high\" decoding=\"async\" width=\"1024\" height=\"577\" src=\"https:\/\/mlbfrsat7ahr.i.optimole.com\/w:1024\/h:577\/q:mauto\/ig:avif\/https:\/\/noticiasnoface.com.br\/wp-content\/uploads\/2023\/06\/photo-output-27.jpg\" class=\"wp-image-16890\" srcset=\"https:\/\/mlbfrsat7ahr.i.optimole.com\/w:1024\/h:577\/q:mauto\/ig:avif\/https:\/\/noticiasnoface.com.br\/wp-content\/uploads\/2023\/06\/photo-output-27.jpg 1024w, https:\/\/mlbfrsat7ahr.i.optimole.com\/w:300\/h:169\/q:mauto\/ig:avif\/https:\/\/noticiasnoface.com.br\/wp-content\/uploads\/2023\/06\/photo-output-27.jpg 300w, https:\/\/mlbfrsat7ahr.i.optimole.com\/w:768\/h:432\/q:mauto\/ig:avif\/https:\/\/noticiasnoface.com.br\/wp-content\/uploads\/2023\/06\/photo-output-27.jpg 768w, https:\/\/mlbfrsat7ahr.i.optimole.com\/w:1536\/h:865\/q:mauto\/ig:avif\/https:\/\/noticiasnoface.com.br\/wp-content\/uploads\/2023\/06\/photo-output-27.jpg 1536w, https:\/\/mlbfrsat7ahr.i.optimole.com\/w:800\/h:450\/q:mauto\/ig:avif\/https:\/\/noticiasnoface.com.br\/wp-content\/uploads\/2023\/06\/photo-output-27.jpg 800w, https:\/\/mlbfrsat7ahr.i.optimole.com\/w:1918\/h:1080\/q:mauto\/ig:avif\/https:\/\/noticiasnoface.com.br\/wp-content\/uploads\/2023\/06\/photo-output-27.jpg 2048w\" sizes=\"(max-width: 1000px) 100vw, 1000px\" \/><figcaption class=\"wp-element-caption\">Arthur Paulo Vieira estava transportando drogas na Rodovi\u00e1ria do Rio<br><a class=\"byline\" href=\"https:\/\/emoff.meionorte.com\/colunas\/mariana-morais\/\" target=\"_blank\" rel=\"noopener\">Mariana Morais<\/a>13\/06\/2023 10h30<br><img data-opt-id=1974617116  fetchpriority=\"high\" decoding=\"async\" src=\"https:\/\/emoff.meionorte.com\/wp-content\/uploads\/2023\/06\/4B8EA93F-64DA-49DC-B26F-9E3BD243F06E.jpeg\" alt=\"belo\" srcset=\"https:\/\/emoff.meionorte.com\/wp-content\/uploads\/2023\/06\/4B8EA93F-64DA-49DC-B26F-9E3BD243F06E.jpeg 1024w, https:\/\/emoff.meionorte.com\/wp-content\/uploads\/2023\/06\/4B8EA93F-64DA-49DC-B26F-9E3BD243F06E-768x432.jpeg 768w, https:\/\/emoff.meionorte.com\/wp-content\/uploads\/2023\/06\/4B8EA93F-64DA-49DC-B26F-9E3BD243F06E-150x84.jpeg 150w\" class=\"extendsBeyondTextColumn\"><br>Belo e o filho, Arthur<br>Bomba! Um dos quatro filhos <strong><a rel=\"noreferrer noopener\" href=\"https:\/\/instagram.com\/belo?igshid=MzRlODBiNWFlZA==\" target=\"_blank\">do cantor <\/a>Belo<\/strong>acaba de ser preso na Rodovi\u00e1ria do Rio por Policiais Militares. <strong>Arthur Paulo Vieira<\/strong>, de 29 anos, foi encontrado transportando drogas na manh\u00e3 desta ter\u00e7a-feira (13), durante uma revista, e foi levado para delegacia no Centro da cidade (4\u00baDP), onde ficar\u00e1 detido e ir\u00e1 prestar depoimento.<br>Essa n\u00e3o \u00e9 a primeira vez que um filho do pagodeiro tem problemas com a pol\u00edcia e vai preso. Em 2020, a filha do cantor Belo, Isadora Alkimin Vieira, na \u00e9poca com 21 anos, foi o presa em flagrante sob a acusa\u00e7\u00e3o de fazer parte de uma quadrilha especializada em golpes por meios eletr\u00f4nicos. Ela respondeu inicialmente por organiza\u00e7\u00e3o criminosa, que prev\u00ea de tr\u00eas a oito anos de reclus\u00e3o.<br><strong><a rel=\"noreferrer noopener\" href=\"https:\/\/emoff.meionorte.com\/?s=Ana+Castela\" target=\"_blank\">De acordo com a pol\u00edcia, <\/a><\/strong>o grupo do qual Isadora fazia parte tinha liga\u00e7\u00f5es com a maior fac\u00e7\u00e3o criminosa do Estado do Rio de Janeiro. As investiga\u00e7\u00f5es descreveram o grupo de mulheres como uma \u201corganiza\u00e7\u00e3o engajada, articulada, extremamente organizada e hierarquizada\u201d, segundo informa\u00e7\u00f5es dos autos. <br>Ainda foi observada uma \u201cestrutura de log\u00edstica montada com notebooks, celulares e, inclusive, havendo um motoboy que realizava a fun\u00e7\u00e3o de arrecadar os cart\u00f5es de cr\u00e9dito das v\u00edtimas\u201d. Ainda de acordo com a pol\u00edcia, \u201cas pr\u00e1ticas visando a crimes se revestiam de ardil, visto que as integrantes da organiza\u00e7\u00e3o criminosa se faziam passar por pessoas trabalhadoras em \u2018central de telemarketing\u201d.<\/figcaption><\/figure>\n","protected":false},"excerpt":{"rendered":"","protected":false},"author":1,"featured_media":0,"comment_status":"open","ping_status":"open","sticky":false,"template":"","format":"standard","meta":{"site-sidebar-layout":"default","site-content-layout":"","ast-site-content-layout":"default","site-content-style":"default","site-sidebar-style":"default","ast-global-header-display":"","ast-banner-title-visibility":"","ast-main-header-display":"","ast-hfb-above-header-display":"","ast-hfb-below-header-display":"","ast-hfb-mobile-header-display":"","site-post-title":"","ast-breadcrumbs-content":"","ast-featured-img":"","footer-sml-layout":"","ast-disable-related-posts":"","theme-transparent-header-meta":"","adv-header-id-meta":"","stick-header-meta":"","header-above-stick-meta":"","header-main-stick-meta":"","header-below-stick-meta":"","astra-migrate-meta-layouts":"default","ast-page-background-enabled":"default","ast-page-background-meta":{"desktop":{"background-color":"var(--ast-global-color-4)","background-image":"","background-repeat":"repeat","background-position":"center center","background-size":"auto","background-attachment":"scroll","background-type":"","background-media":"","overlay-type":"","overlay-color":"","overlay-opacity":"","overlay-gradient":""},"tablet":{"background-color":"","background-image":"","background-repeat":"repeat","background-position":"center center","background-size":"auto","background-attachment":"scroll","background-type":"","background-media":"","overlay-type":"","overlay-color":"","overlay-opacity":"","overlay-gradient":""},"mobile":{"background-color":"","background-image":"","background-repeat":"repeat","background-position":"center center","background-size":"auto","background-attachment":"scroll","background-type":"","background-media":"","overlay-type":"","overlay-color":"","overlay-opacity":"","overlay-gradient":""}},"ast-content-background-meta":{"desktop":{"background-color":"var(--ast-global-color-5)","background-image":"","background-repeat":"repeat","background-position":"center center","background-size":"auto","background-attachment":"scroll","background-type":"","background-media":"","overlay-type":"","overlay-color":"","overlay-opacity":"","overlay-gradient":""},"tablet":{"background-color":"var(--ast-global-color-5)","background-image":"","background-repeat":"repeat","background-position":"center center","background-size":"auto","background-attachment":"scroll","background-type":"","background-media":"","overlay-type":"","overlay-color":"","overlay-opacity":"","overlay-gradient":""},"mobile":{"background-color":"var(--ast-global-color-5)","background-image":"","background-repeat":"repeat","background-position":"center center","background-size":"auto","background-attachment":"scroll","background-type":"","background-media":"","overlay-type":"","overlay-color":"","overlay-opacity":"","overlay-gradient":""}},"footnotes":""},"categories":[517],"tags":[3036,3037,469,625,2236,50,199,525],"class_list":["post-16891","post","type-post","status-publish","format-standard","hentry","category-aconteceu","tag-belo","tag-cantor-belo","tag-drogas","tag-filho","tag-noticas-no-face","tag-noticias-do-face","tag-noticiasnoface","tag-preso"],"_links":{"self":[{"href":"https:\/\/noticiasnoface.com.br\/index.php\/wp-json\/wp\/v2\/posts\/16891","targetHints":{"allow":["GET"]}}],"collection":[{"href":"https:\/\/noticiasnoface.com.br\/index.php\/wp-json\/wp\/v2\/posts"}],"about":[{"href":"https:\/\/noticiasnoface.com.br\/index.php\/wp-json\/wp\/v2\/types\/post"}],"author":[{"embeddable":true,"href":"https:\/\/noticiasnoface.com.br\/index.php\/wp-json\/wp\/v2\/users\/1"}],"replies":[{"embeddable":true,"href":"https:\/\/noticiasnoface.com.br\/index.php\/wp-json\/wp\/v2\/comments?post=16891"}],"version-history":[{"count":1,"href":"https:\/\/noticiasnoface.com.br\/index.php\/wp-json\/wp\/v2\/posts\/16891\/revisions"}],"predecessor-version":[{"id":16892,"href":"https:\/\/noticiasnoface.com.br\/index.php\/wp-json\/wp\/v2\/posts\/16891\/revisions\/16892"}],"wp:attachment":[{"href":"https:\/\/noticiasnoface.com.br\/index.php\/wp-json\/wp\/v2\/media?parent=16891"}],"wp:term":[{"taxonomy":"category","embeddable":true,"href":"https:\/\/noticiasnoface.com.br\/index.php\/wp-json\/wp\/v2\/categories?post=16891"},{"taxonomy":"post_tag","embeddable":true,"href":"https:\/\/noticiasnoface.com.br\/index.php\/wp-json\/wp\/v2\/tags?post=16891"}],"curies":[{"name":"wp","href":"https:\/\/api.w.org\/{rel}","templated":true}]}}