{"id":16894,"date":"2023-06-13T13:49:47","date_gmt":"2023-06-13T16:49:47","guid":{"rendered":"https:\/\/noticiasnoface.com.br\/?p=16894"},"modified":"2023-06-13T13:49:48","modified_gmt":"2023-06-13T16:49:48","slug":"moro-perto-de-ser-cassado","status":"publish","type":"post","link":"https:\/\/noticiasnoface.com.br\/index.php\/2023\/06\/13\/moro-perto-de-ser-cassado\/","title":{"rendered":"Moro perto de ser cassado"},"content":{"rendered":"\n<figure class=\"wp-block-image size-large\"><img data-opt-id=1630481782  fetchpriority=\"high\" decoding=\"async\" width=\"1024\" height=\"684\" src=\"https:\/\/mlbfrsat7ahr.i.optimole.com\/w:1024\/h:684\/q:mauto\/ig:avif\/https:\/\/noticiasnoface.com.br\/wp-content\/uploads\/2023\/06\/photo-output-28.jpg\" class=\"wp-image-16893\" srcset=\"https:\/\/mlbfrsat7ahr.i.optimole.com\/w:1024\/h:684\/q:mauto\/ig:avif\/https:\/\/noticiasnoface.com.br\/wp-content\/uploads\/2023\/06\/photo-output-28.jpg 1024w, https:\/\/mlbfrsat7ahr.i.optimole.com\/w:300\/h:200\/q:mauto\/ig:avif\/https:\/\/noticiasnoface.com.br\/wp-content\/uploads\/2023\/06\/photo-output-28.jpg 300w, https:\/\/mlbfrsat7ahr.i.optimole.com\/w:768\/h:513\/q:mauto\/ig:avif\/https:\/\/noticiasnoface.com.br\/wp-content\/uploads\/2023\/06\/photo-output-28.jpg 768w, https:\/\/mlbfrsat7ahr.i.optimole.com\/w:1536\/h:1025\/q:mauto\/ig:avif\/https:\/\/noticiasnoface.com.br\/wp-content\/uploads\/2023\/06\/photo-output-28.jpg 1536w, https:\/\/mlbfrsat7ahr.i.optimole.com\/w:1618\/h:1080\/q:mauto\/ig:avif\/https:\/\/noticiasnoface.com.br\/wp-content\/uploads\/2023\/06\/photo-output-28.jpg 2048w\" sizes=\"(max-width: 1000px) 100vw, 1000px\" \/><figcaption class=\"wp-element-caption\">TRE avan\u00e7a no processo que pode cassar mandato de Moro<br><img data-opt-id=2041751603  fetchpriority=\"high\" decoding=\"async\" src=\"https:\/\/www.bnews.com.br\/media\/_versions\/junho_2023\/sergio_moro_4xxcaka_widelg_widelg_widelg_s3rnvlx_widelg_widemd.jpg\" srcset=\"\/media\/_versions\/junho_2023\/sergio_moro_4xxcaka_widelg_widelg_widelg_s3rnvlx_widelg_widemd.jpg 360w, \/media\/_versions\/junho_2023\/sergio_moro_4xxcaka_widelg_widelg_widelg_s3rnvlx_widelg_widelg.jpg 800w\" width=\"360\" height=\"202\" alt=\"Fabio Rodrigues Pozzebom \/ Ag\u00eancia Brasil\"><br>O Tribunal Regional Eleitoral do Paran\u00e1 (TER-PR) decidiu nesta ter\u00e7a-feira (13) unificar as duas a\u00e7\u00f5es que pendem a investiga\u00e7\u00e3o contra o senador <a rel=\"noreferrer noopener\" href=\"https:\/\/www.bnews.com.br\/tags\/sergio-moro\" target=\"_blank\">Sergio Moro<\/a> (UB-PR). Uma das pe\u00e7as \u00e9 de autoria da federa\u00e7\u00e3o PT\/PV\/PCdoB e a outra pelo PL.<br>Na decis\u00e3o, do desembargador Mario Helton Jorge, tamb\u00e9m foi autorizada a produ\u00e7\u00e3o de provas nos processos, para que pelo menos dez testemunhas sejam ouvidas.<br>Em sua a\u00e7\u00e3o, o PL aponta para um \u201cdesequil\u00edbrio eleitoral\u201d causado por supostas irregularidades na campanha de Moro, que tem in\u00edcio com a filia\u00e7\u00e3o do ex-juiz ao <a rel=\"noreferrer noopener\" href=\"https:\/\/www.bnews.com.br\/tags\/podemos\" target=\"_blank\">Podemos<\/a>. O partido questiona o fato de o senador ter se lan\u00e7ado pr\u00e9-candidato \u00e0 Presid\u00eancia e depois ter seguido para o <a rel=\"noreferrer noopener\" href=\"https:\/\/www.bnews.com.br\/tags\/uniao-brasil\" target=\"_blank\">Uni\u00e3o Brasil<\/a> a fim de concorrer a senador.<br>De acordo com o PL, a mudan\u00e7a de partido para chegar ao <a rel=\"noreferrer noopener\" href=\"https:\/\/www.bnews.com.br\/tags\/congresso-nacional\" target=\"_blank\">Congresso<\/a> configura o uso de \u201cestrutura e exposi\u00e7\u00e3o de pr\u00e9-campanha presidencial para, num segundo momento, migrar para uma disputa de menor visibilidade, menor circunscri\u00e7\u00e3o e teto de gastos vinte vezes menor\u201d. Os gastos de campanha de Moro tamb\u00e9m s\u00e3o contestados.<br>A a\u00e7\u00e3o da federa\u00e7\u00e3o encabe\u00e7ada pelo PT usa uma argumenta\u00e7\u00e3o semelhante, que aponta para ind\u00edcios de que Moro usou recursos do Fundo Partid\u00e1rio e do Fundo Eleitoral, al\u00e9m de \u201cmovimenta\u00e7\u00f5es financeiras suspeitas\u201d, para projetar sua imagem de pr\u00e9-candidato, \u201cindependentemente do cargo em disputa\u201d.<br>Al\u00e9m disso, a a\u00e7\u00e3o alega haver ind\u00edcios de \u201cin\u00fameras ilicitudes que afrontam expressamente as normas eleitorais, al\u00e9m de poderem configurar il\u00edcitos comuns, a serem apurados pelos \u00f3rg\u00e3os competentes\u201d.<br>Agora unificadas, as a\u00e7\u00f5es pedem a cassa\u00e7\u00e3o de Moro e a declara\u00e7\u00e3o de sua inelegibilidade pela Justi\u00e7a Eleitoral. Segundo a defesa do senador, o conte\u00fado da pr\u00e9-campanha esteve \u201cem acordo com a legisla\u00e7\u00e3o eleitoral\u201d e que \u201cnenhum ato de pr\u00e9-campanha foi identificado o intuito de promover ou solicitar pedido de votos\u201d.<\/figcaption><\/figure>\n","protected":false},"excerpt":{"rendered":"","protected":false},"author":1,"featured_media":0,"comment_status":"open","ping_status":"open","sticky":false,"template":"","format":"standard","meta":{"site-sidebar-layout":"default","site-content-layout":"","ast-site-content-layout":"default","site-content-style":"default","site-sidebar-style":"default","ast-global-header-display":"","ast-banner-title-visibility":"","ast-main-header-display":"","ast-hfb-above-header-display":"","ast-hfb-below-header-display":"","ast-hfb-mobile-header-display":"","site-post-title":"","ast-breadcrumbs-content":"","ast-featured-img":"","footer-sml-layout":"","ast-disable-related-posts":"","theme-transparent-header-meta":"","adv-header-id-meta":"","stick-header-meta":"","header-above-stick-meta":"","header-main-stick-meta":"","header-below-stick-meta":"","astra-migrate-meta-layouts":"default","ast-page-background-enabled":"default","ast-page-background-meta":{"desktop":{"background-color":"var(--ast-global-color-4)","background-image":"","background-repeat":"repeat","background-position":"center center","background-size":"auto","background-attachment":"scroll","background-type":"","background-media":"","overlay-type":"","overlay-color":"","overlay-opacity":"","overlay-gradient":""},"tablet":{"background-color":"","background-image":"","background-repeat":"repeat","background-position":"center center","background-size":"auto","background-attachment":"scroll","background-type":"","background-media":"","overlay-type":"","overlay-color":"","overlay-opacity":"","overlay-gradient":""},"mobile":{"background-color":"","background-image":"","background-repeat":"repeat","background-position":"center center","background-size":"auto","background-attachment":"scroll","background-type":"","background-media":"","overlay-type":"","overlay-color":"","overlay-opacity":"","overlay-gradient":""}},"ast-content-background-meta":{"desktop":{"background-color":"var(--ast-global-color-5)","background-image":"","background-repeat":"repeat","background-position":"center center","background-size":"auto","background-attachment":"scroll","background-type":"","background-media":"","overlay-type":"","overlay-color":"","overlay-opacity":"","overlay-gradient":""},"tablet":{"background-color":"var(--ast-global-color-5)","background-image":"","background-repeat":"repeat","background-position":"center center","background-size":"auto","background-attachment":"scroll","background-type":"","background-media":"","overlay-type":"","overlay-color":"","overlay-opacity":"","overlay-gradient":""},"mobile":{"background-color":"var(--ast-global-color-5)","background-image":"","background-repeat":"repeat","background-position":"center center","background-size":"auto","background-attachment":"scroll","background-type":"","background-media":"","overlay-type":"","overlay-color":"","overlay-opacity":"","overlay-gradient":""}},"footnotes":""},"categories":[153],"tags":[650,266,2229,2236,199,193,390],"class_list":["post-16894","post","type-post","status-publish","format-standard","hentry","category-politica","tag-cassado","tag-moro","tag-noticas-do-face","tag-noticas-no-face","tag-noticiasnoface","tag-senador","tag-sergio-moro"],"_links":{"self":[{"href":"https:\/\/noticiasnoface.com.br\/index.php\/wp-json\/wp\/v2\/posts\/16894","targetHints":{"allow":["GET"]}}],"collection":[{"href":"https:\/\/noticiasnoface.com.br\/index.php\/wp-json\/wp\/v2\/posts"}],"about":[{"href":"https:\/\/noticiasnoface.com.br\/index.php\/wp-json\/wp\/v2\/types\/post"}],"author":[{"embeddable":true,"href":"https:\/\/noticiasnoface.com.br\/index.php\/wp-json\/wp\/v2\/users\/1"}],"replies":[{"embeddable":true,"href":"https:\/\/noticiasnoface.com.br\/index.php\/wp-json\/wp\/v2\/comments?post=16894"}],"version-history":[{"count":1,"href":"https:\/\/noticiasnoface.com.br\/index.php\/wp-json\/wp\/v2\/posts\/16894\/revisions"}],"predecessor-version":[{"id":16895,"href":"https:\/\/noticiasnoface.com.br\/index.php\/wp-json\/wp\/v2\/posts\/16894\/revisions\/16895"}],"wp:attachment":[{"href":"https:\/\/noticiasnoface.com.br\/index.php\/wp-json\/wp\/v2\/media?parent=16894"}],"wp:term":[{"taxonomy":"category","embeddable":true,"href":"https:\/\/noticiasnoface.com.br\/index.php\/wp-json\/wp\/v2\/categories?post=16894"},{"taxonomy":"post_tag","embeddable":true,"href":"https:\/\/noticiasnoface.com.br\/index.php\/wp-json\/wp\/v2\/tags?post=16894"}],"curies":[{"name":"wp","href":"https:\/\/api.w.org\/{rel}","templated":true}]}}