{"id":16900,"date":"2023-06-13T22:45:13","date_gmt":"2023-06-14T01:45:13","guid":{"rendered":"https:\/\/noticiasnoface.com.br\/?p=16900"},"modified":"2023-06-13T22:46:13","modified_gmt":"2023-06-14T01:46:13","slug":"diretodoplenario-camara-de-parnamirim-realiza-sua-52a-sessao-ordinaria","status":"publish","type":"post","link":"https:\/\/noticiasnoface.com.br\/index.php\/2023\/06\/13\/diretodoplenario-camara-de-parnamirim-realiza-sua-52a-sessao-ordinaria\/","title":{"rendered":"Direto do plen\u00e1rio :C\u00e2mara de Parnamirim realiza sua 52\u00aa Sess\u00e3o Ordin\u00e1ria"},"content":{"rendered":"\n<figure class=\"wp-block-image size-large\"><img data-opt-id=7287980  fetchpriority=\"high\" decoding=\"async\" width=\"1024\" height=\"553\" src=\"https:\/\/mlbfrsat7ahr.i.optimole.com\/w:1024\/h:553\/q:mauto\/ig:avif\/https:\/\/noticiasnoface.com.br\/wp-content\/uploads\/2023\/06\/img_6017.jpg\" alt=\"\" class=\"wp-image-16899\" srcset=\"https:\/\/mlbfrsat7ahr.i.optimole.com\/w:1024\/h:553\/q:mauto\/ig:avif\/https:\/\/noticiasnoface.com.br\/wp-content\/uploads\/2023\/06\/img_6017.jpg 1024w, https:\/\/mlbfrsat7ahr.i.optimole.com\/w:300\/h:162\/q:mauto\/ig:avif\/https:\/\/noticiasnoface.com.br\/wp-content\/uploads\/2023\/06\/img_6017.jpg 300w, https:\/\/mlbfrsat7ahr.i.optimole.com\/w:768\/h:415\/q:mauto\/ig:avif\/https:\/\/noticiasnoface.com.br\/wp-content\/uploads\/2023\/06\/img_6017.jpg 768w, https:\/\/mlbfrsat7ahr.i.optimole.com\/w:1064\/h:575\/q:mauto\/ig:avif\/https:\/\/noticiasnoface.com.br\/wp-content\/uploads\/2023\/06\/img_6017.jpg 1064w\" sizes=\"(max-width: 1000px) 100vw, 1000px\" \/><figcaption class=\"wp-element-caption\">Na manh\u00e3 desta ter\u00e7a-feira, 13, a C\u00e2mara Municipal de Parnamirim realizou sua 52\u00aa Sess\u00e3o Ordin\u00e1ria, no Plen\u00e1rio Dr. M\u00e1rio Medeiros, em que foram aprovados tr\u00eas projetos de lei e um projeto de resolu\u00e7\u00e3o. A mesa foi composta pelo presidente da Casa Legislativa, vereador Wolney Fran\u00e7a, pelo 2\u00ba vice-presidente, vereador Thiago Fernandes e pelo 1\u00ba Secret\u00e1rio, vereador Gustavo Neg\u00f3cio. A leitura b\u00edblica foi realizada pelo vereador Gabriel C\u00e9sar e a vereadora Carol Pires fez a leitura da ata, al\u00e9m disso, o vereador Gustavo Neg\u00f3cio fez a leitura do expediente do dia.<br \/>Na ocasi\u00e3o, o vereador Thiago Fernandes fez uso da tribuna para falar a respeito do Dia Mundial de Combate ao Trabalho Infantil, em que apresentou dados da assist\u00eancia social do munic\u00edpio sobre a tem\u00e1tica. Al\u00e9m disso, o parlamentar tamb\u00e9m falou acerca do 15 de junho, data do Dia Nacional de Combate \u00e0 Viol\u00eancia contra a pessoa Idosa, mostrandos dados do primeiro semestre deste ano no munic\u00edpio, a partir de informa\u00e7\u00f5es do Disque 100. O vereador Gabriel C\u00e9sar e a vereadora Fativan Alves fizeram apartes sobre o assunto.<br \/><strong>Aprova\u00e7\u00f5es<\/strong><br \/>Durante a sess\u00e3o, os vereadores discutiram e aprovaram o Projeto de Lei n\u00ba 061\/2023, uma iniciativa da vereadora Fativan Alves e da Comiss\u00e3o Permanente de Constitui\u00e7\u00e3o, Legisla\u00e7\u00e3o e Reda\u00e7\u00e3o Final, em que \u201cfica o executivo municipal obrigado a fazer constar e todas as leis, o nome do vereador autor da propositura que lhes deu origem, d\u00e1 outras provid\u00eancias.\u201d<br \/>Tamb\u00e9m foi aprovado o Projeto de Lei n\u00ba 088\/2023, que disp\u00f5e sobre a cria\u00e7\u00e3o das semanas municipais da educa\u00e7\u00e3o financeira e do consumo consciente, de autoria do vereador Vav\u00e1 Azevedo.<br \/>Por fim, em \u00fanica discuss\u00e3o e em \u00fanica vota\u00e7\u00e3o, foi aprovado o Projeto de Resolu\u00e7\u00e3o n\u00ba 05\/2023, que disp\u00f5e sobre a altera\u00e7\u00e3o do art. 1\u00b0 da resolu\u00e7\u00e3o n\u00b0 09, de 08 de novembro de 2016, e d\u00e1 outras provid\u00eancias, de autoria do vereador Thiago Fernandes.<br \/><small class=\"cmp-noticia-content-credit\">Fonte: Cida Ramos &#8211; DRT 00793\/JP Jornalista Ascom &#8211; CMP<\/small> <\/figcaption><\/figure>\n","protected":false},"excerpt":{"rendered":"","protected":false},"author":1,"featured_media":0,"comment_status":"open","ping_status":"open","sticky":false,"template":"","format":"standard","meta":{"site-sidebar-layout":"default","site-content-layout":"","ast-site-content-layout":"default","site-content-style":"default","site-sidebar-style":"default","ast-global-header-display":"","ast-banner-title-visibility":"","ast-main-header-display":"","ast-hfb-above-header-display":"","ast-hfb-below-header-display":"","ast-hfb-mobile-header-display":"","site-post-title":"","ast-breadcrumbs-content":"","ast-featured-img":"","footer-sml-layout":"","ast-disable-related-posts":"","theme-transparent-header-meta":"","adv-header-id-meta":"","stick-header-meta":"","header-above-stick-meta":"","header-main-stick-meta":"","header-below-stick-meta":"","astra-migrate-meta-layouts":"default","ast-page-background-enabled":"default","ast-page-background-meta":{"desktop":{"background-color":"var(--ast-global-color-4)","background-image":"","background-repeat":"repeat","background-position":"center center","background-size":"auto","background-attachment":"scroll","background-type":"","background-media":"","overlay-type":"","overlay-color":"","overlay-opacity":"","overlay-gradient":""},"tablet":{"background-color":"","background-image":"","background-repeat":"repeat","background-position":"center center","background-size":"auto","background-attachment":"scroll","background-type":"","background-media":"","overlay-type":"","overlay-color":"","overlay-opacity":"","overlay-gradient":""},"mobile":{"background-color":"","background-image":"","background-repeat":"repeat","background-position":"center center","background-size":"auto","background-attachment":"scroll","background-type":"","background-media":"","overlay-type":"","overlay-color":"","overlay-opacity":"","overlay-gradient":""}},"ast-content-background-meta":{"desktop":{"background-color":"var(--ast-global-color-5)","background-image":"","background-repeat":"repeat","background-position":"center center","background-size":"auto","background-attachment":"scroll","background-type":"","background-media":"","overlay-type":"","overlay-color":"","overlay-opacity":"","overlay-gradient":""},"tablet":{"background-color":"var(--ast-global-color-5)","background-image":"","background-repeat":"repeat","background-position":"center center","background-size":"auto","background-attachment":"scroll","background-type":"","background-media":"","overlay-type":"","overlay-color":"","overlay-opacity":"","overlay-gradient":""},"mobile":{"background-color":"var(--ast-global-color-5)","background-image":"","background-repeat":"repeat","background-position":"center center","background-size":"auto","background-attachment":"scroll","background-type":"","background-media":"","overlay-type":"","overlay-color":"","overlay-opacity":"","overlay-gradient":""}},"footnotes":""},"categories":[517],"tags":[],"class_list":["post-16900","post","type-post","status-publish","format-standard","hentry","category-aconteceu"],"_links":{"self":[{"href":"https:\/\/noticiasnoface.com.br\/index.php\/wp-json\/wp\/v2\/posts\/16900","targetHints":{"allow":["GET"]}}],"collection":[{"href":"https:\/\/noticiasnoface.com.br\/index.php\/wp-json\/wp\/v2\/posts"}],"about":[{"href":"https:\/\/noticiasnoface.com.br\/index.php\/wp-json\/wp\/v2\/types\/post"}],"author":[{"embeddable":true,"href":"https:\/\/noticiasnoface.com.br\/index.php\/wp-json\/wp\/v2\/users\/1"}],"replies":[{"embeddable":true,"href":"https:\/\/noticiasnoface.com.br\/index.php\/wp-json\/wp\/v2\/comments?post=16900"}],"version-history":[{"count":2,"href":"https:\/\/noticiasnoface.com.br\/index.php\/wp-json\/wp\/v2\/posts\/16900\/revisions"}],"predecessor-version":[{"id":16902,"href":"https:\/\/noticiasnoface.com.br\/index.php\/wp-json\/wp\/v2\/posts\/16900\/revisions\/16902"}],"wp:attachment":[{"href":"https:\/\/noticiasnoface.com.br\/index.php\/wp-json\/wp\/v2\/media?parent=16900"}],"wp:term":[{"taxonomy":"category","embeddable":true,"href":"https:\/\/noticiasnoface.com.br\/index.php\/wp-json\/wp\/v2\/categories?post=16900"},{"taxonomy":"post_tag","embeddable":true,"href":"https:\/\/noticiasnoface.com.br\/index.php\/wp-json\/wp\/v2\/tags?post=16900"}],"curies":[{"name":"wp","href":"https:\/\/api.w.org\/{rel}","templated":true}]}}