{"id":16909,"date":"2023-06-14T09:25:37","date_gmt":"2023-06-14T12:25:37","guid":{"rendered":"https:\/\/noticiasnoface.com.br\/?p=16909"},"modified":"2023-06-14T15:09:59","modified_gmt":"2023-06-14T18:09:59","slug":"prefeito-emidio-no-luxo-e-o-povo-no-lixo","status":"publish","type":"post","link":"https:\/\/noticiasnoface.com.br\/index.php\/2023\/06\/14\/prefeito-emidio-no-luxo-e-o-povo-no-lixo\/","title":{"rendered":"Prefeito Em\u00eddio no Luxo e o povo no Lixo"},"content":{"rendered":"\n<figure class=\"wp-block-image size-large\"><img data-opt-id=870742942  fetchpriority=\"high\" decoding=\"async\" width=\"1024\" height=\"793\" src=\"https:\/\/mlbfrsat7ahr.i.optimole.com\/w:1024\/h:793\/q:mauto\/ig:avif\/https:\/\/noticiasnoface.com.br\/wp-content\/uploads\/2023\/06\/photo-output-1-1.jpg\" alt=\"\" class=\"wp-image-16908\" srcset=\"https:\/\/mlbfrsat7ahr.i.optimole.com\/w:1024\/h:793\/q:mauto\/ig:avif\/https:\/\/noticiasnoface.com.br\/wp-content\/uploads\/2023\/06\/photo-output-1-1.jpg 1024w, https:\/\/mlbfrsat7ahr.i.optimole.com\/w:300\/h:232\/q:mauto\/ig:avif\/https:\/\/noticiasnoface.com.br\/wp-content\/uploads\/2023\/06\/photo-output-1-1.jpg 300w, https:\/\/mlbfrsat7ahr.i.optimole.com\/w:768\/h:595\/q:mauto\/ig:avif\/https:\/\/noticiasnoface.com.br\/wp-content\/uploads\/2023\/06\/photo-output-1-1.jpg 768w, https:\/\/mlbfrsat7ahr.i.optimole.com\/w:1394\/h:1080\/q:mauto\/ig:avif\/https:\/\/noticiasnoface.com.br\/wp-content\/uploads\/2023\/06\/photo-output-1-1.jpg 1536w, https:\/\/mlbfrsat7ahr.i.optimole.com\/w:1394\/h:1080\/q:mauto\/ig:avif\/https:\/\/noticiasnoface.com.br\/wp-content\/uploads\/2023\/06\/photo-output-1-1.jpg 2048w\" sizes=\"(max-width: 1000px) 100vw, 1000px\" \/><figcaption class=\"wp-element-caption\">O Minist\u00e9rio P\u00fablico do Rio Grande do Norte, que possui Promotorias no munic\u00edpio de Maca\u00edba precisa investigar os contratos da Prefeitura local.<br \/>No in\u00edcio de 2023 a Prefeitura licitou e a empresa O M DE LEAL MESQUITA (LEAL TURISMO E LOCA\u00c7\u00d5ES) sediada em S\u00e3o Miguel do Gostoso venceu a disputa para o fornecimento de um ve\u00edculo a ser utilizado pelo Prefeito Em\u00eddio J\u00fanior. Pelo contrato, a empresa receberia mensalmente R$ 9.982,00 pelo servi\u00e7o.<br \/>Ocorre que apesar de ter vencido a disputa, a empresa O M de Leal Mesquita, n\u00e3o \u00e9 a propriet\u00e1ria da Trail Blazer que \u00e9 objeto do contrato e est\u00e1 sendo utilizada pelo Chefe do Executivo Municipal. <br \/>O ve\u00edculo modelo Chevrolet Trail Blazer de placa RLS- 4I36 pertence a empresa RC Consultoria, sediada em Jo\u00e3o Pessoa. <br \/>Em\u00eddio J\u00fanior gasta mal os recursos da municipalidade. <\/figcaption><\/figure>\n","protected":false},"excerpt":{"rendered":"","protected":false},"author":1,"featured_media":0,"comment_status":"open","ping_status":"open","sticky":false,"template":"","format":"standard","meta":{"site-sidebar-layout":"default","site-content-layout":"","ast-site-content-layout":"default","site-content-style":"default","site-sidebar-style":"default","ast-global-header-display":"","ast-banner-title-visibility":"","ast-main-header-display":"","ast-hfb-above-header-display":"","ast-hfb-below-header-display":"","ast-hfb-mobile-header-display":"","site-post-title":"","ast-breadcrumbs-content":"","ast-featured-img":"","footer-sml-layout":"","ast-disable-related-posts":"","theme-transparent-header-meta":"","adv-header-id-meta":"","stick-header-meta":"","header-above-stick-meta":"","header-main-stick-meta":"","header-below-stick-meta":"","astra-migrate-meta-layouts":"default","ast-page-background-enabled":"default","ast-page-background-meta":{"desktop":{"background-color":"var(--ast-global-color-4)","background-image":"","background-repeat":"repeat","background-position":"center center","background-size":"auto","background-attachment":"scroll","background-type":"","background-media":"","overlay-type":"","overlay-color":"","overlay-opacity":"","overlay-gradient":""},"tablet":{"background-color":"","background-image":"","background-repeat":"repeat","background-position":"center center","background-size":"auto","background-attachment":"scroll","background-type":"","background-media":"","overlay-type":"","overlay-color":"","overlay-opacity":"","overlay-gradient":""},"mobile":{"background-color":"","background-image":"","background-repeat":"repeat","background-position":"center center","background-size":"auto","background-attachment":"scroll","background-type":"","background-media":"","overlay-type":"","overlay-color":"","overlay-opacity":"","overlay-gradient":""}},"ast-content-background-meta":{"desktop":{"background-color":"var(--ast-global-color-5)","background-image":"","background-repeat":"repeat","background-position":"center center","background-size":"auto","background-attachment":"scroll","background-type":"","background-media":"","overlay-type":"","overlay-color":"","overlay-opacity":"","overlay-gradient":""},"tablet":{"background-color":"var(--ast-global-color-5)","background-image":"","background-repeat":"repeat","background-position":"center center","background-size":"auto","background-attachment":"scroll","background-type":"","background-media":"","overlay-type":"","overlay-color":"","overlay-opacity":"","overlay-gradient":""},"mobile":{"background-color":"var(--ast-global-color-5)","background-image":"","background-repeat":"repeat","background-position":"center center","background-size":"auto","background-attachment":"scroll","background-type":"","background-media":"","overlay-type":"","overlay-color":"","overlay-opacity":"","overlay-gradient":""}},"footnotes":""},"categories":[517],"tags":[3042,1533,349,3040,2229,22,199,3041],"class_list":["post-16909","post","type-post","status-publish","format-standard","hentry","category-aconteceu","tag-emidio-junior","tag-lixo","tag-luxo","tag-macaiba","tag-noticas-do-face","tag-noticias-no-face","tag-noticiasnoface","tag-prefeito-de-macaiba"],"_links":{"self":[{"href":"https:\/\/noticiasnoface.com.br\/index.php\/wp-json\/wp\/v2\/posts\/16909","targetHints":{"allow":["GET"]}}],"collection":[{"href":"https:\/\/noticiasnoface.com.br\/index.php\/wp-json\/wp\/v2\/posts"}],"about":[{"href":"https:\/\/noticiasnoface.com.br\/index.php\/wp-json\/wp\/v2\/types\/post"}],"author":[{"embeddable":true,"href":"https:\/\/noticiasnoface.com.br\/index.php\/wp-json\/wp\/v2\/users\/1"}],"replies":[{"embeddable":true,"href":"https:\/\/noticiasnoface.com.br\/index.php\/wp-json\/wp\/v2\/comments?post=16909"}],"version-history":[{"count":3,"href":"https:\/\/noticiasnoface.com.br\/index.php\/wp-json\/wp\/v2\/posts\/16909\/revisions"}],"predecessor-version":[{"id":16926,"href":"https:\/\/noticiasnoface.com.br\/index.php\/wp-json\/wp\/v2\/posts\/16909\/revisions\/16926"}],"wp:attachment":[{"href":"https:\/\/noticiasnoface.com.br\/index.php\/wp-json\/wp\/v2\/media?parent=16909"}],"wp:term":[{"taxonomy":"category","embeddable":true,"href":"https:\/\/noticiasnoface.com.br\/index.php\/wp-json\/wp\/v2\/categories?post=16909"},{"taxonomy":"post_tag","embeddable":true,"href":"https:\/\/noticiasnoface.com.br\/index.php\/wp-json\/wp\/v2\/tags?post=16909"}],"curies":[{"name":"wp","href":"https:\/\/api.w.org\/{rel}","templated":true}]}}