{"id":16915,"date":"2023-06-14T11:07:40","date_gmt":"2023-06-14T14:07:40","guid":{"rendered":"https:\/\/noticiasnoface.com.br\/?p=16915"},"modified":"2023-06-14T11:07:41","modified_gmt":"2023-06-14T14:07:41","slug":"ladrao-que-roubou-mais-de-20-bicicletas-foi-preso-veja-video","status":"publish","type":"post","link":"https:\/\/noticiasnoface.com.br\/index.php\/2023\/06\/14\/ladrao-que-roubou-mais-de-20-bicicletas-foi-preso-veja-video\/","title":{"rendered":"Ladr\u00e3o que roubou mais de 20 bicicletas foi preso, VEJA V\u00cdDEO"},"content":{"rendered":"\n<figure class=\"wp-block-image size-large\"><img data-opt-id=1455703120  fetchpriority=\"high\" decoding=\"async\" width=\"1024\" height=\"564\" src=\"https:\/\/mlbfrsat7ahr.i.optimole.com\/w:1024\/h:564\/q:mauto\/ig:avif\/https:\/\/noticiasnoface.com.br\/wp-content\/uploads\/2023\/06\/img_6047.jpg\" alt=\"\" class=\"wp-image-16913\" srcset=\"https:\/\/mlbfrsat7ahr.i.optimole.com\/w:1024\/h:564\/q:mauto\/ig:avif\/https:\/\/noticiasnoface.com.br\/wp-content\/uploads\/2023\/06\/img_6047.jpg 1024w, https:\/\/mlbfrsat7ahr.i.optimole.com\/w:300\/h:165\/q:mauto\/ig:avif\/https:\/\/noticiasnoface.com.br\/wp-content\/uploads\/2023\/06\/img_6047.jpg 300w, https:\/\/mlbfrsat7ahr.i.optimole.com\/w:768\/h:423\/q:mauto\/ig:avif\/https:\/\/noticiasnoface.com.br\/wp-content\/uploads\/2023\/06\/img_6047.jpg 768w, https:\/\/mlbfrsat7ahr.i.optimole.com\/w:1290\/h:710\/q:mauto\/ig:avif\/https:\/\/noticiasnoface.com.br\/wp-content\/uploads\/2023\/06\/img_6047.jpg 1290w\" sizes=\"(max-width: 1000px) 100vw, 1000px\" \/><figcaption class=\"wp-element-caption\">Policiais civis da Delegacia Especial de Furtos e Roubos de Natal (DEFUR\/Natal) prenderam nesta ter\u00e7a-feira (13), Michael Johnatan Menezes da Silva, 36 anos, tamb\u00e9m conhecido como &#8220;Don ou Dom&#8221;. Ele foi preso em Natal por suspeita de furto. Segundo a investiga\u00e7\u00e3o, o suspeito apareceu em diversas imagens captadas por c\u00e2meras de monitoramento em diversos apartamentos da capital, onde furtava bicicletas de alto valor. Uma das pe\u00e7as, no valor de R$ 15.000,00 (quinze mil reais), foi recuperada pela pol\u00edcia durante as investiga\u00e7\u00f5es. Ap\u00f3s sua pris\u00e3o, Michael da Silva admitiu ter roubado mais de 20 bicicletas de seu apartamento em Natal. Al\u00e9m disso, ele roubou tr\u00eas motocicletas. Todos os crimes foram cometidos nos \u00faltimos dois meses de sua chegada vinda de Pernambuco, onde foi respons\u00e1vel por 18 furtos. Michael da Silva foi encaminhado ao sistema prisional onde continuar\u00e1 recebendo disposi\u00e7\u00e3o judicial.<br \/><br \/><br \/><br \/><\/figcaption><\/figure>\n\n\n\n<figure class=\"wp-block-video\"><video height=\"720\" style=\"aspect-ratio: 1252 \/ 720;\" width=\"1252\" controls src=\"https:\/\/noticiasnoface.com.br\/wp-content\/uploads\/2023\/06\/06142023110155am3uwc8.mp4\"><\/video><figcaption class=\"wp-element-caption\">Ladrao de bicicleta foi preso <\/figcaption><\/figure>\n","protected":false},"excerpt":{"rendered":"","protected":false},"author":1,"featured_media":0,"comment_status":"open","ping_status":"open","sticky":false,"template":"","format":"standard","meta":{"site-sidebar-layout":"default","site-content-layout":"","ast-site-content-layout":"default","site-content-style":"default","site-sidebar-style":"default","ast-global-header-display":"","ast-banner-title-visibility":"","ast-main-header-display":"","ast-hfb-above-header-display":"","ast-hfb-below-header-display":"","ast-hfb-mobile-header-display":"","site-post-title":"","ast-breadcrumbs-content":"","ast-featured-img":"","footer-sml-layout":"","ast-disable-related-posts":"","theme-transparent-header-meta":"","adv-header-id-meta":"","stick-header-meta":"","header-above-stick-meta":"","header-main-stick-meta":"","header-below-stick-meta":"","astra-migrate-meta-layouts":"default","ast-page-background-enabled":"default","ast-page-background-meta":{"desktop":{"background-color":"var(--ast-global-color-4)","background-image":"","background-repeat":"repeat","background-position":"center center","background-size":"auto","background-attachment":"scroll","background-type":"","background-media":"","overlay-type":"","overlay-color":"","overlay-opacity":"","overlay-gradient":""},"tablet":{"background-color":"","background-image":"","background-repeat":"repeat","background-position":"center center","background-size":"auto","background-attachment":"scroll","background-type":"","background-media":"","overlay-type":"","overlay-color":"","overlay-opacity":"","overlay-gradient":""},"mobile":{"background-color":"","background-image":"","background-repeat":"repeat","background-position":"center center","background-size":"auto","background-attachment":"scroll","background-type":"","background-media":"","overlay-type":"","overlay-color":"","overlay-opacity":"","overlay-gradient":""}},"ast-content-background-meta":{"desktop":{"background-color":"var(--ast-global-color-5)","background-image":"","background-repeat":"repeat","background-position":"center center","background-size":"auto","background-attachment":"scroll","background-type":"","background-media":"","overlay-type":"","overlay-color":"","overlay-opacity":"","overlay-gradient":""},"tablet":{"background-color":"var(--ast-global-color-5)","background-image":"","background-repeat":"repeat","background-position":"center center","background-size":"auto","background-attachment":"scroll","background-type":"","background-media":"","overlay-type":"","overlay-color":"","overlay-opacity":"","overlay-gradient":""},"mobile":{"background-color":"var(--ast-global-color-5)","background-image":"","background-repeat":"repeat","background-position":"center center","background-size":"auto","background-attachment":"scroll","background-type":"","background-media":"","overlay-type":"","overlay-color":"","overlay-opacity":"","overlay-gradient":""}},"footnotes":""},"categories":[517],"tags":[3043,579,2236,50,199,525],"class_list":["post-16915","post","type-post","status-publish","format-standard","hentry","category-aconteceu","tag-bike","tag-ladrao","tag-noticas-no-face","tag-noticias-do-face","tag-noticiasnoface","tag-preso"],"_links":{"self":[{"href":"https:\/\/noticiasnoface.com.br\/index.php\/wp-json\/wp\/v2\/posts\/16915","targetHints":{"allow":["GET"]}}],"collection":[{"href":"https:\/\/noticiasnoface.com.br\/index.php\/wp-json\/wp\/v2\/posts"}],"about":[{"href":"https:\/\/noticiasnoface.com.br\/index.php\/wp-json\/wp\/v2\/types\/post"}],"author":[{"embeddable":true,"href":"https:\/\/noticiasnoface.com.br\/index.php\/wp-json\/wp\/v2\/users\/1"}],"replies":[{"embeddable":true,"href":"https:\/\/noticiasnoface.com.br\/index.php\/wp-json\/wp\/v2\/comments?post=16915"}],"version-history":[{"count":1,"href":"https:\/\/noticiasnoface.com.br\/index.php\/wp-json\/wp\/v2\/posts\/16915\/revisions"}],"predecessor-version":[{"id":16916,"href":"https:\/\/noticiasnoface.com.br\/index.php\/wp-json\/wp\/v2\/posts\/16915\/revisions\/16916"}],"wp:attachment":[{"href":"https:\/\/noticiasnoface.com.br\/index.php\/wp-json\/wp\/v2\/media?parent=16915"}],"wp:term":[{"taxonomy":"category","embeddable":true,"href":"https:\/\/noticiasnoface.com.br\/index.php\/wp-json\/wp\/v2\/categories?post=16915"},{"taxonomy":"post_tag","embeddable":true,"href":"https:\/\/noticiasnoface.com.br\/index.php\/wp-json\/wp\/v2\/tags?post=16915"}],"curies":[{"name":"wp","href":"https:\/\/api.w.org\/{rel}","templated":true}]}}