{"id":16923,"date":"2023-06-14T14:18:59","date_gmt":"2023-06-14T17:18:59","guid":{"rendered":"https:\/\/noticiasnoface.com.br\/?p=16923"},"modified":"2023-06-14T14:19:00","modified_gmt":"2023-06-14T17:19:00","slug":"camara-municipal-de-parnamirim-inicia-instalacao-de-energia-solar","status":"publish","type":"post","link":"https:\/\/noticiasnoface.com.br\/index.php\/2023\/06\/14\/camara-municipal-de-parnamirim-inicia-instalacao-de-energia-solar\/","title":{"rendered":"C\u00e2mara municipal de Parnamirim inicia instala\u00e7\u00e3o de energia solar"},"content":{"rendered":"\n<figure class=\"wp-block-image size-large\"><img data-opt-id=1194400146  fetchpriority=\"high\" decoding=\"async\" width=\"1024\" height=\"769\" src=\"https:\/\/mlbfrsat7ahr.i.optimole.com\/w:1024\/h:769\/q:mauto\/ig:avif\/https:\/\/noticiasnoface.com.br\/wp-content\/uploads\/2023\/06\/photo-output-32.jpg\" class=\"wp-image-16922\" srcset=\"https:\/\/mlbfrsat7ahr.i.optimole.com\/w:1024\/h:769\/q:mauto\/ig:avif\/https:\/\/noticiasnoface.com.br\/wp-content\/uploads\/2023\/06\/photo-output-32.jpg 1024w, https:\/\/mlbfrsat7ahr.i.optimole.com\/w:300\/h:225\/q:mauto\/ig:avif\/https:\/\/noticiasnoface.com.br\/wp-content\/uploads\/2023\/06\/photo-output-32.jpg 300w, https:\/\/mlbfrsat7ahr.i.optimole.com\/w:768\/h:577\/q:mauto\/ig:avif\/https:\/\/noticiasnoface.com.br\/wp-content\/uploads\/2023\/06\/photo-output-32.jpg 768w, https:\/\/mlbfrsat7ahr.i.optimole.com\/w:1437\/h:1080\/q:mauto\/ig:avif\/https:\/\/noticiasnoface.com.br\/wp-content\/uploads\/2023\/06\/photo-output-32.jpg 1536w, https:\/\/mlbfrsat7ahr.i.optimole.com\/w:1438\/h:1080\/q:mauto\/ig:avif\/https:\/\/noticiasnoface.com.br\/wp-content\/uploads\/2023\/06\/photo-output-32.jpg 2048w\" sizes=\"(max-width: 1000px) 100vw, 1000px\" \/><figcaption class=\"wp-element-caption\"><em>Casa Legislativa recebe placas de energia solar<\/em><br>Dando continuidade ao projeto de implanta\u00e7\u00e3o da energia solar, a C\u00e2mara de Parnamirim recebeu na manh\u00e3 desta quarta-feira (14), novas placas solares. A pr\u00f3xima etapa \u00e9 a instala\u00e7\u00e3o dos equipamentos.<br>O presidente da Casa, vereador Wolney Fran\u00e7a, manifestou sua satisfa\u00e7\u00e3o e expectativas positivas com a instala\u00e7\u00e3o das placas. \u201cComo Poder Legislativo Municipal, precisamos considerar os cuidados com os recursos p\u00fablicos e tamb\u00e9m com o meio ambiente.<br>A continuidade desse projeto representa mais um avan\u00e7o nesse sentido\u201d, declarou.<br>A iniciativa atende ao eixo da Agenda Ambiental da Administra\u00e7\u00e3o P\u00fablica (A3P) que visa o \u201cuso racional dos recursos naturais e bens p\u00fablicos\u201d por meio da energia solar, uma fonte renov\u00e1vel. Essa medida prioriza a sustentabilidade e a conserva\u00e7\u00e3o de energia.<\/figcaption><\/figure>\n","protected":false},"excerpt":{"rendered":"","protected":false},"author":1,"featured_media":0,"comment_status":"open","ping_status":"open","sticky":false,"template":"","format":"standard","meta":{"site-sidebar-layout":"default","site-content-layout":"","ast-site-content-layout":"default","site-content-style":"default","site-sidebar-style":"default","ast-global-header-display":"","ast-banner-title-visibility":"","ast-main-header-display":"","ast-hfb-above-header-display":"","ast-hfb-below-header-display":"","ast-hfb-mobile-header-display":"","site-post-title":"","ast-breadcrumbs-content":"","ast-featured-img":"","footer-sml-layout":"","ast-disable-related-posts":"","theme-transparent-header-meta":"","adv-header-id-meta":"","stick-header-meta":"","header-above-stick-meta":"","header-main-stick-meta":"","header-below-stick-meta":"","astra-migrate-meta-layouts":"default","ast-page-background-enabled":"default","ast-page-background-meta":{"desktop":{"background-color":"var(--ast-global-color-4)","background-image":"","background-repeat":"repeat","background-position":"center center","background-size":"auto","background-attachment":"scroll","background-type":"","background-media":"","overlay-type":"","overlay-color":"","overlay-opacity":"","overlay-gradient":""},"tablet":{"background-color":"","background-image":"","background-repeat":"repeat","background-position":"center center","background-size":"auto","background-attachment":"scroll","background-type":"","background-media":"","overlay-type":"","overlay-color":"","overlay-opacity":"","overlay-gradient":""},"mobile":{"background-color":"","background-image":"","background-repeat":"repeat","background-position":"center center","background-size":"auto","background-attachment":"scroll","background-type":"","background-media":"","overlay-type":"","overlay-color":"","overlay-opacity":"","overlay-gradient":""}},"ast-content-background-meta":{"desktop":{"background-color":"var(--ast-global-color-5)","background-image":"","background-repeat":"repeat","background-position":"center center","background-size":"auto","background-attachment":"scroll","background-type":"","background-media":"","overlay-type":"","overlay-color":"","overlay-opacity":"","overlay-gradient":""},"tablet":{"background-color":"var(--ast-global-color-5)","background-image":"","background-repeat":"repeat","background-position":"center center","background-size":"auto","background-attachment":"scroll","background-type":"","background-media":"","overlay-type":"","overlay-color":"","overlay-opacity":"","overlay-gradient":""},"mobile":{"background-color":"var(--ast-global-color-5)","background-image":"","background-repeat":"repeat","background-position":"center center","background-size":"auto","background-attachment":"scroll","background-type":"","background-media":"","overlay-type":"","overlay-color":"","overlay-opacity":"","overlay-gradient":""}},"footnotes":""},"categories":[517],"tags":[],"class_list":["post-16923","post","type-post","status-publish","format-standard","hentry","category-aconteceu"],"_links":{"self":[{"href":"https:\/\/noticiasnoface.com.br\/index.php\/wp-json\/wp\/v2\/posts\/16923","targetHints":{"allow":["GET"]}}],"collection":[{"href":"https:\/\/noticiasnoface.com.br\/index.php\/wp-json\/wp\/v2\/posts"}],"about":[{"href":"https:\/\/noticiasnoface.com.br\/index.php\/wp-json\/wp\/v2\/types\/post"}],"author":[{"embeddable":true,"href":"https:\/\/noticiasnoface.com.br\/index.php\/wp-json\/wp\/v2\/users\/1"}],"replies":[{"embeddable":true,"href":"https:\/\/noticiasnoface.com.br\/index.php\/wp-json\/wp\/v2\/comments?post=16923"}],"version-history":[{"count":1,"href":"https:\/\/noticiasnoface.com.br\/index.php\/wp-json\/wp\/v2\/posts\/16923\/revisions"}],"predecessor-version":[{"id":16924,"href":"https:\/\/noticiasnoface.com.br\/index.php\/wp-json\/wp\/v2\/posts\/16923\/revisions\/16924"}],"wp:attachment":[{"href":"https:\/\/noticiasnoface.com.br\/index.php\/wp-json\/wp\/v2\/media?parent=16923"}],"wp:term":[{"taxonomy":"category","embeddable":true,"href":"https:\/\/noticiasnoface.com.br\/index.php\/wp-json\/wp\/v2\/categories?post=16923"},{"taxonomy":"post_tag","embeddable":true,"href":"https:\/\/noticiasnoface.com.br\/index.php\/wp-json\/wp\/v2\/tags?post=16923"}],"curies":[{"name":"wp","href":"https:\/\/api.w.org\/{rel}","templated":true}]}}