{"id":16929,"date":"2023-06-14T15:15:02","date_gmt":"2023-06-14T18:15:02","guid":{"rendered":"https:\/\/noticiasnoface.com.br\/?p=16929"},"modified":"2023-06-14T15:26:00","modified_gmt":"2023-06-14T18:26:00","slug":"homem-finge-a-propria-morte-e-aparece-no-funeral-de-helicoptero-veja-video","status":"publish","type":"post","link":"https:\/\/noticiasnoface.com.br\/index.php\/2023\/06\/14\/homem-finge-a-propria-morte-e-aparece-no-funeral-de-helicoptero-veja-video\/","title":{"rendered":"Homem finge a pr\u00f3pria morte e aparece no funeral de helic\u00f3ptero, VEJA V\u00cdDEO"},"content":{"rendered":"\n<figure class=\"wp-block-image size-large\"><img data-opt-id=1205389771  fetchpriority=\"high\" decoding=\"async\" width=\"1024\" height=\"684\" src=\"https:\/\/mlbfrsat7ahr.i.optimole.com\/w:1024\/h:684\/q:mauto\/ig:avif\/https:\/\/noticiasnoface.com.br\/wp-content\/uploads\/2023\/06\/photo-output-33.jpg\" alt=\"\" class=\"wp-image-16927\" srcset=\"https:\/\/mlbfrsat7ahr.i.optimole.com\/w:1024\/h:684\/q:mauto\/ig:avif\/https:\/\/noticiasnoface.com.br\/wp-content\/uploads\/2023\/06\/photo-output-33.jpg 1024w, https:\/\/mlbfrsat7ahr.i.optimole.com\/w:300\/h:200\/q:mauto\/ig:avif\/https:\/\/noticiasnoface.com.br\/wp-content\/uploads\/2023\/06\/photo-output-33.jpg 300w, https:\/\/mlbfrsat7ahr.i.optimole.com\/w:768\/h:513\/q:mauto\/ig:avif\/https:\/\/noticiasnoface.com.br\/wp-content\/uploads\/2023\/06\/photo-output-33.jpg 768w, https:\/\/mlbfrsat7ahr.i.optimole.com\/w:1536\/h:1025\/q:mauto\/ig:avif\/https:\/\/noticiasnoface.com.br\/wp-content\/uploads\/2023\/06\/photo-output-33.jpg 1536w, https:\/\/mlbfrsat7ahr.i.optimole.com\/w:1618\/h:1080\/q:mauto\/ig:avif\/https:\/\/noticiasnoface.com.br\/wp-content\/uploads\/2023\/06\/photo-output-33.jpg 2048w\" sizes=\"(max-width: 1000px) 100vw, 1000px\" \/><figcaption class=\"wp-element-caption\">S\u00c3O PAULO, SP (UOL\/FOLHAPRESS) \u2013 Um homem fingiu a pr\u00f3pria morte e apareceu no funeral de helic\u00f3ptero em Li\u00e8ge, na B\u00e9lgica, no \u00faltimo fim de semana.<br>O falso funeral do influencer David Baerten teve a presen\u00e7a de dezenas de amigos e familiares vestidos de preto, que esperavam a cerim\u00f4nia e foram surpreendidos.<br>Ele saiu do helic\u00f3ptero ao lado de uma equipe de filmagem enquanto cumprimentava as pessoas coa a frase: \u201cSa\u00fade a todos, bem-vindos ao meu funeral\u201d, segundo o jornal norte-americano New York Post.<br>Algumas pessoas ficaram felizes com o \u201cretorno\u201d de Baerten, enquanto outras ficaram confusas com o que estava acontecendo. Baerten alegou que fez isso porque n\u00e3o estava gostando do tratamento que sua fam\u00edlia e amigos estavam dando a ele.<br>Baerten planejou a pegadinha junto com a esposa e os filhos. Para divulgar a not\u00edcia da \u201cmorte\u201d, um de seus filhos foi \u00e0s redes sociais e escreveu uma homenagem ao pai.<br>\u201cDescanse em paz papai. Nunca vou parar de pensar em voc\u00ea [\u2026] Por que a vida \u00e9 t\u00e3o injusta? Por que voc\u00ea? Voc\u00ea ia ser av\u00f4 e ainda tinha uma vida inteira pela frente. Eu te amo! N\u00f3s te amamos! Jamais iremos te esquecer\u201d, escreveu a filha de David Baerten em uma rede social<br>O belga afirmou que alguns entes queridos o procuraram desde a pegadinha. \u201cQuem n\u00e3o veio, entrou em contato comigo para marcar um encontro. Ent\u00e3o, de certa forma, eu venci\u201d, disse.<br>\u201cO que vejo na minha fam\u00edlia muitas vezes me machuca, nunca sou convidado para nada. Ningu\u00e9m me v\u00ea. Todos n\u00f3s nos distanciamos. N\u00e3o me senti valorizado [\u2026] \u00c9 por isso que eu queria dar a eles uma li\u00e7\u00e3o de vida e mostrar a eles que voc\u00ea n\u00e3o deve esperar at\u00e9 que algu\u00e9m morra para encontr\u00e1-los\u201d, disse David Baerten<br><strong>Reda\u00e7\u00e3o<\/strong> \/ Folhapress<\/figcaption><\/figure>\n\n\n\n<figure class=\"wp-block-video\"><video height=\"960\" style=\"aspect-ratio: 540 \/ 960;\" width=\"540\" controls src=\"https:\/\/noticiasnoface.com.br\/wp-content\/uploads\/2023\/06\/c1da046d-23bd-41b9-8b15-b1878d1066e4.mp4\"><\/video><figcaption class=\"wp-element-caption\">Homem finge o pr\u00f3prio vel\u00f3rio <\/figcaption><\/figure>\n","protected":false},"excerpt":{"rendered":"","protected":false},"author":1,"featured_media":0,"comment_status":"open","ping_status":"open","sticky":false,"template":"","format":"standard","meta":{"site-sidebar-layout":"default","site-content-layout":"","ast-site-content-layout":"default","site-content-style":"default","site-sidebar-style":"default","ast-global-header-display":"","ast-banner-title-visibility":"","ast-main-header-display":"","ast-hfb-above-header-display":"","ast-hfb-below-header-display":"","ast-hfb-mobile-header-display":"","site-post-title":"","ast-breadcrumbs-content":"","ast-featured-img":"","footer-sml-layout":"","ast-disable-related-posts":"","theme-transparent-header-meta":"","adv-header-id-meta":"","stick-header-meta":"","header-above-stick-meta":"","header-main-stick-meta":"","header-below-stick-meta":"","astra-migrate-meta-layouts":"default","ast-page-background-enabled":"default","ast-page-background-meta":{"desktop":{"background-color":"var(--ast-global-color-4)","background-image":"","background-repeat":"repeat","background-position":"center center","background-size":"auto","background-attachment":"scroll","background-type":"","background-media":"","overlay-type":"","overlay-color":"","overlay-opacity":"","overlay-gradient":""},"tablet":{"background-color":"","background-image":"","background-repeat":"repeat","background-position":"center center","background-size":"auto","background-attachment":"scroll","background-type":"","background-media":"","overlay-type":"","overlay-color":"","overlay-opacity":"","overlay-gradient":""},"mobile":{"background-color":"","background-image":"","background-repeat":"repeat","background-position":"center center","background-size":"auto","background-attachment":"scroll","background-type":"","background-media":"","overlay-type":"","overlay-color":"","overlay-opacity":"","overlay-gradient":""}},"ast-content-background-meta":{"desktop":{"background-color":"var(--ast-global-color-5)","background-image":"","background-repeat":"repeat","background-position":"center center","background-size":"auto","background-attachment":"scroll","background-type":"","background-media":"","overlay-type":"","overlay-color":"","overlay-opacity":"","overlay-gradient":""},"tablet":{"background-color":"var(--ast-global-color-5)","background-image":"","background-repeat":"repeat","background-position":"center center","background-size":"auto","background-attachment":"scroll","background-type":"","background-media":"","overlay-type":"","overlay-color":"","overlay-opacity":"","overlay-gradient":""},"mobile":{"background-color":"var(--ast-global-color-5)","background-image":"","background-repeat":"repeat","background-position":"center center","background-size":"auto","background-attachment":"scroll","background-type":"","background-media":"","overlay-type":"","overlay-color":"","overlay-opacity":"","overlay-gradient":""}},"footnotes":""},"categories":[517],"tags":[3046,607,2236,50,199,763],"class_list":["post-16929","post","type-post","status-publish","format-standard","hentry","category-aconteceu","tag-helicoptero","tag-homem","tag-noticas-no-face","tag-noticias-do-face","tag-noticiasnoface","tag-velorio"],"_links":{"self":[{"href":"https:\/\/noticiasnoface.com.br\/index.php\/wp-json\/wp\/v2\/posts\/16929","targetHints":{"allow":["GET"]}}],"collection":[{"href":"https:\/\/noticiasnoface.com.br\/index.php\/wp-json\/wp\/v2\/posts"}],"about":[{"href":"https:\/\/noticiasnoface.com.br\/index.php\/wp-json\/wp\/v2\/types\/post"}],"author":[{"embeddable":true,"href":"https:\/\/noticiasnoface.com.br\/index.php\/wp-json\/wp\/v2\/users\/1"}],"replies":[{"embeddable":true,"href":"https:\/\/noticiasnoface.com.br\/index.php\/wp-json\/wp\/v2\/comments?post=16929"}],"version-history":[{"count":2,"href":"https:\/\/noticiasnoface.com.br\/index.php\/wp-json\/wp\/v2\/posts\/16929\/revisions"}],"predecessor-version":[{"id":16931,"href":"https:\/\/noticiasnoface.com.br\/index.php\/wp-json\/wp\/v2\/posts\/16929\/revisions\/16931"}],"wp:attachment":[{"href":"https:\/\/noticiasnoface.com.br\/index.php\/wp-json\/wp\/v2\/media?parent=16929"}],"wp:term":[{"taxonomy":"category","embeddable":true,"href":"https:\/\/noticiasnoface.com.br\/index.php\/wp-json\/wp\/v2\/categories?post=16929"},{"taxonomy":"post_tag","embeddable":true,"href":"https:\/\/noticiasnoface.com.br\/index.php\/wp-json\/wp\/v2\/tags?post=16929"}],"curies":[{"name":"wp","href":"https:\/\/api.w.org\/{rel}","templated":true}]}}