{"id":16935,"date":"2023-06-14T21:59:22","date_gmt":"2023-06-15T00:59:22","guid":{"rendered":"https:\/\/noticiasnoface.com.br\/?p=16935"},"modified":"2023-06-14T21:59:23","modified_gmt":"2023-06-15T00:59:23","slug":"era-so-o-que-faltava-aprovada-urgencia-de-projeto-que-proibe-xingar-politicos","status":"publish","type":"post","link":"https:\/\/noticiasnoface.com.br\/index.php\/2023\/06\/14\/era-so-o-que-faltava-aprovada-urgencia-de-projeto-que-proibe-xingar-politicos\/","title":{"rendered":"ERA S\u00d3 O QUE FALTAVA: Aprovada urg\u00eancia de projeto que pro\u00edbe xingar pol\u00edticos"},"content":{"rendered":"\n<figure class=\"wp-block-image size-large\"><img data-opt-id=1826317383  fetchpriority=\"high\" decoding=\"async\" width=\"1024\" height=\"684\" src=\"https:\/\/mlbfrsat7ahr.i.optimole.com\/w:1024\/h:684\/q:mauto\/ig:avif\/https:\/\/noticiasnoface.com.br\/wp-content\/uploads\/2023\/06\/photo-output-34.jpg\" class=\"wp-image-16934\" srcset=\"https:\/\/mlbfrsat7ahr.i.optimole.com\/w:1024\/h:684\/q:mauto\/ig:avif\/https:\/\/noticiasnoface.com.br\/wp-content\/uploads\/2023\/06\/photo-output-34.jpg 1024w, https:\/\/mlbfrsat7ahr.i.optimole.com\/w:300\/h:200\/q:mauto\/ig:avif\/https:\/\/noticiasnoface.com.br\/wp-content\/uploads\/2023\/06\/photo-output-34.jpg 300w, https:\/\/mlbfrsat7ahr.i.optimole.com\/w:768\/h:513\/q:mauto\/ig:avif\/https:\/\/noticiasnoface.com.br\/wp-content\/uploads\/2023\/06\/photo-output-34.jpg 768w, https:\/\/mlbfrsat7ahr.i.optimole.com\/w:1536\/h:1025\/q:mauto\/ig:avif\/https:\/\/noticiasnoface.com.br\/wp-content\/uploads\/2023\/06\/photo-output-34.jpg 1536w, https:\/\/mlbfrsat7ahr.i.optimole.com\/w:1618\/h:1080\/q:mauto\/ig:avif\/https:\/\/noticiasnoface.com.br\/wp-content\/uploads\/2023\/06\/photo-output-34.jpg 2048w\" sizes=\"(max-width: 1000px) 100vw, 1000px\" \/><figcaption class=\"wp-element-caption\">Aprovada urg\u00eancia para projeto que tipifica crimes de discrimina\u00e7\u00e3o contra pessoas politicamente expostas; acompanhe.<br><img data-opt-id=918970451  fetchpriority=\"high\" decoding=\"async\" src=\"https:\/\/www.camara.leg.br\/midias\/image\/2023\/06\/img20230614185839067-768x473.jpg\" alt=\"Discuss\u00e3o e vota\u00e7\u00e3o de propostas.\"><br>Deputados analisam propostas em Plen\u00e1rio<br>A C\u00e2mara dos Deputados aprovou o regime de urg\u00eancia para o Projeto de Lei 2720\/23, da deputada Dani Cunha (Uni\u00e3o-RJ), que tipifica crimes de discrimina\u00e7\u00e3o contra pessoas politicamente expostas em casos como negativa de abertura ou manuten\u00e7\u00e3o de conta em institui\u00e7\u00f5es financeiras. O projeto ser\u00e1 votado em seguida na sess\u00e3o do Plen\u00e1rio.<br>O relator designado, deputado Claudio Cajado (PP-BA), explicou que o projeto permite \u00e0s pessoas politicamente expostas \u201cterem acesso ao fundamento usado para a recusa do exerc\u00edcio de direitos que qualquer cidad\u00e3o tem\u201d.<br>Fonte: Ag\u00eancia C\u00e2mara de Not\u00edcias<\/figcaption><\/figure>\n","protected":false},"excerpt":{"rendered":"","protected":false},"author":1,"featured_media":0,"comment_status":"open","ping_status":"open","sticky":false,"template":"","format":"standard","meta":{"site-sidebar-layout":"default","site-content-layout":"","ast-site-content-layout":"default","site-content-style":"default","site-sidebar-style":"default","ast-global-header-display":"","ast-banner-title-visibility":"","ast-main-header-display":"","ast-hfb-above-header-display":"","ast-hfb-below-header-display":"","ast-hfb-mobile-header-display":"","site-post-title":"","ast-breadcrumbs-content":"","ast-featured-img":"","footer-sml-layout":"","ast-disable-related-posts":"","theme-transparent-header-meta":"","adv-header-id-meta":"","stick-header-meta":"","header-above-stick-meta":"","header-main-stick-meta":"","header-below-stick-meta":"","astra-migrate-meta-layouts":"default","ast-page-background-enabled":"default","ast-page-background-meta":{"desktop":{"background-color":"var(--ast-global-color-4)","background-image":"","background-repeat":"repeat","background-position":"center center","background-size":"auto","background-attachment":"scroll","background-type":"","background-media":"","overlay-type":"","overlay-color":"","overlay-opacity":"","overlay-gradient":""},"tablet":{"background-color":"","background-image":"","background-repeat":"repeat","background-position":"center center","background-size":"auto","background-attachment":"scroll","background-type":"","background-media":"","overlay-type":"","overlay-color":"","overlay-opacity":"","overlay-gradient":""},"mobile":{"background-color":"","background-image":"","background-repeat":"repeat","background-position":"center center","background-size":"auto","background-attachment":"scroll","background-type":"","background-media":"","overlay-type":"","overlay-color":"","overlay-opacity":"","overlay-gradient":""}},"ast-content-background-meta":{"desktop":{"background-color":"var(--ast-global-color-5)","background-image":"","background-repeat":"repeat","background-position":"center center","background-size":"auto","background-attachment":"scroll","background-type":"","background-media":"","overlay-type":"","overlay-color":"","overlay-opacity":"","overlay-gradient":""},"tablet":{"background-color":"var(--ast-global-color-5)","background-image":"","background-repeat":"repeat","background-position":"center center","background-size":"auto","background-attachment":"scroll","background-type":"","background-media":"","overlay-type":"","overlay-color":"","overlay-opacity":"","overlay-gradient":""},"mobile":{"background-color":"var(--ast-global-color-5)","background-image":"","background-repeat":"repeat","background-position":"center center","background-size":"auto","background-attachment":"scroll","background-type":"","background-media":"","overlay-type":"","overlay-color":"","overlay-opacity":"","overlay-gradient":""}},"footnotes":""},"categories":[517],"tags":[395,2229,22,199,1135,3047],"class_list":["post-16935","post","type-post","status-publish","format-standard","hentry","category-aconteceu","tag-congresso-nacional","tag-noticas-do-face","tag-noticias-no-face","tag-noticiasnoface","tag-projeto","tag-xingar"],"_links":{"self":[{"href":"https:\/\/noticiasnoface.com.br\/index.php\/wp-json\/wp\/v2\/posts\/16935","targetHints":{"allow":["GET"]}}],"collection":[{"href":"https:\/\/noticiasnoface.com.br\/index.php\/wp-json\/wp\/v2\/posts"}],"about":[{"href":"https:\/\/noticiasnoface.com.br\/index.php\/wp-json\/wp\/v2\/types\/post"}],"author":[{"embeddable":true,"href":"https:\/\/noticiasnoface.com.br\/index.php\/wp-json\/wp\/v2\/users\/1"}],"replies":[{"embeddable":true,"href":"https:\/\/noticiasnoface.com.br\/index.php\/wp-json\/wp\/v2\/comments?post=16935"}],"version-history":[{"count":1,"href":"https:\/\/noticiasnoface.com.br\/index.php\/wp-json\/wp\/v2\/posts\/16935\/revisions"}],"predecessor-version":[{"id":16936,"href":"https:\/\/noticiasnoface.com.br\/index.php\/wp-json\/wp\/v2\/posts\/16935\/revisions\/16936"}],"wp:attachment":[{"href":"https:\/\/noticiasnoface.com.br\/index.php\/wp-json\/wp\/v2\/media?parent=16935"}],"wp:term":[{"taxonomy":"category","embeddable":true,"href":"https:\/\/noticiasnoface.com.br\/index.php\/wp-json\/wp\/v2\/categories?post=16935"},{"taxonomy":"post_tag","embeddable":true,"href":"https:\/\/noticiasnoface.com.br\/index.php\/wp-json\/wp\/v2\/tags?post=16935"}],"curies":[{"name":"wp","href":"https:\/\/api.w.org\/{rel}","templated":true}]}}