{"id":16945,"date":"2023-06-15T06:37:18","date_gmt":"2023-06-15T09:37:18","guid":{"rendered":"https:\/\/noticiasnoface.com.br\/?p=16945"},"modified":"2023-06-15T06:42:16","modified_gmt":"2023-06-15T09:42:16","slug":"no-ceara-deputado-vota-em-sessao-deitado-na-cama-sem-camisa","status":"publish","type":"post","link":"https:\/\/noticiasnoface.com.br\/index.php\/2023\/06\/15\/no-ceara-deputado-vota-em-sessao-deitado-na-cama-sem-camisa\/","title":{"rendered":"No Cear\u00e1 deputado vota em sess\u00e3o deitado na cama sem camisa. VEJA V\u00cdDEO"},"content":{"rendered":"\n<figure class=\"wp-block-image size-large\"><img data-opt-id=1420787482  fetchpriority=\"high\" decoding=\"async\" width=\"1024\" height=\"534\" src=\"https:\/\/mlbfrsat7ahr.i.optimole.com\/w:1024\/h:534\/q:mauto\/ig:avif\/https:\/\/noticiasnoface.com.br\/wp-content\/uploads\/2023\/06\/photo-output-35.jpg\" alt=\"\" class=\"wp-image-16943\" srcset=\"https:\/\/mlbfrsat7ahr.i.optimole.com\/w:1024\/h:534\/q:mauto\/ig:avif\/https:\/\/noticiasnoface.com.br\/wp-content\/uploads\/2023\/06\/photo-output-35.jpg 1024w, https:\/\/mlbfrsat7ahr.i.optimole.com\/w:300\/h:156\/q:mauto\/ig:avif\/https:\/\/noticiasnoface.com.br\/wp-content\/uploads\/2023\/06\/photo-output-35.jpg 300w, https:\/\/mlbfrsat7ahr.i.optimole.com\/w:768\/h:400\/q:mauto\/ig:avif\/https:\/\/noticiasnoface.com.br\/wp-content\/uploads\/2023\/06\/photo-output-35.jpg 768w, https:\/\/mlbfrsat7ahr.i.optimole.com\/w:1536\/h:800\/q:mauto\/ig:avif\/https:\/\/noticiasnoface.com.br\/wp-content\/uploads\/2023\/06\/photo-output-35.jpg 1536w, https:\/\/mlbfrsat7ahr.i.optimole.com\/w:1920\/h:1000\/q:mauto\/ig:avif\/https:\/\/noticiasnoface.com.br\/wp-content\/uploads\/2023\/06\/photo-output-35.jpg 2048w\" sizes=\"(max-width: 1000px) 100vw, 1000px\" \/><figcaption class=\"wp-element-caption\">No Cear\u00e1, deputado estadual vota em sess\u00e3o h\u00edbrida deitado na cama e sem camisa; v\u00eddeo<br \/>Jo\u00e3o Jaime (PP) causou alvoro\u00e7o nas redes sociais na hora de ligar sua c\u00e2mera para confirmar participa\u00e7\u00e3o na vota\u00e7\u00e3o<br \/>No momento, o deputado Osmar Baquit (PDT), que presidia a sess\u00e3o, pede para que os participantes presentes de modo virtual abram suas c\u00e2meras: <br \/>\u2014 Deputado Jo\u00e3o Jaime, por favor, talvez n\u00e3o queira mostrar a beleza, mas mostre a\u00ed por favor. No voto, o combinado \u00e9 que tem que aparecer \u2014 cobra o presidente da sess\u00e3o. <br \/>Ao ver a posi\u00e7\u00e3o de Jaime, Baquit reage com risadas: <br \/>\u2014 Deputado Jo\u00e3o Jaime apareceu. Muito bem, pode sair deputado. Observa-se que o senhor est\u00e1 muito bem \u2014 disse Baquit. <br \/><img data-opt-id=1671909732  fetchpriority=\"high\" decoding=\"async\" src=\"https:\/\/s04.video.glbimg.com\/x240\/11700047.jpg\" alt=\"No Cear\u00e1, deputado estadual vota em sess\u00e3o h\u00edbrida deitado na cama e sem camisa\" class=\"extendsBeyondTextColumn\" \/><br \/>No Cear\u00e1, deputado estadual vota em sess\u00e3o h\u00edbrida deitado na cama e sem camisa <br \/>A Assembleia Legislativa votava um veto do governador Elmano de Freitas (PT) sobre um artigo de uma lei que que previa puni\u00e7\u00e3o a estabelecimentos que n\u00e3o exibissem placas contra a LGBTfobia. Jo\u00e3o Jaime votou a favor do veto. <br \/>Nas redes sociais internautas criticaram a postura do parlamentar. <br \/><br \/>Presidente da sess\u00e3o j\u00e1 cortou cabelo <br \/><br \/>Em agosto de 2021, o deputado que presidiu a sess\u00e3o Osmar Baquit (PDT) viralizou ao aparecer em uma reuni\u00e3o h\u00edbrida cortando o cabelo. <br \/>\u2014 Deputado Romeu, eu estou at\u00e9 aqui cortando o cabelo aqui no VIP, do meu amigo Alex, e n\u00e3o poderia deixar de participar. Eu quero participar o discurso de Vossa Excel\u00eancia \u2014 disse o parlamentar, enquanto o barbeiro cortava o cabelo.<\/figcaption><\/figure>\n\n\n\n<figure class=\"wp-block-video\"><video controls src=\"https:\/\/noticiasnoface.com.br\/wp-content\/uploads\/2023\/06\/06152023063525amz3s55.mp4\"><\/video><figcaption class=\"wp-element-caption\">Deputado no Cear\u00e1 vota sem camisa deitado na cama<\/figcaption><\/figure>\n","protected":false},"excerpt":{"rendered":"","protected":false},"author":1,"featured_media":0,"comment_status":"open","ping_status":"open","sticky":false,"template":"","format":"standard","meta":{"site-sidebar-layout":"default","site-content-layout":"","ast-site-content-layout":"default","site-content-style":"default","site-sidebar-style":"default","ast-global-header-display":"","ast-banner-title-visibility":"","ast-main-header-display":"","ast-hfb-above-header-display":"","ast-hfb-below-header-display":"","ast-hfb-mobile-header-display":"","site-post-title":"","ast-breadcrumbs-content":"","ast-featured-img":"","footer-sml-layout":"","ast-disable-related-posts":"","theme-transparent-header-meta":"","adv-header-id-meta":"","stick-header-meta":"","header-above-stick-meta":"","header-main-stick-meta":"","header-below-stick-meta":"","astra-migrate-meta-layouts":"default","ast-page-background-enabled":"default","ast-page-background-meta":{"desktop":{"background-color":"var(--ast-global-color-4)","background-image":"","background-repeat":"repeat","background-position":"center center","background-size":"auto","background-attachment":"scroll","background-type":"","background-media":"","overlay-type":"","overlay-color":"","overlay-opacity":"","overlay-gradient":""},"tablet":{"background-color":"","background-image":"","background-repeat":"repeat","background-position":"center center","background-size":"auto","background-attachment":"scroll","background-type":"","background-media":"","overlay-type":"","overlay-color":"","overlay-opacity":"","overlay-gradient":""},"mobile":{"background-color":"","background-image":"","background-repeat":"repeat","background-position":"center center","background-size":"auto","background-attachment":"scroll","background-type":"","background-media":"","overlay-type":"","overlay-color":"","overlay-opacity":"","overlay-gradient":""}},"ast-content-background-meta":{"desktop":{"background-color":"var(--ast-global-color-5)","background-image":"","background-repeat":"repeat","background-position":"center center","background-size":"auto","background-attachment":"scroll","background-type":"","background-media":"","overlay-type":"","overlay-color":"","overlay-opacity":"","overlay-gradient":""},"tablet":{"background-color":"var(--ast-global-color-5)","background-image":"","background-repeat":"repeat","background-position":"center center","background-size":"auto","background-attachment":"scroll","background-type":"","background-media":"","overlay-type":"","overlay-color":"","overlay-opacity":"","overlay-gradient":""},"mobile":{"background-color":"var(--ast-global-color-5)","background-image":"","background-repeat":"repeat","background-position":"center center","background-size":"auto","background-attachment":"scroll","background-type":"","background-media":"","overlay-type":"","overlay-color":"","overlay-opacity":"","overlay-gradient":""}},"footnotes":""},"categories":[517],"tags":[3048,983,2229,22,199,3049],"class_list":["post-16945","post","type-post","status-publish","format-standard","hentry","category-aconteceu","tag-deitado-na-cama","tag-deputado","tag-noticas-do-face","tag-noticias-no-face","tag-noticiasnoface","tag-sem-camisa"],"_links":{"self":[{"href":"https:\/\/noticiasnoface.com.br\/index.php\/wp-json\/wp\/v2\/posts\/16945","targetHints":{"allow":["GET"]}}],"collection":[{"href":"https:\/\/noticiasnoface.com.br\/index.php\/wp-json\/wp\/v2\/posts"}],"about":[{"href":"https:\/\/noticiasnoface.com.br\/index.php\/wp-json\/wp\/v2\/types\/post"}],"author":[{"embeddable":true,"href":"https:\/\/noticiasnoface.com.br\/index.php\/wp-json\/wp\/v2\/users\/1"}],"replies":[{"embeddable":true,"href":"https:\/\/noticiasnoface.com.br\/index.php\/wp-json\/wp\/v2\/comments?post=16945"}],"version-history":[{"count":2,"href":"https:\/\/noticiasnoface.com.br\/index.php\/wp-json\/wp\/v2\/posts\/16945\/revisions"}],"predecessor-version":[{"id":16947,"href":"https:\/\/noticiasnoface.com.br\/index.php\/wp-json\/wp\/v2\/posts\/16945\/revisions\/16947"}],"wp:attachment":[{"href":"https:\/\/noticiasnoface.com.br\/index.php\/wp-json\/wp\/v2\/media?parent=16945"}],"wp:term":[{"taxonomy":"category","embeddable":true,"href":"https:\/\/noticiasnoface.com.br\/index.php\/wp-json\/wp\/v2\/categories?post=16945"},{"taxonomy":"post_tag","embeddable":true,"href":"https:\/\/noticiasnoface.com.br\/index.php\/wp-json\/wp\/v2\/tags?post=16945"}],"curies":[{"name":"wp","href":"https:\/\/api.w.org\/{rel}","templated":true}]}}