{"id":17228,"date":"2023-06-26T21:24:56","date_gmt":"2023-06-27T00:24:56","guid":{"rendered":"https:\/\/noticiasnoface.com.br\/?p=17228"},"modified":"2023-06-26T21:24:57","modified_gmt":"2023-06-27T00:24:57","slug":"camara-municipal-de-parnamirim-abre-minicurso-sobre-lei-de-protecao-de-dados","status":"publish","type":"post","link":"https:\/\/noticiasnoface.com.br\/index.php\/2023\/06\/26\/camara-municipal-de-parnamirim-abre-minicurso-sobre-lei-de-protecao-de-dados\/","title":{"rendered":"C\u00e2mara municipal de Parnamirim abre minicurso sobre lei de prote\u00e7\u00e3o de dados"},"content":{"rendered":"\n<figure class=\"wp-block-image size-large\"><img data-opt-id=1733108585  fetchpriority=\"high\" decoding=\"async\" width=\"1024\" height=\"952\" src=\"https:\/\/mlbfrsat7ahr.i.optimole.com\/w:1024\/h:952\/q:mauto\/ig:avif\/https:\/\/noticiasnoface.com.br\/wp-content\/uploads\/2023\/06\/c5ed9e41-6949-4d78-969f-48c17838c3c7.jpg\" class=\"wp-image-17227\" srcset=\"https:\/\/mlbfrsat7ahr.i.optimole.com\/w:1024\/h:952\/q:mauto\/ig:avif\/https:\/\/noticiasnoface.com.br\/wp-content\/uploads\/2023\/06\/c5ed9e41-6949-4d78-969f-48c17838c3c7.jpg 1024w, https:\/\/mlbfrsat7ahr.i.optimole.com\/w:300\/h:279\/q:mauto\/ig:avif\/https:\/\/noticiasnoface.com.br\/wp-content\/uploads\/2023\/06\/c5ed9e41-6949-4d78-969f-48c17838c3c7.jpg 300w, https:\/\/mlbfrsat7ahr.i.optimole.com\/w:768\/h:714\/q:mauto\/ig:avif\/https:\/\/noticiasnoface.com.br\/wp-content\/uploads\/2023\/06\/c5ed9e41-6949-4d78-969f-48c17838c3c7.jpg 768w, https:\/\/mlbfrsat7ahr.i.optimole.com\/w:1161\/h:1080\/q:mauto\/ig:avif\/https:\/\/noticiasnoface.com.br\/wp-content\/uploads\/2023\/06\/c5ed9e41-6949-4d78-969f-48c17838c3c7.jpg 1536w, https:\/\/mlbfrsat7ahr.i.optimole.com\/w:1161\/h:1080\/q:mauto\/ig:avif\/https:\/\/noticiasnoface.com.br\/wp-content\/uploads\/2023\/06\/c5ed9e41-6949-4d78-969f-48c17838c3c7.jpg 1600w\" sizes=\"(max-width: 1000px) 100vw, 1000px\" \/><figcaption class=\"wp-element-caption\">Na manh\u00e3 desta segunda-feira (26), a C\u00e2mara Municipal de Parnamirim realizou, por meio da Escola do Legislativo, um minicurso de introdu\u00e7\u00e3o \u00e0 Lei Geral de Prote\u00e7\u00e3o de Dados (13.709\/2018) no Plenarinho.<br>O Procurador-Geral da C\u00e2mara, Canind\u00e9 Alves, e o especialista em direito digital e compliance, Caio Luiz Ara\u00fajo, abordaram temas como: a necessidade da lei; a import\u00e2ncia da prote\u00e7\u00e3o de dados; a diferen\u00e7a de uso de dados por entidades privadas e p\u00fablicas; os princ\u00edpios gerais da prote\u00e7\u00e3o de dados; e as bases legais, al\u00e9m de outros temas.<\/figcaption><\/figure>\n","protected":false},"excerpt":{"rendered":"","protected":false},"author":1,"featured_media":0,"comment_status":"open","ping_status":"open","sticky":false,"template":"","format":"standard","meta":{"site-sidebar-layout":"default","site-content-layout":"","ast-site-content-layout":"default","site-content-style":"default","site-sidebar-style":"default","ast-global-header-display":"","ast-banner-title-visibility":"","ast-main-header-display":"","ast-hfb-above-header-display":"","ast-hfb-below-header-display":"","ast-hfb-mobile-header-display":"","site-post-title":"","ast-breadcrumbs-content":"","ast-featured-img":"","footer-sml-layout":"","ast-disable-related-posts":"","theme-transparent-header-meta":"","adv-header-id-meta":"","stick-header-meta":"","header-above-stick-meta":"","header-main-stick-meta":"","header-below-stick-meta":"","astra-migrate-meta-layouts":"default","ast-page-background-enabled":"default","ast-page-background-meta":{"desktop":{"background-color":"var(--ast-global-color-4)","background-image":"","background-repeat":"repeat","background-position":"center center","background-size":"auto","background-attachment":"scroll","background-type":"","background-media":"","overlay-type":"","overlay-color":"","overlay-opacity":"","overlay-gradient":""},"tablet":{"background-color":"","background-image":"","background-repeat":"repeat","background-position":"center center","background-size":"auto","background-attachment":"scroll","background-type":"","background-media":"","overlay-type":"","overlay-color":"","overlay-opacity":"","overlay-gradient":""},"mobile":{"background-color":"","background-image":"","background-repeat":"repeat","background-position":"center center","background-size":"auto","background-attachment":"scroll","background-type":"","background-media":"","overlay-type":"","overlay-color":"","overlay-opacity":"","overlay-gradient":""}},"ast-content-background-meta":{"desktop":{"background-color":"var(--ast-global-color-5)","background-image":"","background-repeat":"repeat","background-position":"center center","background-size":"auto","background-attachment":"scroll","background-type":"","background-media":"","overlay-type":"","overlay-color":"","overlay-opacity":"","overlay-gradient":""},"tablet":{"background-color":"var(--ast-global-color-5)","background-image":"","background-repeat":"repeat","background-position":"center center","background-size":"auto","background-attachment":"scroll","background-type":"","background-media":"","overlay-type":"","overlay-color":"","overlay-opacity":"","overlay-gradient":""},"mobile":{"background-color":"var(--ast-global-color-5)","background-image":"","background-repeat":"repeat","background-position":"center center","background-size":"auto","background-attachment":"scroll","background-type":"","background-media":"","overlay-type":"","overlay-color":"","overlay-opacity":"","overlay-gradient":""}},"footnotes":""},"categories":[517],"tags":[],"class_list":["post-17228","post","type-post","status-publish","format-standard","hentry","category-aconteceu"],"_links":{"self":[{"href":"https:\/\/noticiasnoface.com.br\/index.php\/wp-json\/wp\/v2\/posts\/17228","targetHints":{"allow":["GET"]}}],"collection":[{"href":"https:\/\/noticiasnoface.com.br\/index.php\/wp-json\/wp\/v2\/posts"}],"about":[{"href":"https:\/\/noticiasnoface.com.br\/index.php\/wp-json\/wp\/v2\/types\/post"}],"author":[{"embeddable":true,"href":"https:\/\/noticiasnoface.com.br\/index.php\/wp-json\/wp\/v2\/users\/1"}],"replies":[{"embeddable":true,"href":"https:\/\/noticiasnoface.com.br\/index.php\/wp-json\/wp\/v2\/comments?post=17228"}],"version-history":[{"count":1,"href":"https:\/\/noticiasnoface.com.br\/index.php\/wp-json\/wp\/v2\/posts\/17228\/revisions"}],"predecessor-version":[{"id":17229,"href":"https:\/\/noticiasnoface.com.br\/index.php\/wp-json\/wp\/v2\/posts\/17228\/revisions\/17229"}],"wp:attachment":[{"href":"https:\/\/noticiasnoface.com.br\/index.php\/wp-json\/wp\/v2\/media?parent=17228"}],"wp:term":[{"taxonomy":"category","embeddable":true,"href":"https:\/\/noticiasnoface.com.br\/index.php\/wp-json\/wp\/v2\/categories?post=17228"},{"taxonomy":"post_tag","embeddable":true,"href":"https:\/\/noticiasnoface.com.br\/index.php\/wp-json\/wp\/v2\/tags?post=17228"}],"curies":[{"name":"wp","href":"https:\/\/api.w.org\/{rel}","templated":true}]}}