{"id":17262,"date":"2023-06-28T08:24:09","date_gmt":"2023-06-28T11:24:09","guid":{"rendered":"https:\/\/noticiasnoface.com.br\/?p=17262"},"modified":"2023-06-28T08:24:10","modified_gmt":"2023-06-28T11:24:10","slug":"bolsonaro-inelegivel-e-preso","status":"publish","type":"post","link":"https:\/\/noticiasnoface.com.br\/index.php\/2023\/06\/28\/bolsonaro-inelegivel-e-preso\/","title":{"rendered":"Bolsonaro ineleg\u00edvel e preso!"},"content":{"rendered":"\n<figure class=\"wp-block-image size-large\"><img data-opt-id=1189359388  fetchpriority=\"high\" decoding=\"async\" width=\"1024\" height=\"681\" src=\"https:\/\/mlbfrsat7ahr.i.optimole.com\/w:1024\/h:681\/q:mauto\/ig:avif\/https:\/\/noticiasnoface.com.br\/wp-content\/uploads\/2023\/06\/photo-output-75.jpg\" class=\"wp-image-17261\" srcset=\"https:\/\/mlbfrsat7ahr.i.optimole.com\/w:1024\/h:681\/q:mauto\/ig:avif\/https:\/\/noticiasnoface.com.br\/wp-content\/uploads\/2023\/06\/photo-output-75.jpg 1024w, https:\/\/mlbfrsat7ahr.i.optimole.com\/w:300\/h:200\/q:mauto\/ig:avif\/https:\/\/noticiasnoface.com.br\/wp-content\/uploads\/2023\/06\/photo-output-75.jpg 300w, https:\/\/mlbfrsat7ahr.i.optimole.com\/w:768\/h:511\/q:mauto\/ig:avif\/https:\/\/noticiasnoface.com.br\/wp-content\/uploads\/2023\/06\/photo-output-75.jpg 768w, https:\/\/mlbfrsat7ahr.i.optimole.com\/w:1536\/h:1022\/q:mauto\/ig:avif\/https:\/\/noticiasnoface.com.br\/wp-content\/uploads\/2023\/06\/photo-output-75.jpg 1536w, https:\/\/mlbfrsat7ahr.i.optimole.com\/w:1623\/h:1080\/q:mauto\/ig:avif\/https:\/\/noticiasnoface.com.br\/wp-content\/uploads\/2023\/06\/photo-output-75.jpg 2048w\" sizes=\"(max-width: 1000px) 100vw, 1000px\" \/><figcaption class=\"wp-element-caption\">Pouca gente notou. Mas o ministro Benedito Gon\u00e7alves mostrou a chave da cadeia para Bolsonaro. Al\u00e9m de oferecer os fundamentos jur\u00eddicos que conduzir\u00e3o \u00e0 inelegibilidade do capit\u00e3o por oito anos, o corregedor do TSE incluiu no voto que deve ser seguido pela maioria da Corte uma ordem de envio da prov\u00e1vel senten\u00e7a \u00e0 Procuradoria-Geral da Rep\u00fablica para a an\u00e1lise das &#8220;provid\u00eancias na esfera penal&#8221;. Na PGR, um substituto do antiprocurador Augusto Aras, a ser indicado por Lula at\u00e9 setembro, deve apresentar a Bolsonaro a conta criminal do seu golpismo. A porca torceu o rabo para Bolsonaro noutro trecho do voto de Benedito. Al\u00e9m do banimento das urnas at\u00e9 2030, j\u00e1 contratado, e do risco real de cadeia.Benedito anotou que a senten\u00e7a eleitoral ser\u00e1 enviada tamb\u00e9m ao Tribunal de Contas da Uni\u00e3o, pois restou comprovado que Bolsonaro usou &#8220;bens e recursos&#8221; p\u00fablicos para promover a reuni\u00e3o com embaixadores estrangeiros, no ano passado. Nesse encontro, disse o relator, o ent\u00e3o presidente pronunciou &#8220;mentiras atrozes&#8221;, para &#8220;desacreditar&#8221; o sistema eleitoral e fabricar uma &#8220;paranoia coletiva&#8221; de vi\u00e9s &#8220;golpista&#8221;. Precisa ser condenado a ressarcir a verba p\u00fablica que desperdi\u00e7ou. Antevendo o que est\u00e1 por vir, a defesa de Bolsonaro informou, antes mesmo da conclus\u00e3o do julgamento, que recorrer\u00e1 contra a senten\u00e7a do TSE. O recurso ir\u00e1 ao Supremo Tribunal Federal. <\/figcaption><\/figure>\n","protected":false},"excerpt":{"rendered":"","protected":false},"author":1,"featured_media":0,"comment_status":"open","ping_status":"open","sticky":false,"template":"","format":"standard","meta":{"site-sidebar-layout":"default","site-content-layout":"","ast-site-content-layout":"default","site-content-style":"default","site-sidebar-style":"default","ast-global-header-display":"","ast-banner-title-visibility":"","ast-main-header-display":"","ast-hfb-above-header-display":"","ast-hfb-below-header-display":"","ast-hfb-mobile-header-display":"","site-post-title":"","ast-breadcrumbs-content":"","ast-featured-img":"","footer-sml-layout":"","ast-disable-related-posts":"","theme-transparent-header-meta":"","adv-header-id-meta":"","stick-header-meta":"","header-above-stick-meta":"","header-main-stick-meta":"","header-below-stick-meta":"","astra-migrate-meta-layouts":"default","ast-page-background-enabled":"default","ast-page-background-meta":{"desktop":{"background-color":"var(--ast-global-color-4)","background-image":"","background-repeat":"repeat","background-position":"center center","background-size":"auto","background-attachment":"scroll","background-type":"","background-media":"","overlay-type":"","overlay-color":"","overlay-opacity":"","overlay-gradient":""},"tablet":{"background-color":"","background-image":"","background-repeat":"repeat","background-position":"center center","background-size":"auto","background-attachment":"scroll","background-type":"","background-media":"","overlay-type":"","overlay-color":"","overlay-opacity":"","overlay-gradient":""},"mobile":{"background-color":"","background-image":"","background-repeat":"repeat","background-position":"center center","background-size":"auto","background-attachment":"scroll","background-type":"","background-media":"","overlay-type":"","overlay-color":"","overlay-opacity":"","overlay-gradient":""}},"ast-content-background-meta":{"desktop":{"background-color":"var(--ast-global-color-5)","background-image":"","background-repeat":"repeat","background-position":"center center","background-size":"auto","background-attachment":"scroll","background-type":"","background-media":"","overlay-type":"","overlay-color":"","overlay-opacity":"","overlay-gradient":""},"tablet":{"background-color":"var(--ast-global-color-5)","background-image":"","background-repeat":"repeat","background-position":"center center","background-size":"auto","background-attachment":"scroll","background-type":"","background-media":"","overlay-type":"","overlay-color":"","overlay-opacity":"","overlay-gradient":""},"mobile":{"background-color":"var(--ast-global-color-5)","background-image":"","background-repeat":"repeat","background-position":"center center","background-size":"auto","background-attachment":"scroll","background-type":"","background-media":"","overlay-type":"","overlay-color":"","overlay-opacity":"","overlay-gradient":""}},"footnotes":""},"categories":[517],"tags":[8,2594,50,22,525],"class_list":["post-17262","post","type-post","status-publish","format-standard","hentry","category-aconteceu","tag-bolsonaro","tag-inelegivel","tag-noticias-do-face","tag-noticias-no-face","tag-preso"],"_links":{"self":[{"href":"https:\/\/noticiasnoface.com.br\/index.php\/wp-json\/wp\/v2\/posts\/17262","targetHints":{"allow":["GET"]}}],"collection":[{"href":"https:\/\/noticiasnoface.com.br\/index.php\/wp-json\/wp\/v2\/posts"}],"about":[{"href":"https:\/\/noticiasnoface.com.br\/index.php\/wp-json\/wp\/v2\/types\/post"}],"author":[{"embeddable":true,"href":"https:\/\/noticiasnoface.com.br\/index.php\/wp-json\/wp\/v2\/users\/1"}],"replies":[{"embeddable":true,"href":"https:\/\/noticiasnoface.com.br\/index.php\/wp-json\/wp\/v2\/comments?post=17262"}],"version-history":[{"count":1,"href":"https:\/\/noticiasnoface.com.br\/index.php\/wp-json\/wp\/v2\/posts\/17262\/revisions"}],"predecessor-version":[{"id":17263,"href":"https:\/\/noticiasnoface.com.br\/index.php\/wp-json\/wp\/v2\/posts\/17262\/revisions\/17263"}],"wp:attachment":[{"href":"https:\/\/noticiasnoface.com.br\/index.php\/wp-json\/wp\/v2\/media?parent=17262"}],"wp:term":[{"taxonomy":"category","embeddable":true,"href":"https:\/\/noticiasnoface.com.br\/index.php\/wp-json\/wp\/v2\/categories?post=17262"},{"taxonomy":"post_tag","embeddable":true,"href":"https:\/\/noticiasnoface.com.br\/index.php\/wp-json\/wp\/v2\/tags?post=17262"}],"curies":[{"name":"wp","href":"https:\/\/api.w.org\/{rel}","templated":true}]}}