{"id":17278,"date":"2023-06-28T20:31:15","date_gmt":"2023-06-28T23:31:15","guid":{"rendered":"https:\/\/noticiasnoface.com.br\/?p=17278"},"modified":"2023-06-28T20:31:16","modified_gmt":"2023-06-28T23:31:16","slug":"projeto-institui-a-politica-municipal-vini-junior-de-combate-ao-racismo","status":"publish","type":"post","link":"https:\/\/noticiasnoface.com.br\/index.php\/2023\/06\/28\/projeto-institui-a-politica-municipal-vini-junior-de-combate-ao-racismo\/","title":{"rendered":"Projeto institui a Pol\u00edtica Municipal Vini J\u00fanior de Combate ao Racismo"},"content":{"rendered":"\n<figure class=\"wp-block-image size-large\"><img data-opt-id=1684301843  fetchpriority=\"high\" decoding=\"async\" width=\"1024\" height=\"638\" src=\"https:\/\/mlbfrsat7ahr.i.optimole.com\/w:1024\/h:638\/q:mauto\/ig:avif\/https:\/\/noticiasnoface.com.br\/wp-content\/uploads\/2023\/06\/photo-output-77.jpg\" class=\"wp-image-17277\" srcset=\"https:\/\/mlbfrsat7ahr.i.optimole.com\/w:1024\/h:638\/q:mauto\/ig:avif\/https:\/\/noticiasnoface.com.br\/wp-content\/uploads\/2023\/06\/photo-output-77.jpg 1024w, https:\/\/mlbfrsat7ahr.i.optimole.com\/w:300\/h:187\/q:mauto\/ig:avif\/https:\/\/noticiasnoface.com.br\/wp-content\/uploads\/2023\/06\/photo-output-77.jpg 300w, https:\/\/mlbfrsat7ahr.i.optimole.com\/w:768\/h:479\/q:mauto\/ig:avif\/https:\/\/noticiasnoface.com.br\/wp-content\/uploads\/2023\/06\/photo-output-77.jpg 768w, https:\/\/mlbfrsat7ahr.i.optimole.com\/w:1536\/h:957\/q:mauto\/ig:avif\/https:\/\/noticiasnoface.com.br\/wp-content\/uploads\/2023\/06\/photo-output-77.jpg 1536w, https:\/\/mlbfrsat7ahr.i.optimole.com\/w:1733\/h:1080\/q:mauto\/ig:avif\/https:\/\/noticiasnoface.com.br\/wp-content\/uploads\/2023\/06\/photo-output-77.jpg 2048w\" sizes=\"(max-width: 1000px) 100vw, 1000px\" \/><figcaption class=\"wp-element-caption\">O plen\u00e1rio da C\u00e2mara Municipal de Natal aprovou em regime de urg\u00eancia, durante a sess\u00e3o ordin\u00e1ria desta quarta-feira (28), o Projeto de Lei n\u00b0 376\/2023 que institui a Pol\u00edtica Municipal Vini J\u00fanior de Combate ao Racismo nos est\u00e1dios e pra\u00e7as esportivas no \u00e2mbito do munic\u00edpio. De autoria do vereador Rob\u00e9rio Paulino (PSOL), a mat\u00e9ria segue agora para san\u00e7\u00e3o ou veto do Executivo.<br>De acordo com o texto, a Lei tem como objetivo o combate ao racismo nos est\u00e1dios e nas arenas esportivas, buscando transform\u00e1-los em espa\u00e7os acolhedores para toda a comunidade esportiva. Entre as a\u00e7\u00f5es, a divulga\u00e7\u00e3o e a realiza\u00e7\u00e3o de campanhas educativas de combate ao racismo nos per\u00edodos de intervalo ou que antecedem os eventos esportivos ou culturais e a interrup\u00e7\u00e3o da partida em andamento em caso de den\u00fancia ou reconhecida manifesta\u00e7\u00e3o de conduta racista por qualquer pessoa presente.<br>&#8220;A proposta  possui natureza educativa, antirracista e humana, que visa tornar os eventos esportivos nas pra\u00e7ase est\u00e1dios de Natal um momento de lazer, acolhimento, respeito e de cidadania, para os atores dos eventos: competidores, \u00e1rbitros, dirigentes, comiss\u00f5es t\u00e9cnicas, jornalistas e torcedores. De fato, n\u00e3o \u00e9 razo\u00e1vel que em pleno s\u00e9culo XXI estejamos convivendo com situa\u00e7\u00f5es de inj\u00faria racial ofensas deste g\u00eanero, o que de modo algum pode ser tido como algo natural ou visto sem a necess\u00e1ria e justa indigna\u00e7\u00e3o&#8221;, defendeu o vereador Rob\u00e9rio Paulino. <br>Em seguida, foram acatados,em regime de urg\u00eancia, dois projetos com benef\u00edcios para pessoas com c\u00e2ncer: PL 184\/2023, do vereador Eribaldo Medeiros (PSB), sobre a prioridade de atendimento para pessoas que realizam tratamento de quimioterapia, radioterapia, hemodi\u00e1lise ou utilizem bolsa de colostomia, e o PL 373\/2023, do vereador Aldo Clemente (PSDB), que reconhece de utilidade p\u00fablica municipal a Associa\u00e7\u00e3o de Pesquisa e Combate ao C\u00e2ncer &#8211; ASPECC. <br>Tamb\u00e9m na \u00e1rea da sa\u00fade, receberam parecer favor\u00e1vel mais duas proposi\u00e7\u00f5es: PL 255\/2022, da vereadora Camila Ara\u00fajo (Uni\u00e3o Brasil), que institui a san\u00e7\u00e3o de multa para os im\u00f3veis abandonados ou ocupados que possuam recipientes\/reservat\u00f3rios de \u00e1gua sem a devida limpeza e manuten\u00e7\u00e3o, e que favore\u00e7am a prolifera\u00e7\u00e3o do mosquito Aedes Aegypti no munic\u00edpio, e o PL 587\/2022, do vereador Anderson Lopes (SD), que garante o direito \u00e0 informa\u00e7\u00e3o acerca dos plant\u00f5es m\u00e9dicos na rede municipal de sa\u00fade.<br>Por iniciativa do Executivo, os parlamentares acataram o Projeto de Lei Complementar n\u00b0 15\/2023 que acrescenta dispositivos \u00e0 Lei Complementar, que disp\u00f5e sobre a Organiza\u00e7\u00e3o administrativa dos n\u00edveis de gest\u00e3o e da estrutura de cargos de provimentos em comiss\u00e3o e fun\u00e7\u00f5es gratificadas da Prefeitura. &#8220;O texto chega para valorizar e fazer justi\u00e7a aos inspetores da STTU, que ter\u00e3o estabelecidas suas merecidas gratifica\u00e7\u00f5es pelos relevantes servi\u00e7os que realizam na cidade&#8221;, justificou o l\u00edder da bancada governista, vereador Hermes C\u00e2mara (PTB).<br>A fim de incentivar a promo\u00e7\u00e3o de pol\u00edticas de incentivo \u00e0 produ\u00e7\u00e3o e consumo de energias limpas e renov\u00e1veis, a Casa aprovou o PL 199\/2023, do vereador Felipe Alves (Uni\u00e3o Brasil), que institui a Pol\u00edtica Municipal de Energia Solar do munic\u00edpio de Natal. &#8220;A utiliza\u00e7\u00e3o da energia solar nas edifica\u00e7\u00f5es do Munic\u00edpio, quando houver viabilidade t\u00e9cnica e econ\u00f4mica, contribuir\u00e1 para a seguran\u00e7a e diferencia\u00e7\u00e3o energ\u00e9tica, a redu\u00e7\u00e3o das emiss\u00f5es de poluentes e de gases de efeito estufa e consequente melhoria na qualidade de vida&#8221;, elencou Felipe.<br>Ao final da sess\u00e3o, mais quatro projetos receberam parecer favor\u00e1vel: PL 306\/2023, encaminhado pelo Executivo, que autoriza a Prefeitura a desafetar e a conceder o direito real de uso de \u00e1rea p\u00fablica \u00e0 t\u00edtulo gratuito \u00e0 Par\u00f3quia de Santo Afonso Maria de Lig\u00f3rio, PL 727\/2021, do vereador Kleber Fernandes (PSDB), sobre a divulga\u00e7\u00e3o, em site institucional, da localiza\u00e7\u00e3o de todos os radares de fiscaliza\u00e7\u00e3o pelo Poder P\u00fablico Municipal, bem como dos respectivos limites de velocidade, PL 218\/2022, da vereadora Margarete R\u00e9gia (PROS), que concede o nome \u201cMercado P\u00fablico da Redinha Dalila Janu\u00e1rio\u201d ao atual Mercado P\u00fablico da Redinha, e o PL 338\/2023, do vereador Raniere Barbosa (Avante), que institui o programa \u201cTransporte Artes\u00e3o\u201d para os artes\u00e3os no munic\u00edpio.<br><strong><em>Texto: Junior Martins<br>Fotos: Ver\u00f4nica Macedo<\/em><\/strong><\/figcaption><\/figure>\n","protected":false},"excerpt":{"rendered":"","protected":false},"author":1,"featured_media":0,"comment_status":"open","ping_status":"open","sticky":false,"template":"","format":"standard","meta":{"site-sidebar-layout":"default","site-content-layout":"","ast-site-content-layout":"default","site-content-style":"default","site-sidebar-style":"default","ast-global-header-display":"","ast-banner-title-visibility":"","ast-main-header-display":"","ast-hfb-above-header-display":"","ast-hfb-below-header-display":"","ast-hfb-mobile-header-display":"","site-post-title":"","ast-breadcrumbs-content":"","ast-featured-img":"","footer-sml-layout":"","ast-disable-related-posts":"","theme-transparent-header-meta":"","adv-header-id-meta":"","stick-header-meta":"","header-above-stick-meta":"","header-main-stick-meta":"","header-below-stick-meta":"","astra-migrate-meta-layouts":"default","ast-page-background-enabled":"default","ast-page-background-meta":{"desktop":{"background-color":"var(--ast-global-color-4)","background-image":"","background-repeat":"repeat","background-position":"center center","background-size":"auto","background-attachment":"scroll","background-type":"","background-media":"","overlay-type":"","overlay-color":"","overlay-opacity":"","overlay-gradient":""},"tablet":{"background-color":"","background-image":"","background-repeat":"repeat","background-position":"center center","background-size":"auto","background-attachment":"scroll","background-type":"","background-media":"","overlay-type":"","overlay-color":"","overlay-opacity":"","overlay-gradient":""},"mobile":{"background-color":"","background-image":"","background-repeat":"repeat","background-position":"center center","background-size":"auto","background-attachment":"scroll","background-type":"","background-media":"","overlay-type":"","overlay-color":"","overlay-opacity":"","overlay-gradient":""}},"ast-content-background-meta":{"desktop":{"background-color":"var(--ast-global-color-5)","background-image":"","background-repeat":"repeat","background-position":"center center","background-size":"auto","background-attachment":"scroll","background-type":"","background-media":"","overlay-type":"","overlay-color":"","overlay-opacity":"","overlay-gradient":""},"tablet":{"background-color":"var(--ast-global-color-5)","background-image":"","background-repeat":"repeat","background-position":"center center","background-size":"auto","background-attachment":"scroll","background-type":"","background-media":"","overlay-type":"","overlay-color":"","overlay-opacity":"","overlay-gradient":""},"mobile":{"background-color":"var(--ast-global-color-5)","background-image":"","background-repeat":"repeat","background-position":"center center","background-size":"auto","background-attachment":"scroll","background-type":"","background-media":"","overlay-type":"","overlay-color":"","overlay-opacity":"","overlay-gradient":""}},"footnotes":""},"categories":[517],"tags":[],"class_list":["post-17278","post","type-post","status-publish","format-standard","hentry","category-aconteceu"],"_links":{"self":[{"href":"https:\/\/noticiasnoface.com.br\/index.php\/wp-json\/wp\/v2\/posts\/17278","targetHints":{"allow":["GET"]}}],"collection":[{"href":"https:\/\/noticiasnoface.com.br\/index.php\/wp-json\/wp\/v2\/posts"}],"about":[{"href":"https:\/\/noticiasnoface.com.br\/index.php\/wp-json\/wp\/v2\/types\/post"}],"author":[{"embeddable":true,"href":"https:\/\/noticiasnoface.com.br\/index.php\/wp-json\/wp\/v2\/users\/1"}],"replies":[{"embeddable":true,"href":"https:\/\/noticiasnoface.com.br\/index.php\/wp-json\/wp\/v2\/comments?post=17278"}],"version-history":[{"count":1,"href":"https:\/\/noticiasnoface.com.br\/index.php\/wp-json\/wp\/v2\/posts\/17278\/revisions"}],"predecessor-version":[{"id":17279,"href":"https:\/\/noticiasnoface.com.br\/index.php\/wp-json\/wp\/v2\/posts\/17278\/revisions\/17279"}],"wp:attachment":[{"href":"https:\/\/noticiasnoface.com.br\/index.php\/wp-json\/wp\/v2\/media?parent=17278"}],"wp:term":[{"taxonomy":"category","embeddable":true,"href":"https:\/\/noticiasnoface.com.br\/index.php\/wp-json\/wp\/v2\/categories?post=17278"},{"taxonomy":"post_tag","embeddable":true,"href":"https:\/\/noticiasnoface.com.br\/index.php\/wp-json\/wp\/v2\/tags?post=17278"}],"curies":[{"name":"wp","href":"https:\/\/api.w.org\/{rel}","templated":true}]}}