{"id":17307,"date":"2023-06-29T21:16:01","date_gmt":"2023-06-30T00:16:01","guid":{"rendered":"https:\/\/noticiasnoface.com.br\/?p=17307"},"modified":"2023-06-29T21:16:02","modified_gmt":"2023-06-30T00:16:02","slug":"pedofilo-que-raptou-crianca-dentro-de-mala-seria-sua-escrava-sexual-veja-video","status":"publish","type":"post","link":"https:\/\/noticiasnoface.com.br\/index.php\/2023\/06\/29\/pedofilo-que-raptou-crianca-dentro-de-mala-seria-sua-escrava-sexual-veja-video\/","title":{"rendered":"Ped\u00f3filo que raptou crian\u00e7a dentro de mala seria sua \u201cescrava sexual\u201d VEJA V\u00cdDEO"},"content":{"rendered":"\n<figure class=\"wp-block-video\"><video height=\"1920\" style=\"aspect-ratio: 1080 \/ 1920;\" width=\"1080\" controls src=\"https:\/\/noticiasnoface.com.br\/wp-content\/uploads\/2023\/06\/ddd053a3-cbe2-41cb-ba91-0170f9516298.mp4\"><\/video><figcaption class=\"wp-element-caption\">Algemas, taser e objetos sexuais: os itens apreendidos com ped\u00f3filo que sequestrou menina<br>O ped\u00f3filo Daniel Moraes Bittar, 42 anos, preso por sequestrar e estuprar uma menina de 12 anos, armazenava diversos itens sexuais em casa<br><a class=\"byline\" href=\"https:\/\/www.metropoles.com\/author\/marcus-rodrigues\" target=\"_blank\" rel=\"noopener\">Marcus Rodrigues<\/a>29\/06\/2023 20:33<br><img data-opt-id=875598934  fetchpriority=\"high\" decoding=\"async\" src=\"https:\/\/uploads.metropoles.com\/wp-content\/uploads\/2023\/06\/29130549\/Pedofilo-com-menina-dentro-da-mala.jpg\" alt=\"Ped\u00f3filo com menina dentro da mala\" class=\"extendsBeyondTextColumn\"><br>O apartamento na Asa Norte do ped\u00f3filo <a href=\"https:\/\/www.metropoles.com\/distrito-federal\/video-pedofilo-chegou-ao-predio-onde-mora-com-menina-de-12-anos\" target=\"_blank\" rel=\"noreferrer noopener\">Daniel Moraes Bittar<\/a>, 42 anos,<a href=\"https:\/\/www.metropoles.com\/distrito-federal\/video-crianca-de-12-anos-raptada-ficou-algemada-em-cama-do-suspeito\" target=\"_blank\" rel=\"noreferrer noopener\"> preso por sequestrar e estuprar uma menina de 12 anos do Jardim Ing\u00e1 (GO)<\/a>, no Entorno do DF, nessa quarta-feira (28\/6), esconde uma s\u00e9rie de apetrechos. Entre os itens apreendidos est\u00e3o algemas, fitas adesivas e um frasco de clorof\u00f3rmio, qu\u00edmico usado para dopar a v\u00edtima.<br>No im\u00f3vel, o ped\u00f3filo tamb\u00e9m armazenava uma s\u00e9rie de objetos sexuais, correntes e at\u00e9 armas de choque, popularmente conhecida como taser. Confira nas imagens abaixo:<br><strong>Interior do apartamento:<\/strong><br>Em v\u00eddeo durante uma abordagem policial, Daniel afirmou que apenas \u201cconversava\u201d com a v\u00edtima. Nas imagens, o homem aparece quase chorando. Ele confirma que a garota estava em seu apartamento e diz, no momento do v\u00eddeo, que \u201cainda n\u00e3o fez nada com ela\u201d. Questionado pelos policiais, o suspeito chega a pedir calma.<br><strong>Assista:<\/strong><br>Preso na noite dessa quarta-feira (28\/6) depois de <a href=\"https:\/\/www.metropoles.com\/distrito-federal\/ninguem-sabe-o-que-aconteceria-diz-tio-de-menina-de-12-anos-raptada\" target=\"_blank\" rel=\"noreferrer noopener\">sequestrar uma crian\u00e7a de 12 anos<\/a>, abusar sexualmente dela e mant\u00ea-la como ref\u00e9m, Daniel permaneceu em sil\u00eancio durante depoimento prestado \u00e0 pol\u00edcia, na madrugada desta quinta-feira (29\/6). Uma mulher suspeita de ter participado do crime tamb\u00e9m est\u00e1 detida.<br>Na apartamento do abusador, na 411 Norte, a pol\u00edcia encontrou uma garrafa de clorof\u00f3rmio; duas m\u00e1quinas de choque; uma fita geralmente usada para amarrar pessoas; medicamentos; objetos sexuais, como vibradores; uma c\u00e2mera fotogr\u00e1fica; cart\u00f5es de mem\u00f3ria; uma mala; DVDs; e revistas de conte\u00fado pornogr\u00e1fico. No tempo que passou com a v\u00edtima, Daniel chegou a dizer que faria dela uma \u201cescrava sexual\u201d. Ele tamb\u00e9m teria filmado a crian\u00e7a enquanto acariciava os \u00f3rg\u00e3os genitais dele.<br>A menina tem 12 anos e foi encontrada algemada pelos p\u00e9s, deitada em uma cama, no apartamento de Daniel, que trabalhava como analista de tecnologia da informa\u00e7\u00e3o (TI) e escritor.<br>A crian\u00e7a mora com a fam\u00edlia no Jardim Ing\u00e1, em Luzi\u00e2nia (GO), no Entorno do Distrito Federal. A Pol\u00edcia Militar de Goi\u00e1s (PMGO) informou que a v\u00edtima foi encontrada bastante machucada, com sinais de viol\u00eancia sexual e que precisou ser levada ao hospital, para receber atendimento.<br>Ao ser encontrada, a <a href=\"https:\/\/www.metropoles.com\/distrito-federal\/pedofilo-que-raptou-crianca-teria-premeditado-crime-e-escolheu-vitima-entre-alvos-vulneraveis\" target=\"_blank\" rel=\"noreferrer noopener\">menina estava consciente<\/a>, mas bastante abalada emocionalmente. Ela afirmou que o criminoso a molestou, tocou em suas partes \u00edntimas e a obrigou a acariciar os \u00f3rg\u00e3os genitais dele, enquanto era filmada. A grava\u00e7\u00e3o teria sido enviada para a mulher que participou do crime.<br><strong>Sequestro<\/strong><br>A crian\u00e7a estava a caminho da escola, por volta das 12h30, quando foi abordada por Daniel. Ele dirigia um Ford EcoSport preto e obrigou a menina a entrar no carro dele. A comparsa do criminoso tamb\u00e9m estava no ve\u00edculo.<br>A dupla de sequestradores parou perto da Cidade Ocidental (GO), tamb\u00e9m no Entorno do DF, dopou a crian\u00e7a e a colocou dentro de uma mala, onde a v\u00edtima ficou at\u00e9 chegar ao apartamento dos criminosos, na Asa Norte.<br><strong>Localiza\u00e7\u00e3o da v\u00edtima<\/strong><br>Por volta das 18h, um tio da v\u00edtima que trabalha na PMGO acionou o Servi\u00e7o de Intelig\u00eancia da corpora\u00e7\u00e3o e passou a refazer os caminhos da menina, desde que saiu da escola. Perto da casa da fam\u00edlia da crian\u00e7a, as equipes policiais encontraram c\u00e2meras de seguran\u00e7a que mostraram o ve\u00edculo descrito por testemunhas como o usado por Daniel.<br>Policiais do 20\u00ba Batalh\u00e3o da PMGO, em Valpara\u00edso (GO), comunicaram o caso \u00e0 Pol\u00edcia Militar do Distrito Federal (PMDF), que ajudou a identificar o endere\u00e7o dos criminosos, por meio da placa do ve\u00edculo.<br>No local descoberto, os militares das duas unidades da Federa\u00e7\u00e3o subiram ao apartamento do suspeito, identificado como Daniel Moraes Bittar, que atendeu a porta de cueca. Ap\u00f3s ser questionado sobre o carro e de quem seria uma mochila encontrada no ve\u00edculo dele, o suspeito confessou ter sequestrado a garota.<\/figcaption><\/figure>\n","protected":false},"excerpt":{"rendered":"","protected":false},"author":1,"featured_media":0,"comment_status":"open","ping_status":"open","sticky":false,"template":"","format":"standard","meta":{"site-sidebar-layout":"default","site-content-layout":"","ast-site-content-layout":"default","site-content-style":"default","site-sidebar-style":"default","ast-global-header-display":"","ast-banner-title-visibility":"","ast-main-header-display":"","ast-hfb-above-header-display":"","ast-hfb-below-header-display":"","ast-hfb-mobile-header-display":"","site-post-title":"","ast-breadcrumbs-content":"","ast-featured-img":"","footer-sml-layout":"","ast-disable-related-posts":"","theme-transparent-header-meta":"","adv-header-id-meta":"","stick-header-meta":"","header-above-stick-meta":"","header-main-stick-meta":"","header-below-stick-meta":"","astra-migrate-meta-layouts":"default","ast-page-background-enabled":"default","ast-page-background-meta":{"desktop":{"background-color":"var(--ast-global-color-4)","background-image":"","background-repeat":"repeat","background-position":"center center","background-size":"auto","background-attachment":"scroll","background-type":"","background-media":"","overlay-type":"","overlay-color":"","overlay-opacity":"","overlay-gradient":""},"tablet":{"background-color":"","background-image":"","background-repeat":"repeat","background-position":"center center","background-size":"auto","background-attachment":"scroll","background-type":"","background-media":"","overlay-type":"","overlay-color":"","overlay-opacity":"","overlay-gradient":""},"mobile":{"background-color":"","background-image":"","background-repeat":"repeat","background-position":"center center","background-size":"auto","background-attachment":"scroll","background-type":"","background-media":"","overlay-type":"","overlay-color":"","overlay-opacity":"","overlay-gradient":""}},"ast-content-background-meta":{"desktop":{"background-color":"var(--ast-global-color-5)","background-image":"","background-repeat":"repeat","background-position":"center center","background-size":"auto","background-attachment":"scroll","background-type":"","background-media":"","overlay-type":"","overlay-color":"","overlay-opacity":"","overlay-gradient":""},"tablet":{"background-color":"var(--ast-global-color-5)","background-image":"","background-repeat":"repeat","background-position":"center center","background-size":"auto","background-attachment":"scroll","background-type":"","background-media":"","overlay-type":"","overlay-color":"","overlay-opacity":"","overlay-gradient":""},"mobile":{"background-color":"var(--ast-global-color-5)","background-image":"","background-repeat":"repeat","background-position":"center center","background-size":"auto","background-attachment":"scroll","background-type":"","background-media":"","overlay-type":"","overlay-color":"","overlay-opacity":"","overlay-gradient":""}},"footnotes":""},"categories":[517],"tags":[1625,3119,2229,22,241,525],"class_list":["post-17307","post","type-post","status-publish","format-standard","hentry","category-aconteceu","tag-crianca","tag-escrava-sexual","tag-noticas-do-face","tag-noticias-no-face","tag-pedofilia","tag-preso"],"_links":{"self":[{"href":"https:\/\/noticiasnoface.com.br\/index.php\/wp-json\/wp\/v2\/posts\/17307","targetHints":{"allow":["GET"]}}],"collection":[{"href":"https:\/\/noticiasnoface.com.br\/index.php\/wp-json\/wp\/v2\/posts"}],"about":[{"href":"https:\/\/noticiasnoface.com.br\/index.php\/wp-json\/wp\/v2\/types\/post"}],"author":[{"embeddable":true,"href":"https:\/\/noticiasnoface.com.br\/index.php\/wp-json\/wp\/v2\/users\/1"}],"replies":[{"embeddable":true,"href":"https:\/\/noticiasnoface.com.br\/index.php\/wp-json\/wp\/v2\/comments?post=17307"}],"version-history":[{"count":1,"href":"https:\/\/noticiasnoface.com.br\/index.php\/wp-json\/wp\/v2\/posts\/17307\/revisions"}],"predecessor-version":[{"id":17308,"href":"https:\/\/noticiasnoface.com.br\/index.php\/wp-json\/wp\/v2\/posts\/17307\/revisions\/17308"}],"wp:attachment":[{"href":"https:\/\/noticiasnoface.com.br\/index.php\/wp-json\/wp\/v2\/media?parent=17307"}],"wp:term":[{"taxonomy":"category","embeddable":true,"href":"https:\/\/noticiasnoface.com.br\/index.php\/wp-json\/wp\/v2\/categories?post=17307"},{"taxonomy":"post_tag","embeddable":true,"href":"https:\/\/noticiasnoface.com.br\/index.php\/wp-json\/wp\/v2\/tags?post=17307"}],"curies":[{"name":"wp","href":"https:\/\/api.w.org\/{rel}","templated":true}]}}