{"id":17312,"date":"2023-06-30T05:37:14","date_gmt":"2023-06-30T08:37:14","guid":{"rendered":"https:\/\/noticiasnoface.com.br\/?p=17312"},"modified":"2023-06-30T05:37:15","modified_gmt":"2023-06-30T08:37:15","slug":"monark-depoe-na-policia-federal-e-teme-ser-preso","status":"publish","type":"post","link":"https:\/\/noticiasnoface.com.br\/index.php\/2023\/06\/30\/monark-depoe-na-policia-federal-e-teme-ser-preso\/","title":{"rendered":"Monark dep\u00f5e na pol\u00edcia federal e teme ser preso"},"content":{"rendered":"\n<figure class=\"wp-block-image size-large\"><img data-opt-id=254765481  fetchpriority=\"high\" decoding=\"async\" width=\"1024\" height=\"577\" src=\"https:\/\/mlbfrsat7ahr.i.optimole.com\/w:1024\/h:577\/q:mauto\/ig:avif\/https:\/\/noticiasnoface.com.br\/wp-content\/uploads\/2023\/06\/photo-output-82.jpg\" class=\"wp-image-17311\" srcset=\"https:\/\/mlbfrsat7ahr.i.optimole.com\/w:1024\/h:577\/q:mauto\/ig:avif\/https:\/\/noticiasnoface.com.br\/wp-content\/uploads\/2023\/06\/photo-output-82.jpg 1024w, https:\/\/mlbfrsat7ahr.i.optimole.com\/w:300\/h:169\/q:mauto\/ig:avif\/https:\/\/noticiasnoface.com.br\/wp-content\/uploads\/2023\/06\/photo-output-82.jpg 300w, https:\/\/mlbfrsat7ahr.i.optimole.com\/w:768\/h:432\/q:mauto\/ig:avif\/https:\/\/noticiasnoface.com.br\/wp-content\/uploads\/2023\/06\/photo-output-82.jpg 768w, https:\/\/mlbfrsat7ahr.i.optimole.com\/w:1536\/h:865\/q:mauto\/ig:avif\/https:\/\/noticiasnoface.com.br\/wp-content\/uploads\/2023\/06\/photo-output-82.jpg 1536w, https:\/\/mlbfrsat7ahr.i.optimole.com\/w:800\/h:450\/q:mauto\/ig:avif\/https:\/\/noticiasnoface.com.br\/wp-content\/uploads\/2023\/06\/photo-output-82.jpg 800w, https:\/\/mlbfrsat7ahr.i.optimole.com\/w:1918\/h:1080\/q:mauto\/ig:avif\/https:\/\/noticiasnoface.com.br\/wp-content\/uploads\/2023\/06\/photo-output-82.jpg 2048w\" sizes=\"(max-width: 1000px) 100vw, 1000px\" \/><figcaption class=\"wp-element-caption\">influenciador dep\u00f4s por videoconfer\u00eancia para o delegado Iuri de Oliveira, da Coordena\u00e7\u00e3o de Inqu\u00e9ritos dos Tribunais Superiores | Foto: Reprodu\u00e7\u00e3o\/YouTube <br>Com perfis bloqueados nas redes sociais por ordem do ministro Alexandre de Moraes, o influenciador Bruno Aiub, o Monark, prestou depoimento nesta quinta-feira, 29, \u00e0 Pol\u00edcia Federal (PF) <strong><a href=\"https:\/\/revistaoeste.com\/brasil\/alexandre-de-moraes-da-5-dias-para-a-policia-federal-ouvir-monark\/\" target=\"_blank\" rel=\"noreferrer noopener\">por suposta divulga\u00e7\u00e3o de not\u00edcias fraudulentas acerca da atua\u00e7\u00e3o do Supremo Tribunal Federal (STF) e do Tribunal Superior Eleitoral (TSE)<\/a><\/strong>. A defesa j\u00e1 recorreu da decis\u00e3o.<br>A medida adotada por Moraes se deu posteriormente a uma entrevista de Monark com o deputado <strong><a href=\"https:\/\/twitter.com\/filipebarrost\" target=\"_blank\" rel=\"noreferrer noopener\">Filipe Barros<\/a><\/strong> (PL-PR) na plataforma <strong><a href=\"https:\/\/rumble.com\/c\/revistaoesteoficial\" target=\"_blank\" rel=\"noreferrer noopener\">Rumble<\/a><\/strong>. De acordo com o TSE, na ocasi\u00e3o foram \u2018difundidas not\u00edcias falsas sobre a integridade das institui\u00e7\u00f5es eleitorais\u2019.<br>publicidade<br>\u00c0 PF, Monark afirmou que \u2018em momento algum incentivou a manifesta\u00e7\u00e3o e a depreda\u00e7\u00e3o\u2019 no Pal\u00e1cio do Planalto, no Congresso e no Supremo. Tamb\u00e9m alegou que \u2018n\u00e3o concorda com as atitudes tomadas pelo Tribunal Superior Eleitoral durante as elei\u00e7\u00f5es\u2019.<br>O influenciador dep\u00f4s por videoconfer\u00eancia para o delegado Iuri de Oliveira, da Coordena\u00e7\u00e3o de Inqu\u00e9ritos dos Tribunais Superiores, bra\u00e7o da PF que toca investiga\u00e7\u00f5es de al\u00e7ada das Cortes em Bras\u00edlia.<br>Interpelado pela <strong><a href=\"https:\/\/revistaoeste.com\/?s=PF\" target=\"_blank\" rel=\"noreferrer noopener\">PF<\/a><\/strong> se, depois de ter seu perfil bloqueado, teria criado uma nova conta no Rumble para comentar a atua\u00e7\u00e3o do <strong><a href=\"https:\/\/revistaoeste.com\/?s=STF\" target=\"_blank\" rel=\"noreferrer noopener\">STF<\/a><\/strong> ou do <strong><a href=\"https:\/\/revistaoeste.com\/?s=TSE\" target=\"_blank\" rel=\"noreferrer noopener\">TSE<\/a><\/strong>, ele disse que \u2018n\u00e3o recebeu nada oficial informando que n\u00e3o poderia mais criar canais\u2019 e que, \u2018mesmo que tivesse sido intimado da decis\u00e3o, n\u00e3o teria cumprido\u2019<br><br><img data-opt-id=1656885389  fetchpriority=\"high\" decoding=\"async\" src=\"https:\/\/medias.revistaoeste.com\/qa-staging\/wp-content\/uploads\/2022\/02\/monark.jpg\" alt=\"moraes monark - pol\u00edcia federal\" width=\"620\" height=\"400\" class=\"extendsBeyondTextColumn\"><br>Alexandre de Moraes decide bloquear as redes sociais de Monark novamente | Foto: Reprodu\u00e7\u00e3o\/Flow<br>A defesa de Monark tamb\u00e9m se posiciona<br>\u201cO Sr. Bruno Monteiro Aiub prestou depoimento \u00e0 Pol\u00edcia Federal na presente data, oportunidade em que p\u00f4de esclarecer, para al\u00e9m de qualquer d\u00favida, que n\u00e3o cometeu, n\u00e3o instigou, tampouco incitou, o cometimento de atos \u2018antidemocr\u00e1ticos\u2019, nem antes, nem durante, nem depois do dia 8 de janeiro.\u201d, afirmou o advogado Jorge Urbani Salom\u00e3o.<br><\/figcaption><\/figure>\n","protected":false},"excerpt":{"rendered":"","protected":false},"author":1,"featured_media":0,"comment_status":"open","ping_status":"open","sticky":false,"template":"","format":"standard","meta":{"site-sidebar-layout":"default","site-content-layout":"","ast-site-content-layout":"default","site-content-style":"default","site-sidebar-style":"default","ast-global-header-display":"","ast-banner-title-visibility":"","ast-main-header-display":"","ast-hfb-above-header-display":"","ast-hfb-below-header-display":"","ast-hfb-mobile-header-display":"","site-post-title":"","ast-breadcrumbs-content":"","ast-featured-img":"","footer-sml-layout":"","ast-disable-related-posts":"","theme-transparent-header-meta":"","adv-header-id-meta":"","stick-header-meta":"","header-above-stick-meta":"","header-main-stick-meta":"","header-below-stick-meta":"","astra-migrate-meta-layouts":"default","ast-page-background-enabled":"default","ast-page-background-meta":{"desktop":{"background-color":"var(--ast-global-color-4)","background-image":"","background-repeat":"repeat","background-position":"center center","background-size":"auto","background-attachment":"scroll","background-type":"","background-media":"","overlay-type":"","overlay-color":"","overlay-opacity":"","overlay-gradient":""},"tablet":{"background-color":"","background-image":"","background-repeat":"repeat","background-position":"center center","background-size":"auto","background-attachment":"scroll","background-type":"","background-media":"","overlay-type":"","overlay-color":"","overlay-opacity":"","overlay-gradient":""},"mobile":{"background-color":"","background-image":"","background-repeat":"repeat","background-position":"center center","background-size":"auto","background-attachment":"scroll","background-type":"","background-media":"","overlay-type":"","overlay-color":"","overlay-opacity":"","overlay-gradient":""}},"ast-content-background-meta":{"desktop":{"background-color":"var(--ast-global-color-5)","background-image":"","background-repeat":"repeat","background-position":"center center","background-size":"auto","background-attachment":"scroll","background-type":"","background-media":"","overlay-type":"","overlay-color":"","overlay-opacity":"","overlay-gradient":""},"tablet":{"background-color":"var(--ast-global-color-5)","background-image":"","background-repeat":"repeat","background-position":"center center","background-size":"auto","background-attachment":"scroll","background-type":"","background-media":"","overlay-type":"","overlay-color":"","overlay-opacity":"","overlay-gradient":""},"mobile":{"background-color":"var(--ast-global-color-5)","background-image":"","background-repeat":"repeat","background-position":"center center","background-size":"auto","background-attachment":"scroll","background-type":"","background-media":"","overlay-type":"","overlay-color":"","overlay-opacity":"","overlay-gradient":""}},"footnotes":""},"categories":[517],"tags":[3120,1381,2229,3098,409,525],"class_list":["post-17312","post","type-post","status-publish","format-standard","hentry","category-aconteceu","tag-depoe","tag-monark","tag-noticas-do-face","tag-noticia-no-face","tag-policia-federal","tag-preso"],"_links":{"self":[{"href":"https:\/\/noticiasnoface.com.br\/index.php\/wp-json\/wp\/v2\/posts\/17312","targetHints":{"allow":["GET"]}}],"collection":[{"href":"https:\/\/noticiasnoface.com.br\/index.php\/wp-json\/wp\/v2\/posts"}],"about":[{"href":"https:\/\/noticiasnoface.com.br\/index.php\/wp-json\/wp\/v2\/types\/post"}],"author":[{"embeddable":true,"href":"https:\/\/noticiasnoface.com.br\/index.php\/wp-json\/wp\/v2\/users\/1"}],"replies":[{"embeddable":true,"href":"https:\/\/noticiasnoface.com.br\/index.php\/wp-json\/wp\/v2\/comments?post=17312"}],"version-history":[{"count":1,"href":"https:\/\/noticiasnoface.com.br\/index.php\/wp-json\/wp\/v2\/posts\/17312\/revisions"}],"predecessor-version":[{"id":17313,"href":"https:\/\/noticiasnoface.com.br\/index.php\/wp-json\/wp\/v2\/posts\/17312\/revisions\/17313"}],"wp:attachment":[{"href":"https:\/\/noticiasnoface.com.br\/index.php\/wp-json\/wp\/v2\/media?parent=17312"}],"wp:term":[{"taxonomy":"category","embeddable":true,"href":"https:\/\/noticiasnoface.com.br\/index.php\/wp-json\/wp\/v2\/categories?post=17312"},{"taxonomy":"post_tag","embeddable":true,"href":"https:\/\/noticiasnoface.com.br\/index.php\/wp-json\/wp\/v2\/tags?post=17312"}],"curies":[{"name":"wp","href":"https:\/\/api.w.org\/{rel}","templated":true}]}}