{"id":17319,"date":"2023-06-30T17:09:01","date_gmt":"2023-06-30T20:09:01","guid":{"rendered":"https:\/\/noticiasnoface.com.br\/?p=17319"},"modified":"2023-06-30T17:09:02","modified_gmt":"2023-06-30T20:09:02","slug":"o-lider-de-uma-nacao","status":"publish","type":"post","link":"https:\/\/noticiasnoface.com.br\/index.php\/2023\/06\/30\/o-lider-de-uma-nacao\/","title":{"rendered":"O l\u00edder de uma Na\u00e7\u00e3o"},"content":{"rendered":"\n<figure class=\"wp-block-image size-large\"><img data-opt-id=1832952420  fetchpriority=\"high\" decoding=\"async\" width=\"831\" height=\"1024\" src=\"https:\/\/mlbfrsat7ahr.i.optimole.com\/w:831\/h:1024\/q:mauto\/ig:avif\/https:\/\/noticiasnoface.com.br\/wp-content\/uploads\/2023\/06\/img_7080.jpg\" class=\"wp-image-17318\" srcset=\"https:\/\/mlbfrsat7ahr.i.optimole.com\/w:831\/h:1024\/q:mauto\/ig:avif\/https:\/\/noticiasnoface.com.br\/wp-content\/uploads\/2023\/06\/img_7080.jpg 831w, https:\/\/mlbfrsat7ahr.i.optimole.com\/w:243\/h:300\/q:mauto\/ig:avif\/https:\/\/noticiasnoface.com.br\/wp-content\/uploads\/2023\/06\/img_7080.jpg 243w, https:\/\/mlbfrsat7ahr.i.optimole.com\/w:768\/h:947\/q:mauto\/ig:avif\/https:\/\/noticiasnoface.com.br\/wp-content\/uploads\/2023\/06\/img_7080.jpg 768w, https:\/\/mlbfrsat7ahr.i.optimole.com\/w:876\/h:1080\/q:mauto\/ig:avif\/https:\/\/noticiasnoface.com.br\/wp-content\/uploads\/2023\/06\/img_7080.jpg 1246w, https:\/\/mlbfrsat7ahr.i.optimole.com\/w:876\/h:1080\/q:mauto\/ig:avif\/https:\/\/noticiasnoface.com.br\/wp-content\/uploads\/2023\/06\/img_7080.jpg 1290w\" sizes=\"(max-width: 831px) 100vw, 831px\" \/><figcaption class=\"wp-element-caption\">O l\u00edder de uma na\u00e7\u00e3o<br>No Brasil acreditasse que s\u00f3 se \u00e9 lider ao ter um cargo.<br>Bolsonaro provou para o povo brasileiro, que ser l\u00edder \u00e9 estar nas trincheiras de peito aberto, caminhando com a verdade, arriscando a pr\u00f3pria vida.<br>Durante os \u00faltimos anos, circularam in\u00fameros rumores dizendo que o atentado contra ele era uma grande farsa. Mais uma fal\u00e1cia da oposi\u00e7\u00e3o.<br>Mas Bolsonaro mostrou que n\u00e3o \u00e9 um homem de narrativas, mas de a\u00e7\u00f5es.<br>Seu compromisso com o povo brasileiro vai al\u00e9m de um cargo\u2026 ele \u00e9 o l\u00edder dessa na\u00e7\u00e3o.<br>Que Deus esteja conosco.<br>Jair Messias Bolsonaro, 28 de Abril de 2023, Bras\u00edlia &#8211; DF.<br>Todos os direitos autorias reservados a Jo\u00e3o Menna.<br>*os planos do mal n\u00e3o prevalecer\u00e3o<\/figcaption><\/figure>\n","protected":false},"excerpt":{"rendered":"","protected":false},"author":1,"featured_media":0,"comment_status":"open","ping_status":"open","sticky":false,"template":"","format":"standard","meta":{"site-sidebar-layout":"default","site-content-layout":"","ast-site-content-layout":"default","site-content-style":"default","site-sidebar-style":"default","ast-global-header-display":"","ast-banner-title-visibility":"","ast-main-header-display":"","ast-hfb-above-header-display":"","ast-hfb-below-header-display":"","ast-hfb-mobile-header-display":"","site-post-title":"","ast-breadcrumbs-content":"","ast-featured-img":"","footer-sml-layout":"","ast-disable-related-posts":"","theme-transparent-header-meta":"","adv-header-id-meta":"","stick-header-meta":"","header-above-stick-meta":"","header-main-stick-meta":"","header-below-stick-meta":"","astra-migrate-meta-layouts":"default","ast-page-background-enabled":"default","ast-page-background-meta":{"desktop":{"background-color":"var(--ast-global-color-4)","background-image":"","background-repeat":"repeat","background-position":"center center","background-size":"auto","background-attachment":"scroll","background-type":"","background-media":"","overlay-type":"","overlay-color":"","overlay-opacity":"","overlay-gradient":""},"tablet":{"background-color":"","background-image":"","background-repeat":"repeat","background-position":"center center","background-size":"auto","background-attachment":"scroll","background-type":"","background-media":"","overlay-type":"","overlay-color":"","overlay-opacity":"","overlay-gradient":""},"mobile":{"background-color":"","background-image":"","background-repeat":"repeat","background-position":"center center","background-size":"auto","background-attachment":"scroll","background-type":"","background-media":"","overlay-type":"","overlay-color":"","overlay-opacity":"","overlay-gradient":""}},"ast-content-background-meta":{"desktop":{"background-color":"var(--ast-global-color-5)","background-image":"","background-repeat":"repeat","background-position":"center center","background-size":"auto","background-attachment":"scroll","background-type":"","background-media":"","overlay-type":"","overlay-color":"","overlay-opacity":"","overlay-gradient":""},"tablet":{"background-color":"var(--ast-global-color-5)","background-image":"","background-repeat":"repeat","background-position":"center center","background-size":"auto","background-attachment":"scroll","background-type":"","background-media":"","overlay-type":"","overlay-color":"","overlay-opacity":"","overlay-gradient":""},"mobile":{"background-color":"var(--ast-global-color-5)","background-image":"","background-repeat":"repeat","background-position":"center center","background-size":"auto","background-attachment":"scroll","background-type":"","background-media":"","overlay-type":"","overlay-color":"","overlay-opacity":"","overlay-gradient":""}},"footnotes":""},"categories":[1939],"tags":[8,3123,2593,2236,50],"class_list":["post-17319","post","type-post","status-publish","format-standard","hentry","category-editorial","tag-bolsonaro","tag-injustica","tag-lider","tag-noticas-no-face","tag-noticias-do-face"],"_links":{"self":[{"href":"https:\/\/noticiasnoface.com.br\/index.php\/wp-json\/wp\/v2\/posts\/17319","targetHints":{"allow":["GET"]}}],"collection":[{"href":"https:\/\/noticiasnoface.com.br\/index.php\/wp-json\/wp\/v2\/posts"}],"about":[{"href":"https:\/\/noticiasnoface.com.br\/index.php\/wp-json\/wp\/v2\/types\/post"}],"author":[{"embeddable":true,"href":"https:\/\/noticiasnoface.com.br\/index.php\/wp-json\/wp\/v2\/users\/1"}],"replies":[{"embeddable":true,"href":"https:\/\/noticiasnoface.com.br\/index.php\/wp-json\/wp\/v2\/comments?post=17319"}],"version-history":[{"count":1,"href":"https:\/\/noticiasnoface.com.br\/index.php\/wp-json\/wp\/v2\/posts\/17319\/revisions"}],"predecessor-version":[{"id":17320,"href":"https:\/\/noticiasnoface.com.br\/index.php\/wp-json\/wp\/v2\/posts\/17319\/revisions\/17320"}],"wp:attachment":[{"href":"https:\/\/noticiasnoface.com.br\/index.php\/wp-json\/wp\/v2\/media?parent=17319"}],"wp:term":[{"taxonomy":"category","embeddable":true,"href":"https:\/\/noticiasnoface.com.br\/index.php\/wp-json\/wp\/v2\/categories?post=17319"},{"taxonomy":"post_tag","embeddable":true,"href":"https:\/\/noticiasnoface.com.br\/index.php\/wp-json\/wp\/v2\/tags?post=17319"}],"curies":[{"name":"wp","href":"https:\/\/api.w.org\/{rel}","templated":true}]}}