{"id":17325,"date":"2023-06-30T22:38:29","date_gmt":"2023-07-01T01:38:29","guid":{"rendered":"https:\/\/noticiasnoface.com.br\/?p=17325"},"modified":"2023-06-30T22:38:29","modified_gmt":"2023-07-01T01:38:29","slug":"manoel-soares-sai-do-encontro","status":"publish","type":"post","link":"https:\/\/noticiasnoface.com.br\/index.php\/2023\/06\/30\/manoel-soares-sai-do-encontro\/","title":{"rendered":"Manoel Soares sai do encontro"},"content":{"rendered":"\n<figure class=\"wp-block-image size-large\"><img data-opt-id=1893824040  fetchpriority=\"high\" decoding=\"async\" width=\"1024\" height=\"839\" src=\"https:\/\/mlbfrsat7ahr.i.optimole.com\/w:1024\/h:839\/q:mauto\/ig:avif\/https:\/\/noticiasnoface.com.br\/wp-content\/uploads\/2023\/06\/photo-output-84.jpg\" class=\"wp-image-17324\" srcset=\"https:\/\/mlbfrsat7ahr.i.optimole.com\/w:1024\/h:839\/q:mauto\/ig:avif\/https:\/\/noticiasnoface.com.br\/wp-content\/uploads\/2023\/06\/photo-output-84.jpg 1024w, https:\/\/mlbfrsat7ahr.i.optimole.com\/w:300\/h:246\/q:mauto\/ig:avif\/https:\/\/noticiasnoface.com.br\/wp-content\/uploads\/2023\/06\/photo-output-84.jpg 300w, https:\/\/mlbfrsat7ahr.i.optimole.com\/w:768\/h:629\/q:mauto\/ig:avif\/https:\/\/noticiasnoface.com.br\/wp-content\/uploads\/2023\/06\/photo-output-84.jpg 768w, https:\/\/mlbfrsat7ahr.i.optimole.com\/w:1318\/h:1080\/q:mauto\/ig:avif\/https:\/\/noticiasnoface.com.br\/wp-content\/uploads\/2023\/06\/photo-output-84.jpg 1536w, https:\/\/mlbfrsat7ahr.i.optimole.com\/w:1318\/h:1080\/q:mauto\/ig:avif\/https:\/\/noticiasnoface.com.br\/wp-content\/uploads\/2023\/06\/photo-output-84.jpg 2048w\" sizes=\"(max-width: 1000px) 100vw, 1000px\" \/><figcaption class=\"wp-element-caption\">Comunicado da Globo nesta sexta-feira (30) anunciou a demiss\u00e3o de Manoel Soares &#8211; Foto: Divulga\u00e7\u00e3o\/Globo<br>Manoel Soares foi demitido da Globo. O an\u00fancio foi feito pela assessoria de imprensa da emissora na tarde desta sexta-feira (30). O apresentador era integrante do Encontro, em que protagonizou diversos \u201cclim\u00f5es\u201d com a titular Patr\u00edcia Poeta, e tamb\u00e9m fazia parte do elenco do Papo de Segunda, do GNT.<br>continua depois da publicidade<br>\u201cComo a apresentadora Patr\u00edcia Poeta entra de f\u00e9rias na segunda-feira (3), at\u00e9 a sua volta o programa das manh\u00e3s da Globo ser\u00e1 comandado por Tati Machado e Valeria Almeida, que j\u00e1 fazem parte do time da atra\u00e7\u00e3o\u201d, diz o comunicado enviado pela Globo \u00e0 imprensa.<br>O texto informa que, em 17 de julho, Poeta retomar\u00e1 a apresenta\u00e7\u00e3o do Encontro. O programa, depois de um ano da sa\u00edda de <a href=\"https:\/\/natelinha.uol.com.br\/famosos\/tudo-sobre\/fatima-bernardes\" target=\"_blank\" rel=\"noopener\">F\u00e1tima Bernardes<\/a>, trar\u00e1 novidades. J\u00e1 o Papo de Segunda, do GNT, passar\u00e1 a ser liderado, a partir da semana que vem, por <a href=\"https:\/\/natelinha.uol.com.br\/famosos\/tudo-sobre\/joao-vicente-de-castro\" target=\"_blank\" rel=\"noopener\">Jo\u00e3o Vicente de Castro<\/a>.<br>continua depois da publicidade<br><img data-opt-id=524189731  fetchpriority=\"high\" decoding=\"async\" src=\"https:\/\/imagem.natelinha.uol.com.br\/880x495\/globo-encontro-manoel-soares-patricia-poeta_1715.jpeg\" alt=\"imagem-texto\" class=\"extendsBeyondTextColumn\"><br>+ <a href=\"https:\/\/natelinha.uol.com.br\/televisao\/2023\/04\/03\/5-vezes-em-que-manoel-soares-e-patricia-poeta-bateram-de-frente-na-globo-195809.php\" target=\"_blank\" rel=\"noopener\">5 vezes em que Manoel Soares e Patr\u00edcia Poeta bateram de frente na Globo<\/a><br>Desde que assumiu o Encontro, em julho de 2022, <a href=\"https:\/\/natelinha.uol.com.br\/famosos\/tudo-sobre\/patricia-poeta\" target=\"_blank\" rel=\"noopener\">Patr\u00edcia Poeta<\/a> foi criticada por cortar falas de <a href=\"https:\/\/natelinha.uol.com.br\/famosos\/tudo-sobre\/manoel-soares\" target=\"_blank\" rel=\"noopener\">Manoel Soares<\/a>. Muitos internautas apontavam que a apresentadora n\u00e3o deixava o colega de programa se sobressair. Os &#8220;clim\u00f5es&#8221; ao vivo deram origem a in\u00fameros boatos sobre os bastidores.<br>Os dois sempre desconversaram sobre poss\u00edveis brigas. Recentemente, ao completar 43 anos de idade, Soares publicou uma sequ\u00eancia de fotos, incluindo um abra\u00e7o com Poeta. <a href=\"https:\/\/natelinha.uol.com.br\/famosos\/2023\/06\/19\/manoel-soares-posa-com-patricia-poeta-em-meio-a-polemicas-carinho-dos-amigos-198550.php\" target=\"_blank\" rel=\"noopener\">&#8220;O carinho dos amigos me inunda de amor&#8221;, escreveu ele<\/a>, ignorando as pol\u00eamicas.<br>continua depois da publicidade<br>Veja a \u00edntegra da nota divulgada pela Globo sobre a sa\u00edda de Manoel Soares<br><strong><em>Mudan\u00e7as no Encontro e no Papo de Segunda<\/em><\/strong><br><em>O apresentador Manoel Soares, dos programas &#8216;Encontro com Patr\u00edcia Poeta&#8217; da TV Globo e do &#8216;Papo de Segunda&#8217; do GNT, deixou a Globo nesta sexta-feira. Como a apresentadora Patr\u00edcia Poeta entra de f\u00e9rias na segunda-feira, at\u00e9 a sua volta o programa das manh\u00e3s da TV Globo ser\u00e1 comandado por Tati Machado e Valeria Almeida, que j\u00e1 fazem parte do time da atra\u00e7\u00e3o. No dia 17 de julho, Patr\u00edcia Poeta retomar\u00e1 a apresenta\u00e7\u00e3o do &#8216;Encontro&#8217;, que, depois de um ano no ar com o formato atual, trar\u00e1 novidades. J\u00e1 o programa &#8216;Papo de Segunda&#8217; do GNT passar\u00e1 a ser liderado, a partir da semana que vem, por Jo\u00e3o Vicente de Castro.<\/em><br><br><\/figcaption><\/figure>\n","protected":false},"excerpt":{"rendered":"","protected":false},"author":1,"featured_media":0,"comment_status":"open","ping_status":"open","sticky":false,"template":"","format":"standard","meta":{"site-sidebar-layout":"default","site-content-layout":"","ast-site-content-layout":"default","site-content-style":"default","site-sidebar-style":"default","ast-global-header-display":"","ast-banner-title-visibility":"","ast-main-header-display":"","ast-hfb-above-header-display":"","ast-hfb-below-header-display":"","ast-hfb-mobile-header-display":"","site-post-title":"","ast-breadcrumbs-content":"","ast-featured-img":"","footer-sml-layout":"","ast-disable-related-posts":"","theme-transparent-header-meta":"","adv-header-id-meta":"","stick-header-meta":"","header-above-stick-meta":"","header-main-stick-meta":"","header-below-stick-meta":"","astra-migrate-meta-layouts":"default","ast-page-background-enabled":"default","ast-page-background-meta":{"desktop":{"background-color":"var(--ast-global-color-4)","background-image":"","background-repeat":"repeat","background-position":"center center","background-size":"auto","background-attachment":"scroll","background-type":"","background-media":"","overlay-type":"","overlay-color":"","overlay-opacity":"","overlay-gradient":""},"tablet":{"background-color":"","background-image":"","background-repeat":"repeat","background-position":"center center","background-size":"auto","background-attachment":"scroll","background-type":"","background-media":"","overlay-type":"","overlay-color":"","overlay-opacity":"","overlay-gradient":""},"mobile":{"background-color":"","background-image":"","background-repeat":"repeat","background-position":"center center","background-size":"auto","background-attachment":"scroll","background-type":"","background-media":"","overlay-type":"","overlay-color":"","overlay-opacity":"","overlay-gradient":""}},"ast-content-background-meta":{"desktop":{"background-color":"var(--ast-global-color-5)","background-image":"","background-repeat":"repeat","background-position":"center center","background-size":"auto","background-attachment":"scroll","background-type":"","background-media":"","overlay-type":"","overlay-color":"","overlay-opacity":"","overlay-gradient":""},"tablet":{"background-color":"var(--ast-global-color-5)","background-image":"","background-repeat":"repeat","background-position":"center center","background-size":"auto","background-attachment":"scroll","background-type":"","background-media":"","overlay-type":"","overlay-color":"","overlay-opacity":"","overlay-gradient":""},"mobile":{"background-color":"var(--ast-global-color-5)","background-image":"","background-repeat":"repeat","background-position":"center center","background-size":"auto","background-attachment":"scroll","background-type":"","background-media":"","overlay-type":"","overlay-color":"","overlay-opacity":"","overlay-gradient":""}},"footnotes":""},"categories":[517],"tags":[1471,3125,2229,50,91],"class_list":["post-17325","post","type-post","status-publish","format-standard","hentry","category-aconteceu","tag-demitido","tag-manoel-soares","tag-noticas-do-face","tag-noticias-do-face","tag-rede-globo"],"_links":{"self":[{"href":"https:\/\/noticiasnoface.com.br\/index.php\/wp-json\/wp\/v2\/posts\/17325","targetHints":{"allow":["GET"]}}],"collection":[{"href":"https:\/\/noticiasnoface.com.br\/index.php\/wp-json\/wp\/v2\/posts"}],"about":[{"href":"https:\/\/noticiasnoface.com.br\/index.php\/wp-json\/wp\/v2\/types\/post"}],"author":[{"embeddable":true,"href":"https:\/\/noticiasnoface.com.br\/index.php\/wp-json\/wp\/v2\/users\/1"}],"replies":[{"embeddable":true,"href":"https:\/\/noticiasnoface.com.br\/index.php\/wp-json\/wp\/v2\/comments?post=17325"}],"version-history":[{"count":1,"href":"https:\/\/noticiasnoface.com.br\/index.php\/wp-json\/wp\/v2\/posts\/17325\/revisions"}],"predecessor-version":[{"id":17326,"href":"https:\/\/noticiasnoface.com.br\/index.php\/wp-json\/wp\/v2\/posts\/17325\/revisions\/17326"}],"wp:attachment":[{"href":"https:\/\/noticiasnoface.com.br\/index.php\/wp-json\/wp\/v2\/media?parent=17325"}],"wp:term":[{"taxonomy":"category","embeddable":true,"href":"https:\/\/noticiasnoface.com.br\/index.php\/wp-json\/wp\/v2\/categories?post=17325"},{"taxonomy":"post_tag","embeddable":true,"href":"https:\/\/noticiasnoface.com.br\/index.php\/wp-json\/wp\/v2\/tags?post=17325"}],"curies":[{"name":"wp","href":"https:\/\/api.w.org\/{rel}","templated":true}]}}