{"id":17328,"date":"2023-06-30T22:41:12","date_gmt":"2023-07-01T01:41:12","guid":{"rendered":"https:\/\/noticiasnoface.com.br\/?p=17328"},"modified":"2023-06-30T22:41:13","modified_gmt":"2023-07-01T01:41:13","slug":"vereadores-aprovam-projetos-de-grande-importancia-que-visam-melhorar-as-politicas-publicas-em-parnamirim-2","status":"publish","type":"post","link":"https:\/\/noticiasnoface.com.br\/index.php\/2023\/06\/30\/vereadores-aprovam-projetos-de-grande-importancia-que-visam-melhorar-as-politicas-publicas-em-parnamirim-2\/","title":{"rendered":"Vereadores aprovam projetos de grande import\u00e2ncia que visam melhorar as pol\u00edticas p\u00fablicas em Parnamirim"},"content":{"rendered":"\n<figure class=\"wp-block-image size-large\"><img data-opt-id=468657737  fetchpriority=\"high\" decoding=\"async\" width=\"1024\" height=\"473\" src=\"https:\/\/mlbfrsat7ahr.i.optimole.com\/w:1024\/h:473\/q:mauto\/ig:avif\/https:\/\/noticiasnoface.com.br\/wp-content\/uploads\/2023\/06\/img_7086.jpg\" class=\"wp-image-17327\" srcset=\"https:\/\/mlbfrsat7ahr.i.optimole.com\/w:1024\/h:473\/q:mauto\/ig:avif\/https:\/\/noticiasnoface.com.br\/wp-content\/uploads\/2023\/06\/img_7086.jpg 1024w, https:\/\/mlbfrsat7ahr.i.optimole.com\/w:300\/h:139\/q:mauto\/ig:avif\/https:\/\/noticiasnoface.com.br\/wp-content\/uploads\/2023\/06\/img_7086.jpg 300w, https:\/\/mlbfrsat7ahr.i.optimole.com\/w:768\/h:355\/q:mauto\/ig:avif\/https:\/\/noticiasnoface.com.br\/wp-content\/uploads\/2023\/06\/img_7086.jpg 768w, https:\/\/mlbfrsat7ahr.i.optimole.com\/w:1290\/h:596\/q:mauto\/ig:avif\/https:\/\/noticiasnoface.com.br\/wp-content\/uploads\/2023\/06\/img_7086.jpg 1290w\" sizes=\"(max-width: 1000px) 100vw, 1000px\" \/><figcaption class=\"wp-element-caption\">Nesta quinta-feira (29), no plen\u00e1rio da C\u00e2mara Municipal, os vereadores parnamirinenses estiveram reunidos para a realiza\u00e7\u00e3o de mais uma sess\u00e3o ordin\u00e1ria. Na ocasi\u00e3o, foi debatida uma extensa pauta, com 16 mat\u00e9rias aprovadas, entre projetos de lei, requerimentos, emendas e decretos legislativos. &#8220;Votamos algumas mat\u00e9rias em regime de urg\u00eancia de grande import\u00e2ncia, que visam melhorar a execu\u00e7\u00e3o das pol\u00edticas p\u00fablicas em nosso munic\u00edpio&#8221;, disse o presidente da Casa Legislativa, vereador Wolney Fran\u00e7a.<br>Durante a sess\u00e3o, a vereadora Fativan Alves e os vereadores Gabriel C\u00e9sar e Michael Borges utilizaram a tribuna como oradores para tratar de assuntos de interesse da popula\u00e7\u00e3o, como a Sa\u00fade P\u00fablica e infraestrutura, como a quest\u00e3o das mudan\u00e7as no tr\u00e2nsito no centro da cidade e as adequa\u00e7\u00f5es para os comerciantes.   <br>Dentre os projetos de lei aprovados, destaca-se o que disp\u00f5e sobre a corre\u00e7\u00e3o nos valores do adicional de insalubridade, que beneficia os servidores municipais. Al\u00e9m disso, a sess\u00e3o ordin\u00e1ria tamb\u00e9m aprovou o Projeto de Lei n\u00ba 073\/2023 sobre o remanejamento dos recursos do Finisa e o Projeto de Lei n\u00ba 142\/2023 do Poder Executivo que disp\u00f5e sobre a autoriza\u00e7\u00e3o para abertura de cr\u00e9dito especial.   <br>De autoria do Poder Executivo Municipal, foram aprovados os seguintes projetos de lei e projetos de leis complementares:  <br>Projeto de Lei n\u00ba 073\/2023 &#8211; disp\u00f5e sobre a altera\u00e7\u00e3o do anexo \u00fanico da Lei Ordin\u00e1ria n\u00ba 2.129, de 14 de julho de 2021, e d\u00e1 outras provid\u00eancias. <br>Projeto de Lei n\u00ba 082\/2023 \u2013 autoriza o Executivo Municipal a ceder e firmar contrato de cess\u00e3o de uso de bem im\u00f3vel de dom\u00ednio municipal.<br>Projeto de Lei n\u00ba 142\/2023 \u2013 autoriza a abertura de cr\u00e9dito especial, e d\u00e1 outras provid\u00eancias.<br>Projeto de Lei Complementar n\u00ba 04\/2023 \u2013 disp\u00f5e sobre a altera\u00e7\u00e3o do \u00a71\u00b0, do artigo 3\u00b0, da lei complementar n\u00b0213, de 22 de agosto de 2022, que criou na estrutura organizacional o Grupo de Trabalho de Acompanhamento da Execu\u00e7\u00e3o Or\u00e7ament\u00e1ria \u2013 GTO, e d\u00e1 outras provid\u00eancias. <br>Projeto de Lei Complementar n\u00ba 07\/2023 \u2013 disp\u00f5e sobre a atualiza\u00e7\u00e3o do adicional de insalubridade, previsto na lei complementar n\u00ba198, de 28 de dezembro de 2021, e d\u00e1 outras provid\u00eancias. <br>Tamb\u00e9m foram aprovados os seguintes projetos de lei, projetos de decretos legislativos e projetos de resolu\u00e7\u00f5es:<br>Projeto de Lei n\u00ba 096\/2023, de autoria do vereador Michael Borges, que institui o Dia Municipal de Luta da Pessoa com Defici\u00eancia.<br>Projeto de Lei n\u00ba 095\/2023 \u2013 disp\u00f5e sobre a inclus\u00e3o, no calend\u00e1rio municipal de eventos, do Dia Municipal da Literatura Potiguar, de autoria da vereadora Fativan Alves <br>Projeto de Lei n\u00ba 102\/2023 \u2013 disp\u00f5e sobre a institui\u00e7\u00e3o da Semana de Conscientiza\u00e7\u00e3o da S\u00edndrome de Tourette e cria o Dia Municipal do Portador da S\u00edndrome de Tourette no munic\u00edpio de Parnamirim, de autoria do vereador Marquinho da Climep<br>Projeto de Lei n\u00ba 104\/2023 \u2013 institui e inclui, no calend\u00e1rio oficial de eventos do munic\u00edpio, a Semana Municipal de Conscietiza\u00e7\u00e3o e Divulga\u00e7\u00e3o da L\u00edngua Brasileira de Sinais \u2013 Libras, de autoria da vereadora Fativan Alves <br>Projeto de Lei n\u00ba 110\/2023 \u2013 institui a Semana Municipal de Preven\u00e7\u00e3o e Combate \u00e0 Osteoporose em Parnamirim e d\u00e1 outras provid\u00eancias, de autoria do vereador Dr. C\u00e9sar Maia.<br>Projeto de Decreto Legislativo n\u00ba 08\/2023 \u2013 disp\u00f5e sobre a aprova\u00e7\u00e3o das contas do Poder Executivo, relativas ao exerc\u00edcio de 2015, e d\u00e1 outras provid\u00eancias, de autoria da Mesa Diretora.<br>Projeto de Resolu\u00e7\u00e3o n\u00ba 01\/2023 \u2013 acrescenta um par\u00e1grafo \u00fanico ao art. 2\u00ba da resolu\u00e7\u00e3o n\u00ba09 de 09 de abril de 2015, de autoria do vereador Gabriel C\u00e9sar. <br>De autoria da Comiss\u00e3o Permanente de Constitui\u00e7\u00e3o, Legisla\u00e7\u00e3o e Reda\u00e7\u00e3o Final, em \u00fanica discuss\u00e3o e em \u00fanica vota\u00e7\u00e3o, foram aprovadas as seguintes emendas: <br>Emenda n\u00ba 01\/2023 ao Projeto de Lei Complementar n\u00ba 04\/2023 \u2013 disp\u00f5e sobre a altera\u00e7\u00e3o doa rt. 3\u00ba do projeto de lei complementar n\u00ba04\/2023, e d\u00e1 outras provid\u00eancias, <br>Emenda n\u00ba 01\/2023 ao Projeto de Lei n\u00ba 073\/2023 &#8211; disp\u00f5e sobre a modifica\u00e7\u00e3o do art. 2\u00ba, do projeto de lei n\u00ba 073\/2023, e d\u00e1 outras provid\u00eancias.<br>Emenda n\u00ba 01\/2023 ao Projeto de Lei n\u00ba 082\/2023 \u2013 disp\u00f5e sobre a modifica\u00e7\u00e3o do art. 4\u00ba, do projeto de lei n\u00ba 082\/2023, e d\u00e1 outras provid\u00eancias<br>Emenda n\u00ba 01\/2023 ao Projeto de Lei n\u00ba 142\/2023 \u2013 disp\u00f5e sobre a modifica\u00e7\u00e3o do art. 3\u00ba, do projeto de lei n\u00ba142\/2023, e d\u00e1 outras provid\u00eancias.<br><small class=\"cmp-noticia-content-credit\">Fonte: Cida Ramos &#8211; DRT 00793\/JP Jornalista Ascom &#8211; CMP<\/small> <\/figcaption><\/figure>\n","protected":false},"excerpt":{"rendered":"","protected":false},"author":1,"featured_media":0,"comment_status":"open","ping_status":"open","sticky":false,"template":"","format":"standard","meta":{"site-sidebar-layout":"default","site-content-layout":"","ast-site-content-layout":"default","site-content-style":"default","site-sidebar-style":"default","ast-global-header-display":"","ast-banner-title-visibility":"","ast-main-header-display":"","ast-hfb-above-header-display":"","ast-hfb-below-header-display":"","ast-hfb-mobile-header-display":"","site-post-title":"","ast-breadcrumbs-content":"","ast-featured-img":"","footer-sml-layout":"","ast-disable-related-posts":"","theme-transparent-header-meta":"","adv-header-id-meta":"","stick-header-meta":"","header-above-stick-meta":"","header-main-stick-meta":"","header-below-stick-meta":"","astra-migrate-meta-layouts":"default","ast-page-background-enabled":"default","ast-page-background-meta":{"desktop":{"background-color":"var(--ast-global-color-4)","background-image":"","background-repeat":"repeat","background-position":"center center","background-size":"auto","background-attachment":"scroll","background-type":"","background-media":"","overlay-type":"","overlay-color":"","overlay-opacity":"","overlay-gradient":""},"tablet":{"background-color":"","background-image":"","background-repeat":"repeat","background-position":"center center","background-size":"auto","background-attachment":"scroll","background-type":"","background-media":"","overlay-type":"","overlay-color":"","overlay-opacity":"","overlay-gradient":""},"mobile":{"background-color":"","background-image":"","background-repeat":"repeat","background-position":"center center","background-size":"auto","background-attachment":"scroll","background-type":"","background-media":"","overlay-type":"","overlay-color":"","overlay-opacity":"","overlay-gradient":""}},"ast-content-background-meta":{"desktop":{"background-color":"var(--ast-global-color-5)","background-image":"","background-repeat":"repeat","background-position":"center center","background-size":"auto","background-attachment":"scroll","background-type":"","background-media":"","overlay-type":"","overlay-color":"","overlay-opacity":"","overlay-gradient":""},"tablet":{"background-color":"var(--ast-global-color-5)","background-image":"","background-repeat":"repeat","background-position":"center center","background-size":"auto","background-attachment":"scroll","background-type":"","background-media":"","overlay-type":"","overlay-color":"","overlay-opacity":"","overlay-gradient":""},"mobile":{"background-color":"var(--ast-global-color-5)","background-image":"","background-repeat":"repeat","background-position":"center center","background-size":"auto","background-attachment":"scroll","background-type":"","background-media":"","overlay-type":"","overlay-color":"","overlay-opacity":"","overlay-gradient":""}},"footnotes":""},"categories":[517],"tags":[],"class_list":["post-17328","post","type-post","status-publish","format-standard","hentry","category-aconteceu"],"_links":{"self":[{"href":"https:\/\/noticiasnoface.com.br\/index.php\/wp-json\/wp\/v2\/posts\/17328","targetHints":{"allow":["GET"]}}],"collection":[{"href":"https:\/\/noticiasnoface.com.br\/index.php\/wp-json\/wp\/v2\/posts"}],"about":[{"href":"https:\/\/noticiasnoface.com.br\/index.php\/wp-json\/wp\/v2\/types\/post"}],"author":[{"embeddable":true,"href":"https:\/\/noticiasnoface.com.br\/index.php\/wp-json\/wp\/v2\/users\/1"}],"replies":[{"embeddable":true,"href":"https:\/\/noticiasnoface.com.br\/index.php\/wp-json\/wp\/v2\/comments?post=17328"}],"version-history":[{"count":1,"href":"https:\/\/noticiasnoface.com.br\/index.php\/wp-json\/wp\/v2\/posts\/17328\/revisions"}],"predecessor-version":[{"id":17329,"href":"https:\/\/noticiasnoface.com.br\/index.php\/wp-json\/wp\/v2\/posts\/17328\/revisions\/17329"}],"wp:attachment":[{"href":"https:\/\/noticiasnoface.com.br\/index.php\/wp-json\/wp\/v2\/media?parent=17328"}],"wp:term":[{"taxonomy":"category","embeddable":true,"href":"https:\/\/noticiasnoface.com.br\/index.php\/wp-json\/wp\/v2\/categories?post=17328"},{"taxonomy":"post_tag","embeddable":true,"href":"https:\/\/noticiasnoface.com.br\/index.php\/wp-json\/wp\/v2\/tags?post=17328"}],"curies":[{"name":"wp","href":"https:\/\/api.w.org\/{rel}","templated":true}]}}